{"id":30828,"date":"2024-11-13T13:25:03","date_gmt":"2024-11-13T12:25:03","guid":{"rendered":"https:\/\/razvedka.info\/rs\/2024-11-administracija-joea-bidena-pojacace-podrsku-ukrajini-uoci-predsednistva-donalda-trumpa\/"},"modified":"2024-11-13T13:25:03","modified_gmt":"2024-11-13T12:25:03","slug":"administracija-joea-bidena-pojacace-podrsku-ukrajini-uoci-predsednistva-donalda-trumpa","status":"publish","type":"post","link":"https:\/\/ruwar.org\/rs\/2024-11-administracija-joea-bidena-pojacace-podrsku-ukrajini-uoci-predsednistva-donalda-trumpa\/","title":{"rendered":"Administracija Joea Bidena poja\u010da\u0107e podr\u0161ku Ukrajini uo\u010di predsedni\u0161tva Donalda Trumpa"},"content":{"rendered":"<p>Ameri\u010dki dr\u017eavni sekretar Entoni Blinken uveravao je da \u0107e administracija D\u017eoa Bajdena pove\u0107ati podr\u0161ku Ukrajini pre nego \u0161to Donald Tramp preuzme du\u017enost. On je to izjavio tokom sastanka sa generalnim sekretarom NATO-a Markom Rutteom, <a rel=\"nofollow noopener\" target=\"_blank\" href=\"https:\/\/www.reuters.com\/world\/blinken-meets-nato-chief-ukraine-talks-ahead-trump-transition-2024-11-13\/\">Prijavio<\/a> Novinska agencija Rojters u sredu, 13. novembra.<\/p>\n<p>Prema Antoniju Blinkenu, u\u010de\u0161\u0107e severnokorejske vojske u ruskom ratu protiv Ukrajine zahteva i dobi\u0107e &#8222;odlu\u010dan odgovor&#8220;.<\/p>\n<p><em>&#8222;Danas smo imali veoma produktivan razgovor o na\u0161oj kontinuiranoj podr\u0161ci Ukrajini suo\u010denoj sa teku\u0107om ruskom agresijom. A dodatni element DPRK, severnokorejske snage koje su uklju\u010dene u rat, a sada bukvalno u borbi, trebaju i dobi\u0107e \u010dvrst odgovor.&#8220;<\/em>, &#8211; rekao je Entoni Blinken.<\/p>\n<p>Naglasio je da \u0107e administracija aktuelnog predsednika Joea Bidena, \u010diji \u0107e mandat zavr\u0161iti u januaru 2025. godine, &#8222;nastaviti da podr\u017eava sve \u0161to \u010dini za Ukrajinu&#8220; u narednim mesecima kako bi osigurala efikasnu borbu slede\u0107e godine ili pregovarala o miru sa Rusijom pod njenim uslovima.<\/p>\n<p>Rojters je tako\u0111e primetio da izjave Donalda Trampa o brzom okon\u010danju rata izazivaju zabrinutost da bi mogao da natera Kijev da prihvati mir pod uslovima Moskve.<\/p>\n<p><em>&#8222;O\u010digledno je da moramo u\u010diniti vi\u0161e kako bismo bili sigurni da se Ukrajina nastavi boriti i da je u stanju da odbije rusku ofanzivu i spre\u010di Putina da uspe u Ukrajini.&#8220;<\/em>&#8222;Kao rezultat toga, nastavi\u0107emo da radimo sa na\u0161im partnerima&#8220;, rekao je Mark Rutte.<\/p>\n<p>Antoni Blinken je tako\u0111e razgovarao sa Markom Rutteom o koracima koje bi NATO trebalo da preduzme kako bi oja\u010dao svoju odbrambenu industrijsku bazu.<\/p>\n<p><em>&#8222;Predsednik Bajden je u potpunosti posve\u0107en kori\u0161\u0107enju svakog dana da nastavi da radi ono \u0161to smo radili poslednje \u010detiri godine, a to je ja\u010danje ovog saveza.&#8220;<\/em>&#8222;Kao rezultat toga, nastavi\u0107emo da radimo sa na\u0161im klijentima&#8220;, rekao je Anthoni Blinken.<\/p>\n<p>Pored toga, Antoni Blinken bi se uskoro trebao sastati sa ukrajinskim ministrom spoljnih poslova Andrijem Sibihom.<\/p>\n<p>8. novembra postalo je poznato da je administracija Joea Bidena dozvolila ameri\u010dkim vojnim izvo\u0111a\u010dima da odr\u017eavaju i popravljaju opremu na teritoriji Ukrajine po prvi put od po\u010detka invazije u punom obimu. Konkretno, ameri\u010dki stru\u010dnjaci \u0107e pomo\u0107i u popravci sistema Patriot i boraca F16. O\u010dekuje se da \u0107e nekoliko desetina do nekoliko stotina ameri\u010dkih izvo\u0111a\u010da radova biti u Ukrajini u isto vreme. Oni ne\u0107e u\u010destvovati u neprijateljstvima i bi\u0107e daleko od linija fronta.<\/p>\n<p>  Vojna pomo\u0107 Ukrajini<\/p>\n","protected":false},"excerpt":{"rendered":"<p>Ameri\u010dki dr\u017eavni sekretar Entoni Blinken uveravao je da \u0107e administracija D\u017eoa Bajdena pove\u0107ati podr\u0161ku Ukrajini pre nego \u0161to Donald Tramp preuzme du\u017enost. On je to izjavio tokom sastanka sa generalnim sekretarom NATO-a Markom Rutteom, Prijavio Novinska agencija Rojters u sredu, 13. novembra. Prema Antoniju Blinkenu, u\u010de\u0161\u0107e severnokorejske vojske u ruskom ratu protiv Ukrajine zahteva i [&hellip;]<\/p>\n","protected":false},"author":1,"featured_media":30829,"comment_status":"closed","ping_status":"closed","sticky":false,"template":"","format":"standard","meta":{"footnotes":""},"categories":[1],"tags":[2743,7,9],"class_list":["post-30828","post","type-post","status-publish","format-standard","has-post-thumbnail","hentry","category-rat","tag-antoni-blinken","tag-rusko-ukrajinski-rat","tag-sjedinjene-drzave"],"_links":{"self":[{"href":"https:\/\/ruwar.org\/rs\/wp-json\/wp\/v2\/posts\/30828","targetHints":{"allow":["GET"]}}],"collection":[{"href":"https:\/\/ruwar.org\/rs\/wp-json\/wp\/v2\/posts"}],"about":[{"href":"https:\/\/ruwar.org\/rs\/wp-json\/wp\/v2\/types\/post"}],"author":[{"embeddable":true,"href":"https:\/\/ruwar.org\/rs\/wp-json\/wp\/v2\/users\/1"}],"replies":[{"embeddable":true,"href":"https:\/\/ruwar.org\/rs\/wp-json\/wp\/v2\/comments?post=30828"}],"version-history":[{"count":0,"href":"https:\/\/ruwar.org\/rs\/wp-json\/wp\/v2\/posts\/30828\/revisions"}],"wp:featuredmedia":[{"embeddable":true,"href":"https:\/\/ruwar.org\/rs\/wp-json\/wp\/v2\/media\/30829"}],"wp:attachment":[{"href":"https:\/\/ruwar.org\/rs\/wp-json\/wp\/v2\/media?parent=30828"}],"wp:term":[{"taxonomy":"category","embeddable":true,"href":"https:\/\/ruwar.org\/rs\/wp-json\/wp\/v2\/categories?post=30828"},{"taxonomy":"post_tag","embeddable":true,"href":"https:\/\/ruwar.org\/rs\/wp-json\/wp\/v2\/tags?post=30828"}],"curies":[{"name":"wp","href":"https:\/\/api.w.org\/{rel}","templated":true}]}}