{"id":26194,"date":"2024-06-06T07:30:02","date_gmt":"2024-06-06T05:30:02","guid":{"rendered":"https:\/\/razvedka.info\/rs\/2024-06-ukrajinski-pisac-serhij-zadan-mobilisan-je-u-nacionalnu-gardu\/"},"modified":"2024-06-06T07:30:02","modified_gmt":"2024-06-06T05:30:02","slug":"ukrajinski-pisac-serhij-zadan-mobilisan-je-u-nacionalnu-gardu","status":"publish","type":"post","link":"https:\/\/ruwar.org\/rs\/2024-06-ukrajinski-pisac-serhij-zadan-mobilisan-je-u-nacionalnu-gardu\/","title":{"rendered":"Ukrajinski pisac Serhij Zadan mobilisan je u Nacionalnu gardu"},"content":{"rendered":"<p>Poznati ukrajinski pisac i muzi\u010dar Serhij Zadan mobilisan je u redove 13. brigade Nacionalne garde Ukrajine &#8222;Povelja&#8220;. O ovome on <a rel=\"nofollow noopener\" target=\"_blank\" href=\"https:\/\/www.facebook.com\/100044170792676\/posts\/1038296340986049\/?rdid=1SjoFfCQT4WRJg9B\">Prijavio<\/a> u \u010detvrtak, 6. juna, na Fejsbuku.<\/p>\n<p>Prema re\u010dima pisca, trenutno prolazi obuku, nakon \u010dega \u0107e mo\u0107i da obavlja borbene misije.<\/p>\n<p><em>&#8222;Pridru\u017eio sam se redovima 13. brigade Nacionalne garde Ukrajine &#8222;Povelje&#8220;. Prolazim obuku. Slu\u017eim ukrajinskom narodu,&#8220;<\/em> Serhiy Zhadan je napisao na Fejsbuku.<\/p>\n<p>\u010cetrdesetdevetogodi\u0161nji Serhij Zadan jedan je od najpopularnijih ukrajinskih pisaca, muzi\u010dar, vo\u0111a benda &#8222;Zadan i psi&#8220; i projekta &#8222;Mannerheim Line&#8220;. Od po\u010detka potpune invazije, Serhiy Zhadan aktivno volontira i poma\u017ee vojsci.<\/p>\n<p>Dobitnik je brojnih me\u0111unarodnih nagrada. Posebno, nema\u010dka nagrada Hana Arendt za politi\u010dko razmi\u0161ljanje, \u0161vedska nagrada Kurt Tucholsky, Nagrada za slobodu nema\u010dke Fondacije Frank Schirrmacher, itd. Poljska Gazeta Vajborcza proglasila je Serhiy Zhadan osobom godine 2022. Iste godine, Komitet knji\u017eevnih nauka Poljske akademije nauka nominovao je karkivanog pesnika Serhija Zadana za Nobelovu nagradu za knji\u017eevnost.<\/p>\n<p>Serhij Zadan je u martu 2024. najavio svoju mobilizaciju u etar nacionalnog maratona &#8222;Junajted njuz&#8220;.<\/p>\n","protected":false},"excerpt":{"rendered":"<p>Poznati ukrajinski pisac i muzi\u010dar Serhij Zadan mobilisan je u redove 13. brigade Nacionalne garde Ukrajine &#8222;Povelja&#8220;. O ovome on Prijavio u \u010detvrtak, 6. juna, na Fejsbuku. Prema re\u010dima pisca, trenutno prolazi obuku, nakon \u010dega \u0107e mo\u0107i da obavlja borbene misije. &#8222;Pridru\u017eio sam se redovima 13. brigade Nacionalne garde Ukrajine &#8222;Povelje&#8220;. Prolazim obuku. Slu\u017eim ukrajinskom [&hellip;]<\/p>\n","protected":false},"author":1,"featured_media":26195,"comment_status":"closed","ping_status":"closed","sticky":false,"template":"","format":"standard","meta":{"footnotes":""},"categories":[1],"tags":[3522,273,7,1894],"class_list":["post-26194","post","type-post","status-publish","format-standard","has-post-thumbnail","hentry","category-rat","tag-mobilizacija-u-ukrajini","tag-nacionalna-garda","tag-rusko-ukrajinski-rat","tag-serhiy-zhadan"],"_links":{"self":[{"href":"https:\/\/ruwar.org\/rs\/wp-json\/wp\/v2\/posts\/26194","targetHints":{"allow":["GET"]}}],"collection":[{"href":"https:\/\/ruwar.org\/rs\/wp-json\/wp\/v2\/posts"}],"about":[{"href":"https:\/\/ruwar.org\/rs\/wp-json\/wp\/v2\/types\/post"}],"author":[{"embeddable":true,"href":"https:\/\/ruwar.org\/rs\/wp-json\/wp\/v2\/users\/1"}],"replies":[{"embeddable":true,"href":"https:\/\/ruwar.org\/rs\/wp-json\/wp\/v2\/comments?post=26194"}],"version-history":[{"count":0,"href":"https:\/\/ruwar.org\/rs\/wp-json\/wp\/v2\/posts\/26194\/revisions"}],"wp:featuredmedia":[{"embeddable":true,"href":"https:\/\/ruwar.org\/rs\/wp-json\/wp\/v2\/media\/26195"}],"wp:attachment":[{"href":"https:\/\/ruwar.org\/rs\/wp-json\/wp\/v2\/media?parent=26194"}],"wp:term":[{"taxonomy":"category","embeddable":true,"href":"https:\/\/ruwar.org\/rs\/wp-json\/wp\/v2\/categories?post=26194"},{"taxonomy":"post_tag","embeddable":true,"href":"https:\/\/ruwar.org\/rs\/wp-json\/wp\/v2\/tags?post=26194"}],"curies":[{"name":"wp","href":"https:\/\/api.w.org\/{rel}","templated":true}]}}