{"id":26037,"date":"2024-05-30T16:20:02","date_gmt":"2024-05-30T14:20:02","guid":{"rendered":"https:\/\/razvedka.info\/rs\/2024-05-775-osudjenika-vec-se-pridruzilo-sluzbi-u-oruzanim-snagama-ukrajine\/"},"modified":"2024-05-30T16:20:02","modified_gmt":"2024-05-30T14:20:02","slug":"775-osudjenika-vec-se-pridruzilo-sluzbi-u-oruzanim-snagama-ukrajine","status":"publish","type":"post","link":"https:\/\/ruwar.org\/rs\/2024-05-775-osudjenika-vec-se-pridruzilo-sluzbi-u-oruzanim-snagama-ukrajine\/","title":{"rendered":"775 osu\u0111enika ve\u0107 se pridru\u017eilo slu\u017ebi u Oru\u017eanim snagama Ukrajine"},"content":{"rendered":"<p>Od \u010detvrtka, 30. maja, tu\u017eila\u0161tvo je dozvolilo da 775 osu\u0111enika slu\u017ei u Oru\u017eanim snagama Ukrajine. Generalno gledano, tu\u017eioci su razmatrali ve\u0107inu zahteva da se zatvorenici pridru\u017ee Oru\u017eanim snagama Ukrajine, <a rel=\"nofollow noopener\" target=\"_blank\" href=\"https:\/\/t.me\/pgo_gov_ua\/24105\">Prijavio<\/a> u pres slu\u017ebi Kancelarije glavnog tu\u017eioca.<\/p>\n<p>Kako je saop\u0161teno iz Kancelarije glavnog tu\u017eioca, od 30. maja sudu su podnete 2402 peticije za uslovni otpust lica osu\u0111enih na zatvorsku kaznu za slu\u017ebu u Oru\u017eanim snagama i odbranu Ukrajine. Tu\u017eioci su ve\u0107 razmotrili i odobrili 1843 peticije, od kojih je 775 podneto na izvr\u0161enje \u2013 broj osu\u0111enih lica ve\u0107 je u\u0161ao u slu\u017ebu Oru\u017eanih snaga Ukrajine.<\/p>\n<p><em>&#8222;Ve\u0107ina osu\u0111enika koji izdr\u017eavaju kazne u institucijama u \u017ditomiru, Kirovohradu, Mikolaivu, Rivnu, Karkivu, Khmelnytskyi, Vinnytsia i Dnipropetrovskom regionu izrazili su \u017eelju da brane Domovinu&#8220;<\/em>, \u2013 saop\u0161tila je pres slu\u017eba Kancelarije glavnog tu\u017eioca.<\/p>\n<p>Podse\u0107amo da je 8. maja Verkhovna Rada dozvolila mobilizaciju odre\u0111enih kategorija osu\u0111enika, a predsednik Volodymyr Zelensky ga je potpisao 17. maja.<\/p>\n<p><strong>Ko od osu\u0111enika mo\u017ee biti mobilisan<\/strong><\/p>\n<p>Prema tekstu predloga zakona, osu\u0111ena lica koja ne izdr\u017eavaju kazne za te\u0161ke zlo\u010dine \u2013 ubistva, fatalne nesre\u0107e na putevima, silovanje itd. \u2013 mo\u0107i \u0107e da se mobili\u0161u po ugovoru. Prema re\u010dima ministra pravde Denisa Maliuske, Oru\u017eane snage Ukrajine formira\u0107e odvojene jedinice za osu\u0111enike. Posebno, takve jedinice mogu da obavljaju zadatke za izgradnju odbrambenih struktura itd.<\/p>\n<p>Kasnije je ministar pravde Denis Maliuska objasnio da zakon omogu\u0107ava mobilizaciju osu\u0111enih \u017eena. Istovremeno, prema njegovim re\u010dima, od 29. maja nije bilo takvih slu\u010dajeva zbog malog broja zatvorenih \u017eena.<\/p>\n<p>Osu\u0111enici dobrovoljno mobilisani u redove Oru\u017eanih snaga Ukrajine slu\u017ei\u0107e u juri\u0161nim jedinicama. Prema Maliu\u0161kim re\u010dima, biv\u0161i zatvorenici trenutno ne u\u010destvuju u neprijateljstvima, ali prolaze obuku.<\/p>\n<p>Napominje se da \u0107e oni osu\u0111enici koji su dobrovoljno pristali da brane Ukrajinu biti mobilisani. U \u010dlanku su nam rekli detalje predloga zakona.<\/p>\n<p>  Armed Forces of Ukraine<\/p>\n","protected":false},"excerpt":{"rendered":"<p>Od \u010detvrtka, 30. maja, tu\u017eila\u0161tvo je dozvolilo da 775 osu\u0111enika slu\u017ei u Oru\u017eanim snagama Ukrajine. Generalno gledano, tu\u017eioci su razmatrali ve\u0107inu zahteva da se zatvorenici pridru\u017ee Oru\u017eanim snagama Ukrajine, Prijavio u pres slu\u017ebi Kancelarije glavnog tu\u017eioca. Kako je saop\u0161teno iz Kancelarije glavnog tu\u017eioca, od 30. maja sudu su podnete 2402 peticije za uslovni otpust lica [&hellip;]<\/p>\n","protected":false},"author":1,"featured_media":26038,"comment_status":"closed","ping_status":"closed","sticky":false,"template":"","format":"standard","meta":{"footnotes":""},"categories":[1],"tags":[3509,1610,2909,1611],"class_list":["post-26037","post","type-post","status-publish","format-standard","has-post-thumbnail","hentry","category-rat","tag-mobilization-in-ukraine","tag-news-of-ukraine","tag-office-of-the-prosecutor-general","tag-russian-ukrainian-war"],"_links":{"self":[{"href":"https:\/\/ruwar.org\/rs\/wp-json\/wp\/v2\/posts\/26037","targetHints":{"allow":["GET"]}}],"collection":[{"href":"https:\/\/ruwar.org\/rs\/wp-json\/wp\/v2\/posts"}],"about":[{"href":"https:\/\/ruwar.org\/rs\/wp-json\/wp\/v2\/types\/post"}],"author":[{"embeddable":true,"href":"https:\/\/ruwar.org\/rs\/wp-json\/wp\/v2\/users\/1"}],"replies":[{"embeddable":true,"href":"https:\/\/ruwar.org\/rs\/wp-json\/wp\/v2\/comments?post=26037"}],"version-history":[{"count":0,"href":"https:\/\/ruwar.org\/rs\/wp-json\/wp\/v2\/posts\/26037\/revisions"}],"wp:featuredmedia":[{"embeddable":true,"href":"https:\/\/ruwar.org\/rs\/wp-json\/wp\/v2\/media\/26038"}],"wp:attachment":[{"href":"https:\/\/ruwar.org\/rs\/wp-json\/wp\/v2\/media?parent=26037"}],"wp:term":[{"taxonomy":"category","embeddable":true,"href":"https:\/\/ruwar.org\/rs\/wp-json\/wp\/v2\/categories?post=26037"},{"taxonomy":"post_tag","embeddable":true,"href":"https:\/\/ruwar.org\/rs\/wp-json\/wp\/v2\/tags?post=26037"}],"curies":[{"name":"wp","href":"https:\/\/api.w.org\/{rel}","templated":true}]}}