{"id":25222,"date":"2024-04-30T13:10:02","date_gmt":"2024-04-30T11:10:02","guid":{"rendered":"https:\/\/razvedka.info\/rs\/2024-04-estonija-ne-planira-deportaciju-ukrajinaca-vojnog-doba\/"},"modified":"2024-04-30T13:10:02","modified_gmt":"2024-04-30T11:10:02","slug":"estonija-ne-planira-deportaciju-ukrajinaca-vojnog-doba","status":"publish","type":"post","link":"https:\/\/ruwar.org\/rs\/2024-04-estonija-ne-planira-deportaciju-ukrajinaca-vojnog-doba\/","title":{"rendered":"Estonija ne planira deportaciju Ukrajinaca vojnog doba"},"content":{"rendered":"<p>Ministarstvo unutra\u0161njih poslova Estonije ne planira da deportuje Ukrajince koji legalno ostupe u toj zemlji. To se odnosi i na ljude vojnog uzrasta koji se mogu mobilisati u Ukrajini. Ovo je izjavila savetnica Odeljenja za politiku i dr\u017eavljanstvo Ministarstva unutra\u0161njih poslova Estonije Aneli Viks, <a rel=\"nofollow noopener\" target=\"_blank\" href=\"https:\/\/rus.err.ee\/1609328478\/nahodjawimsja-v-jestonii-pod-vremennoj-zawitoj-6500-ukraincam-18-60-let-mobilizacija-ne-grozit\">Pi\u0459e<\/a> U utorak, 30. aprila, estonski informativni sajt ERR.<\/p>\n<p><em>&#8222;Mobilizacija je pitanje koje se ti\u010de dr\u017eave i njenih gra\u0111ana. Ministarstvo unutra\u0161njih poslova nema plan za prinudnu repatrijaciju ukrajinskih dr\u017eavljana koji legalno \u017eive u Estoniji koji su pobegli zbog rata, uklju\u010duju\u0107i ukrajinske dr\u017eavljane koji pripadaju ciljnoj grupi mogu\u0107e ukrajinske mobilizacije&#8220;<\/em>, &#8211; citira ERR Anneli Wicks.<\/p>\n<p>Od 26. aprila 6.500 Ukrajinaca starosti od 18 do 60 godina dobilo je boravi\u0161nu dozvolu u Estoniji na osnovu privremene za\u0161tite.<\/p>\n<p>Aneli Viks je istakla da \u0107e, ako ukrajinski ljudi vojnog uzrasta ne budu mogli da zamene svoje paso\u0161e kojima je istekao rok va\u017eenja za nove u ukrajinskoj ambasadi, izgubiti priliku da putuju. Me\u0111utim, prema re\u010dima tog zvani\u010dnika, odsustvo ukrajinskog paso\u0161a ne\u0107e uticati na mogu\u0107nost produ\u017eenja boravi\u0161ne dozvole.<\/p>\n<p><em>&#8222;Odsustvo va\u017ee\u0107e putne isprave ne ograni\u010dava mogu\u0107nost podno\u0161enja zahteva ili produ\u017eenja boravi\u0161ne dozvole (uklju\u010duju\u0107i i na osnovu privremene za\u0161tite). Trenutna procedura tako\u0111e omogu\u0107ava identifikaciju ili potvrdu lica na osnovu drugih dokaza. Me\u0111utim, stranac ne mo\u017ee da podnese zahtev za vizu u nedostatku prave putne isprave&#8220;<\/em>&#8211; re\u010de Aneli Weeks.<\/p>\n<p>Kao \u0161to smo ve\u0107 izvestili, \u0161ef Ministarstva spoljnih poslova Ukrajine Dmytro Kuleba izdao je nare\u0111enje prema kojem ukrajinski mu\u0161karci vojnog uzrasta (starosti 18-60 godina) ne mogu da dobiju konzularne usluge u inostranstvu od 23. aprila. Pored toga, od 25. aprila mu\u0161karci starosti od 18 do 60 godina imaju mogu\u0107nost da dobiju dokumenta za paso\u0161e samo na teritoriji Ukrajine, zabranjeno je slanje u inostranstvo.<\/p>\n<p>U vezi sa merama koje je Ukrajina preduzela u vezi sa mu\u0161karcima vojnog uzrasta u inostranstvu, brojne zemlje su dale izjave. Poljski ministar odbrane W\u0142adys\u0142aw Kosiniak-Kamysz posebno je rekao da Poljska razmatra mogu\u0107nost povratka ljudi odgovornih za slu\u017eenje vojnog roka koji ilegalno \u017eive u Poljskoj u Ukrajini. Istovremeno, \u0161ef Ministarstva unutra\u0161njih poslova Poljske Mar\u0107in Kierviski rekao je da \u0107e Poljska nastaviti za\u0161titu za Ukrajince koji nemaju paso\u0161e.<\/p>\n<p>Litvanski predsednik Gitanas Naus\u0117da i premijerka Ingrida \u0160imonyt\u0117 rekli su da bi zemlja trebalo da pomogne Ukrajini da vrati ljude vojnog uzrasta koji \u017eive u inostranstvu.<\/p>\n<p>Nema\u010dka je saop\u0161tila da ta zemlja ne planira da li\u0161i Ukrajince odgovorne za slu\u017eenje vojnog roka za status izbeglice. Privremeno odbijanje Ukrajine da pru\u017ei konzularne usluge mu\u0161karcima ne\u0107e uticati na njihov boravak u Nema\u010dkoj. To je rekao zvani\u010dni predstavnik Ministarstva unutra\u0161njih poslova Nema\u010dke Maksimilijan Kal.<\/p>\n","protected":false},"excerpt":{"rendered":"<p>Ministarstvo unutra\u0161njih poslova Estonije ne planira da deportuje Ukrajince koji legalno ostupe u toj zemlji. To se odnosi i na ljude vojnog uzrasta koji se mogu mobilisati u Ukrajini. Ovo je izjavila savetnica Odeljenja za politiku i dr\u017eavljanstvo Ministarstva unutra\u0161njih poslova Estonije Aneli Viks, Pi\u0459e U utorak, 30. aprila, estonski informativni sajt ERR. &#8222;Mobilizacija je [&hellip;]<\/p>\n","protected":false},"author":1,"featured_media":25223,"comment_status":"closed","ping_status":"closed","sticky":false,"template":"","format":"standard","meta":{"footnotes":""},"categories":[1],"tags":[565,3593,1612],"class_list":["post-25222","post","type-post","status-publish","format-standard","has-post-thumbnail","hentry","category-rat","tag-estonija","tag-mobilizacija-u-ukrajinsko","tag-rusko-ukrajinskom-ratu"],"_links":{"self":[{"href":"https:\/\/ruwar.org\/rs\/wp-json\/wp\/v2\/posts\/25222","targetHints":{"allow":["GET"]}}],"collection":[{"href":"https:\/\/ruwar.org\/rs\/wp-json\/wp\/v2\/posts"}],"about":[{"href":"https:\/\/ruwar.org\/rs\/wp-json\/wp\/v2\/types\/post"}],"author":[{"embeddable":true,"href":"https:\/\/ruwar.org\/rs\/wp-json\/wp\/v2\/users\/1"}],"replies":[{"embeddable":true,"href":"https:\/\/ruwar.org\/rs\/wp-json\/wp\/v2\/comments?post=25222"}],"version-history":[{"count":0,"href":"https:\/\/ruwar.org\/rs\/wp-json\/wp\/v2\/posts\/25222\/revisions"}],"wp:featuredmedia":[{"embeddable":true,"href":"https:\/\/ruwar.org\/rs\/wp-json\/wp\/v2\/media\/25223"}],"wp:attachment":[{"href":"https:\/\/ruwar.org\/rs\/wp-json\/wp\/v2\/media?parent=25222"}],"wp:term":[{"taxonomy":"category","embeddable":true,"href":"https:\/\/ruwar.org\/rs\/wp-json\/wp\/v2\/categories?post=25222"},{"taxonomy":"post_tag","embeddable":true,"href":"https:\/\/ruwar.org\/rs\/wp-json\/wp\/v2\/tags?post=25222"}],"curies":[{"name":"wp","href":"https:\/\/api.w.org\/{rel}","templated":true}]}}