{"id":25055,"date":"2024-04-24T08:35:01","date_gmt":"2024-04-24T06:35:01","guid":{"rendered":"https:\/\/razvedka.info\/rs\/2024-04-rusija-napala-stambene-oblasti-u-karkivu-raketama-s-300-foto\/"},"modified":"2024-04-24T08:35:01","modified_gmt":"2024-04-24T06:35:01","slug":"rusija-napala-stambene-oblasti-u-karkivu-raketama-s-300-foto","status":"publish","type":"post","link":"https:\/\/ruwar.org\/rs\/2024-04-rusija-napala-stambene-oblasti-u-karkivu-raketama-s-300-foto\/","title":{"rendered":"Rusija napala stambene oblasti u Karkivu raketama S-300 (foto)"},"content":{"rendered":"<p>U no\u0107i izme\u0111u srede, 24. aprila, ruski okupatori napali su Karkiva raketama S-300. Dve neprijateljske granate pale su na zemlju u blizini stambenih visoko uzdignutih zgrada, raniv\u0161i \u0161est osoba i osam zgrada, <a rel=\"nofollow noopener\" target=\"_blank\" href=\"https:\/\/t.me\/synegubov\/9188\">Prijavio<\/a> \u0160ef Regionalne vojne uprave Karkiva Oleh Siniehubov.<\/p>\n<p>Prema re\u010dima Oleha Syniehubova, oko 01:00 24. Okupatori su za napad koristili bombe navo\u0111ene S-300.<\/p>\n<p><em>&#8222;S-300 je pao na zemlju, zbog \u010dega je o\u0161te\u0107en glazura i spolja\u0161nje ure\u0111enje tri stambene zgrade, dve poslovne zgrade, tri nerezidencijalne zgrade i glavnina gasa. O\u0161te\u0107eno je ukupno 568 prozora i 33 automobila,&#8220;<\/em> \u2013 rekao je \u0161ef Regionalne vojne uprave.<\/p>\n<p>Oleh Siniehubov je tako\u0111e rekao da je najmanje \u0161est osoba povre\u0111eno od posledica granatiranja. To su tri mu\u0161karca starosti 33, 45 i 53 godine koji su zadobili lak\u0161e povrede, kao i tri \u017eene starosti 25, 45 i 54 godine koje su pretrpele akutnu reakciju na stres.<\/p>\n<p>U pres slu\u017ebi Regionalnog tu\u017eila\u0161tva u Karkivu <a rel=\"nofollow noopener\" target=\"_blank\" href=\"https:\/\/www.facebook.com\/photo?fbid=832858072208911&amp;set=pcb.832858288875556\">razja\u0161njeno<\/a>da su, prema preliminarnim podacima, Rusi napali Karkiva sa teritorije regiona Belgorod. Trenutno se dokumentuju ruski ratni zlo\u010dini.<\/p>\n","protected":false},"excerpt":{"rendered":"<p>U no\u0107i izme\u0111u srede, 24. aprila, ruski okupatori napali su Karkiva raketama S-300. Dve neprijateljske granate pale su na zemlju u blizini stambenih visoko uzdignutih zgrada, raniv\u0161i \u0161est osoba i osam zgrada, Prijavio \u0160ef Regionalne vojne uprave Karkiva Oleh Siniehubov. Prema re\u010dima Oleha Syniehubova, oko 01:00 24. Okupatori su za napad koristili bombe navo\u0111ene S-300. [&hellip;]<\/p>\n","protected":false},"author":1,"featured_media":25056,"comment_status":"closed","ping_status":"closed","sticky":false,"template":"","format":"standard","meta":{"footnotes":""},"categories":[1],"tags":[284,2830,2992,20,7,1777],"class_list":["post-25055","post","type-post","status-publish","format-standard","has-post-thumbnail","hentry","category-rat","tag-eksplozija","tag-karkiv","tag-oleg-syniehubov","tag-ratni-zlocini-rusije","tag-rusko-ukrajinski-rat","tag-vesti-ukrajine"],"_links":{"self":[{"href":"https:\/\/ruwar.org\/rs\/wp-json\/wp\/v2\/posts\/25055","targetHints":{"allow":["GET"]}}],"collection":[{"href":"https:\/\/ruwar.org\/rs\/wp-json\/wp\/v2\/posts"}],"about":[{"href":"https:\/\/ruwar.org\/rs\/wp-json\/wp\/v2\/types\/post"}],"author":[{"embeddable":true,"href":"https:\/\/ruwar.org\/rs\/wp-json\/wp\/v2\/users\/1"}],"replies":[{"embeddable":true,"href":"https:\/\/ruwar.org\/rs\/wp-json\/wp\/v2\/comments?post=25055"}],"version-history":[{"count":0,"href":"https:\/\/ruwar.org\/rs\/wp-json\/wp\/v2\/posts\/25055\/revisions"}],"wp:featuredmedia":[{"embeddable":true,"href":"https:\/\/ruwar.org\/rs\/wp-json\/wp\/v2\/media\/25056"}],"wp:attachment":[{"href":"https:\/\/ruwar.org\/rs\/wp-json\/wp\/v2\/media?parent=25055"}],"wp:term":[{"taxonomy":"category","embeddable":true,"href":"https:\/\/ruwar.org\/rs\/wp-json\/wp\/v2\/categories?post=25055"},{"taxonomy":"post_tag","embeddable":true,"href":"https:\/\/ruwar.org\/rs\/wp-json\/wp\/v2\/tags?post=25055"}],"curies":[{"name":"wp","href":"https:\/\/api.w.org\/{rel}","templated":true}]}}