{"id":24809,"date":"2024-04-15T09:00:02","date_gmt":"2024-04-15T07:00:02","guid":{"rendered":"https:\/\/razvedka.info\/rs\/2024-04-novi-komandant-zapadne-operativne-komande-bio-je-brigadni-general-volodymyr-shvedyuk\/"},"modified":"2024-04-15T09:00:02","modified_gmt":"2024-04-15T07:00:02","slug":"novi-komandant-zapadne-operativne-komande-bio-je-brigadni-general-volodymyr-shvedyuk","status":"publish","type":"post","link":"https:\/\/ruwar.org\/rs\/2024-04-novi-komandant-zapadne-operativne-komande-bio-je-brigadni-general-volodymyr-shvedyuk\/","title":{"rendered":"Novi komandant Zapadne operativne komande bio je brigadni general Volodymyr Shvedyuk"},"content":{"rendered":"<p>Pedesetpetogodi\u0161nji brigadni general Volodymyr Shvediuk, koji je ranije bio zamenik komandanta Teritorijalnih odbrambenih snaga i na\u010delnik Zdru\u017eenih snaga, imenovan je za novog komandanta Operativne komande Zapada.<\/p>\n<p>\u00ab<em>Dragi oficiri, narednici, vojnici! Od danas imam \u010dast da vodim, bez preterivanja, jednu od najmo\u0107nijih vojnih jedinica Oru\u017eanih snaga Ukrajine<\/em>&#8222;, \u2013 ka\u017ee se u <a rel=\"nofollow noopener\" target=\"_blank\" href=\"https:\/\/www.facebook.com\/operationalcommandwest\/posts\/733108369005621\">Poruku<\/a> u ime Volodymyra Shvediuka na stranici Operativne komande &#8222;Zapad&#8220; 15.<\/p>\n<p>\u00ab<em>Nastojim da osiguram da na\u0161a komanda postane model vojne izvrsnosti i takti\u010dke ve\u0161tine. Zajedno \u0107emo oja\u010dati na\u0161e odbrambene sposobnosti i pokazati na\u0161u nepokolebljivu posve\u0107enost odbrani na\u0161e zemlje. Nemamo izbora nego da pobedimo. I mi \u0107emo to u\u010diniti<\/em>&#8222;, pi\u0161e u postu.<\/p>\n<p>Pedeset4-godi\u0161nji brigadni general Volodymyr Shvediuk je iz regiona Vinnytsia. U 2018-2019. godini Volodymyr Shvediuk je bio komandant 59. odvojene motorizovane pe\u0161adijske brigade. Do marta 2022. bio je na poziciji zamenika komandanta Teritorijalnih odbrambenih snaga Oru\u017eanih snaga Ukrajine, nakon \u010dega je bio na\u010delnik General\u0161taba Grupe zdru\u017eenih snaga. Odlikovan je Ordenom Bohdana Khmelnitsky II i III diplome.<\/p>\n<p>Prethodno je komandant Operativne komande Zapada bio Serhij Litvjnov, koji je smenjen po\u010detkom aprila.<\/p>\n","protected":false},"excerpt":{"rendered":"<p>Pedesetpetogodi\u0161nji brigadni general Volodymyr Shvediuk, koji je ranije bio zamenik komandanta Teritorijalnih odbrambenih snaga i na\u010delnik Zdru\u017eenih snaga, imenovan je za novog komandanta Operativne komande Zapada. \u00abDragi oficiri, narednici, vojnici! Od danas imam \u010dast da vodim, bez preterivanja, jednu od najmo\u0107nijih vojnih jedinica Oru\u017eanih snaga Ukrajine&#8222;, \u2013 ka\u017ee se u Poruku u ime Volodymyra Shvediuka [&hellip;]<\/p>\n","protected":false},"author":1,"featured_media":24810,"comment_status":"closed","ping_status":"closed","sticky":false,"template":"","format":"standard","meta":{"footnotes":""},"categories":[1],"tags":[872,27,1667,1669,1668,1281,3539,3540],"class_list":["post-24809","post","type-post","status-publish","format-standard","has-post-thumbnail","hentry","category-rat","tag-kadrovske-promene","tag-oruzane-snage-ukrajine","tag-vesti-ivano-frankivsk","tag-vesti-o-khmelnitsky","tag-vesti-o-rivne","tag-vesti-o-ternopilu","tag-vesti-o-vesti-o-transkarpatiji","tag-vestima-o-cernivtsiju"],"_links":{"self":[{"href":"https:\/\/ruwar.org\/rs\/wp-json\/wp\/v2\/posts\/24809","targetHints":{"allow":["GET"]}}],"collection":[{"href":"https:\/\/ruwar.org\/rs\/wp-json\/wp\/v2\/posts"}],"about":[{"href":"https:\/\/ruwar.org\/rs\/wp-json\/wp\/v2\/types\/post"}],"author":[{"embeddable":true,"href":"https:\/\/ruwar.org\/rs\/wp-json\/wp\/v2\/users\/1"}],"replies":[{"embeddable":true,"href":"https:\/\/ruwar.org\/rs\/wp-json\/wp\/v2\/comments?post=24809"}],"version-history":[{"count":0,"href":"https:\/\/ruwar.org\/rs\/wp-json\/wp\/v2\/posts\/24809\/revisions"}],"wp:featuredmedia":[{"embeddable":true,"href":"https:\/\/ruwar.org\/rs\/wp-json\/wp\/v2\/media\/24810"}],"wp:attachment":[{"href":"https:\/\/ruwar.org\/rs\/wp-json\/wp\/v2\/media?parent=24809"}],"wp:term":[{"taxonomy":"category","embeddable":true,"href":"https:\/\/ruwar.org\/rs\/wp-json\/wp\/v2\/categories?post=24809"},{"taxonomy":"post_tag","embeddable":true,"href":"https:\/\/ruwar.org\/rs\/wp-json\/wp\/v2\/tags?post=24809"}],"curies":[{"name":"wp","href":"https:\/\/api.w.org\/{rel}","templated":true}]}}