{"id":23264,"date":"2024-02-25T18:55:08","date_gmt":"2024-02-25T17:55:08","guid":{"rendered":"https:\/\/razvedka.info\/rs\/2024-02-volodymyr-zelenskyy-odrzao-konferenciju-za-stampu-glavna-stvar\/"},"modified":"2024-02-25T18:55:08","modified_gmt":"2024-02-25T17:55:08","slug":"volodymyr-zelenskyy-odrzao-konferenciju-za-stampu-glavna-stvar","status":"publish","type":"post","link":"https:\/\/ruwar.org\/rs\/2024-02-volodymyr-zelenskyy-odrzao-konferenciju-za-stampu-glavna-stvar\/","title":{"rendered":"Volodymyr Zelenskyy odr\u017eao konferenciju za \u0161tampu: glavna stvar"},"content":{"rendered":"<p>U nedelju, 26. februara, Volodymyr Zelenskyy je odr\u017eao konferenciju za novinare u okviru foruma &#8222;Ukrajina. Godina je 2024.&#8220;. \u0160ef dr\u017eave je govorio o izgledima za naoru\u017eanje Ukrajine, kontraofanzivu Oru\u017eanih snaga Ukrajine 2023. i planovima za 2024. godinu. Prikupili smo va\u045bne ovo i citate.<\/p>\n<p><strong>Izgledi Ukrajine za dobijanje oru\u017eja dugog dometa<\/strong><\/p>\n<p>Volodymyr Zelenskyy je zadovoljan pregovorima sa ukrajinskim partnerima o dalekometom naoru\u017eanju.<\/p>\n<p><em>&#8222;\u0160to se ti\u010de ATACMS-a za 300 km, razumemo \u010demu oni idu, Rusija tako\u0111e razume. Radimo na dalekometni\u0438koj oru\u045bju. Odgovorio bih generalno: pozitivan sam u pogledu nedavne reakcije mojih partnera.&#8220;<\/em>&#8222;Nastavi\u0107emo da radimo sa na\u0161im mu\u0161terijama&#8220;, rekao je Volodymyr Zelenskyy.<\/p>\n<p><strong>Blokada poljsko-ukrajinske granice<\/strong><\/p>\n<p>Prema re\u010dima Volodymyra Zelenskyya, protesti poljskih poljoprivrednika u blizini poljsko-ukrajinske granice <em>&#8222;Politi\u010dka istorija&#8220;.<\/em> \u0160ef dr\u017eave je istakao da ukrajinska vlada pregovara sa poljskom vladom o re\u0161avanju situacije.<\/p>\n<p><em>&#8222;Rekao sam da bilo kakvi izbori u Poljskoj, bilo koji tim ne\u0107e promeniti taj politi\u010dki vektor. Razumem da postoji unutra\u0161nja borba u Poljskoj. Zaista ne \u017eelim da politi\u010dari to urade.&#8220;<\/em>&#8222;Nastavi\u0107emo da radimo sa na\u0161im mu\u0161terijama&#8220;, rekao je Volodymyr Zelenskyy.<\/p>\n<p>Volodymyr Zelenskyy je tako\u0111e rekao da ako pregovori ne pomognu da se postigne razumevanje, onda Ukrajina <em>&#8222;\u0161titi\u0107e svoje poslovanje.&#8220; <\/em><\/p>\n<p>Istovremeno, predsednik je istakao da je za Ukrajinu va\u017eno da odr\u017ei prijateljske odnose sa Poljskom.<\/p>\n<p><strong>Planirana poseta Emanuela Makrona Ukrajini<\/strong><\/p>\n<p>Francuski predsednik Emanuel Makron uskoro treba da doputuje u Ukrajinu. Za sada datum posete francuskog predsednika Ukrajini nije saop\u0161ten iz bezbednosnih razloga. Me\u0111utim, Volodymyr Zelenskyy je saop\u0161tio da bi Ukrajina mogla da dobije nekoliko desetina artiljerijskih sistema od Francuske i partnera.<\/p>\n<p><em>&#8222;Nedavno smo razgovarali sa Emanuelom, na sastanku. Veoma dobar sastanak, bezbednosne garancije su potpisane sa francuske strane. Zadovoljan sam sa tim. Mislim da \u0436e biti nekih detalja oko kojih smo se dogovorili. Ali voleo bih da ga ostave.&#8220;<\/em>&#8211; re\u010de Volodymyr Zelenskyy.<\/p>\n<p><strong>O ukrajinskoj kontraofanzivu u jesen 2023.<\/strong><\/p>\n<p>Volodymyr Zelenskyy je rekao da je Rusija znala za planove Ukrajine za kontraofanzivu u jesen 2023.<\/p>\n<p><em>&#8222;Na\u0161e kontraofanzivne akcije pro\u0161le jeseni bile su na stolu Kremlja i pre po\u010detka kontraofanziva&#8220;<\/em>&#8222;Kao rezultat toga, nastavi\u0107emo da radimo sa predsednikom Ukrajine&#8220;, rekao je predsednik Ukrajine.<\/p>\n<p>Me\u0111utim, \u0161ef dr\u017eave je pru\u017eio uveravanja da Ukrajina ima plan za 2024. godinu, ali njeni detalji ne\u0107e biti saop\u0161teni javnosti. Prema re\u010dima Volodymyra Zelenskyya, \u0161to manje ljudi zna za planove ukrajinske vojske, rezultat \u0107e biti neo\u010dekivaniji za Ruse.<\/p>\n<p><strong>O odlaganju vojne pomo\u0107i<\/strong><\/p>\n<p>Volodymyr Zelenskyy je rekao da \u010detiri brigade Oru\u017eanih snaga Ukrajine jo\u0161 nisu dobile opremu i oru\u017eje. Odlaganje isporuka, prema re\u010dima \u0161efa dr\u017eave, usporilo je ukrajinsku kontraofanzivu 2023. godine.<\/p>\n<p><em>&#8222;Ne\u0107u da ka\u017eem gde i ne\u0107u da ka\u017eem koliko se pripremalo. Do dana dana\u0161njeg, \u010detiri brigade iz tog paketa su gole. \u010detiri brigade bez opreme koja je bila dogovorena. Nismo uspeli.&#8220;<\/em>&#8222;Kao rezultat toga, nastavi\u0107emo da radimo sa predsednikom Ukrajine&#8220;, rekao je predsednik Ukrajine.<\/p>\n<p>Prema predsednikovim re\u010dima, da su ove brigade na vreme dobile oru\u017eje, bile bi na frontu i obavljale borbene misije.<\/p>\n<p><b>Ako Vladimir Putin pozove Volodymyra Zelenskog<\/b><\/p>\n<p>Novinar iz Kanade pitao je Volodymyra Zelenskyyja da li bi se javio na telefon ako bi ga pozvao ruski predsednik Vladimir Putin. Prema re\u010dima predsednika Ukrajine, Putin ga ne\u0107e zvati jer ne \u017eeli da okon\u010da rat protiv Ukrajine. Prema re\u010dima Volodymyra Zelenskyyja, Putin \u0107e mo\u017eda \u017eeleti da zaustavi neprijateljstva u slu\u010daju sna\u017enog ekonomskog pritiska.<\/p>\n<p><em>&#8222;Slabljenje njihove vojske na bojnom polju, slabljenje njihove politi\u010dke izolacije u svetu, njihovo slabljenje sankcijama \u2013 sve je u tome da Putin bude siroma\u0161an. Za njega se sve vrti oko novca. I osigurava sigurnost tog novca. Ako ta sredstva budu zamrznuta i preba\u010dena u Ukrajinu, to \u0107e ga u velikoj meri oslabiti, s obzirom da nije u stanju da za\u0161titi svoje poslovanje. Onda \u0436e pozvati sve, ne samo mene. I tra\u017ei\u0107e na\u010dine da zaustavi ovaj rat.&#8220;<\/em>&#8211; re\u010de Volodymyr Zelenskyy.<\/p>\n<p><strong>O pro\u0161irenju koridora \u017eita u Crnom moru<\/strong><\/p>\n<p>Ukrajina razmatra mogu\u0107nost pro\u0161irenja granica \u017eitarica, posebno otvaranjem plovidbe u Mikolaivu. Prema re\u010dima Volodimajra Zelenskog, Turska mo\u017ee da pomogne Ukrajini u tome.<\/p>\n<p>\u00ab<em>Predsednik Erdoan, svojim posredovanjem, mo\u017ee da nam pomogne oko Mikolaiva. Razgovarali smo da otkrijemo more. Region Mikolaiv je tako\u0111e veoma va\u017ean za nas. Spremni smo za takav razgovor. I iskreno, mislimo da bi ovo moglo biti pitanje na prvoj inauguraciji.(a) U meri u kojoj je to dozvoljeno odredbama ove Konvencije, generalni sekretar Ujedinjenih nacija \u0107e<\/em>&#8222;, rekao je Volodymyr Zelenskyy.<\/p>\n<p><strong>2024. je prekretnica u punom ratu za Ukrajinu<\/strong><\/p>\n<p>Prema re\u010dima Volodymyra Zelenskyya, tre\u0107a godina rata punih razmera je prekretnica. Format kraja rata zavisi\u0107e od toga. On je istakao da je 2022. godine Ukrajina poku\u0161ala da pre\u017eivi, a 2023. \u2013 da pre\u017eivi.<\/p>\n<p><em>&#8222;Ovo je izborna godina, odstukne, sve odjednom. Izazovi spolja, iznutra, itd. Neko je umoran, neko pri\u010da o tome, neko \u0107uti o tome. A ovo je takva prekretnica. I zato nam je potrebna hrabrost i elasti\u010dnost u kriti\u010dnoj godini. Da bi pre\u017eiveo. Mislim da \u0107e format kraja rata zavisiti od ove godine. Mislim da jeste. Mo\u017eda gre\u0161im.&#8220;<\/em>&#8222;Nastavi\u0107emo da radimo sa na\u0161im mu\u0161terijama&#8220;, rekao je Volodymyr Zelenskyy.<\/p>\n<div class=\"media_embed \">\n<div class=\"responsive-embed\">\n<div class=\"jeg_video_container jeg_video_content\"><iframe loading=\"lazy\" title=\"\u041f\u0440\u0435\u0441\u043a\u043e\u043d\u0444\u0435\u0440\u0435\u043d\u0446\u0456\u044f \u041f\u0440\u0435\u0437\u0438\u0434\u0435\u043d\u0442\u0430 \u0423\u043a\u0440\u0430\u0457\u043d\u0438 \u0412\u043e\u043b\u043e\u0434\u0438\u043c\u0438\u0440\u0430 \u0417\u0435\u043b\u0435\u043d\u0441\u044c\u043a\u043e\u0433\u043e\" width=\"500\" height=\"281\" src=\"https:\/\/www.youtube.com\/embed\/xGR2k_8nkVY?feature=oembed\" frameborder=\"0\" allow=\"accelerometer; autoplay; clipboard-write; encrypted-media; gyroscope; picture-in-picture; web-share\" referrerpolicy=\"strict-origin-when-cross-origin\" allowfullscreen><\/iframe><\/div>\n<\/div>\n<\/div>\n","protected":false},"excerpt":{"rendered":"<p>U nedelju, 26. februara, Volodymyr Zelenskyy je odr\u017eao konferenciju za novinare u okviru foruma &#8222;Ukrajina. Godina je 2024.&#8220;. \u0160ef dr\u017eave je govorio o izgledima za naoru\u017eanje Ukrajine, kontraofanzivu Oru\u017eanih snaga Ukrajine 2023. i planovima za 2024. godinu. Prikupili smo va\u045bne ovo i citate. Izgledi Ukrajine za dobijanje oru\u017eja dugog dometa Volodymyr Zelenskyy je zadovoljan pregovorima [&hellip;]<\/p>\n","protected":false},"author":1,"featured_media":23265,"comment_status":"closed","ping_status":"closed","sticky":false,"template":"","format":"standard","meta":{"footnotes":""},"categories":[1],"tags":[3258,7,1683,2382],"class_list":["post-23264","post","type-post","status-publish","format-standard","has-post-thumbnail","hentry","category-rat","tag-media","tag-rusko-ukrajinski-rat","tag-top-news","tag-volodymyr-zelensky"],"_links":{"self":[{"href":"https:\/\/ruwar.org\/rs\/wp-json\/wp\/v2\/posts\/23264","targetHints":{"allow":["GET"]}}],"collection":[{"href":"https:\/\/ruwar.org\/rs\/wp-json\/wp\/v2\/posts"}],"about":[{"href":"https:\/\/ruwar.org\/rs\/wp-json\/wp\/v2\/types\/post"}],"author":[{"embeddable":true,"href":"https:\/\/ruwar.org\/rs\/wp-json\/wp\/v2\/users\/1"}],"replies":[{"embeddable":true,"href":"https:\/\/ruwar.org\/rs\/wp-json\/wp\/v2\/comments?post=23264"}],"version-history":[{"count":0,"href":"https:\/\/ruwar.org\/rs\/wp-json\/wp\/v2\/posts\/23264\/revisions"}],"wp:featuredmedia":[{"embeddable":true,"href":"https:\/\/ruwar.org\/rs\/wp-json\/wp\/v2\/media\/23265"}],"wp:attachment":[{"href":"https:\/\/ruwar.org\/rs\/wp-json\/wp\/v2\/media?parent=23264"}],"wp:term":[{"taxonomy":"category","embeddable":true,"href":"https:\/\/ruwar.org\/rs\/wp-json\/wp\/v2\/categories?post=23264"},{"taxonomy":"post_tag","embeddable":true,"href":"https:\/\/ruwar.org\/rs\/wp-json\/wp\/v2\/tags?post=23264"}],"curies":[{"name":"wp","href":"https:\/\/api.w.org\/{rel}","templated":true}]}}