{"id":22908,"date":"2024-02-14T19:00:08","date_gmt":"2024-02-14T18:00:08","guid":{"rendered":"https:\/\/razvedka.info\/rs\/2024-02-neprijatelj-nije-u-kijevu\/"},"modified":"2024-02-14T19:00:08","modified_gmt":"2024-02-14T18:00:08","slug":"neprijatelj-nije-u-kijevu","status":"publish","type":"post","link":"https:\/\/ruwar.org\/rs\/2024-02-neprijatelj-nije-u-kijevu\/","title":{"rendered":"Neprijatelj nije u Kijevu"},"content":{"rendered":"<p style=\"margin-bottom:13px\"><span style=\"font-size:11pt\"><span style=\"line-height:115%\"><span sans-serif style=\"font-family:Calibri,\">U svakom poslu, glavna stvar je da se ne prelaze granice zdravog razuma, posebno u politici. Samo \u0161to je poslednjih dana bilo previ\u0161e primera emocija, predrasuda ili \u010dak proste gluposti koja je preuzela vlast. Ili u beskrajnim debatama ameri\u010dkih zakonodavaca, koji prete ne samo finansijskoj pomo\u0107i Ukrajini, Tajvanu i Izraelu, ve\u0107 i celokupnom uspostavljenom (i prili\u010dno \u010dudesno i dalje dr\u017ee\u0107i se svog mo\u0107nog) me\u0111unarodnog pravnog poretka, koji Rusija, Iran, Kina i njihovi sateliti \u017eele da uni\u0161te. Ili bacanje \u017eita na autobahn od strane poljskih farmera koji protestuju. Ili u diskusiji o smeni vrhovnog komandanta Oru\u017eanih snaga Ukrajine Valerija Zalu\u017enja sa naknadnim imenovanjem Oleksandr syrskyi na ovu poziciju.<\/span><\/span><\/span><\/p>\n<p style=\"margin-bottom:13px\"><span style=\"font-size:11pt\"><span style=\"line-height:115%\"><span sans-serif style=\"font-family:Calibri,\">Mnogo toga je ve\u0107 napisano o problemati\u010dnoj prirodi Zalu\u017enjiijeve ostavke. Osoba koja, u o\u010dima mnogih, personifikuje sve uspehe koje su oru\u017eane snage Ukrajine postigle tokom odbojnog ruskog agresije punih razmera, smenjena je posle kampanje koju je protiv njega organizovala Kancelarija predsednika (ne pretvarajmo se da verujemo u nezavisnost delovanja Crvene garde Bezuhle). Poslali su ga bez jasnih argumenata i obja\u0161njenja. \u010cak i da postoje racionalni razlozi za ovu rekonstrukciju, vlasti su utvrdile da javnost nije sposobna da zna za njih. Po ko po ko\u0459ta\u0438i vreme.<\/span><\/span><\/span><\/p>\n<p style=\"margin-bottom:13px\"><span style=\"font-size:11pt\"><span style=\"line-height:115%\"><span sans-serif style=\"font-family:Calibri,\">Stoga je sasvim razumljivo da postoji nedostatak razumevanja ili \u010dak ogor\u010denje zbog onoga \u0161to se dogodilo. Dru\u0161tvo, bilo da se radi o politi\u010dkoj opoziciji ili nekom drugom, ima pravo na adekvatnu komunikaciju predsednika koga bira ova zajednica. A ne situaciju kada Volodymyr Zelensky vi\u0161e govori italijanskim novinarima o svojim kadrovskim odlukama nego Ukrajincima. S obzirom na simboliku Zalu\u017enjija, njegovo uklanjanje sa funkcije je standardni pucanj u stopalo od predsednika i njegove pratnje. A njegov rejting (a izgleda da pre svega brinu Zelenskog) ne\u0107e postati ve\u0107i zbog toga.<\/span><\/span><\/span><\/p>\n<p style=\"margin-bottom:13px\"><span style=\"font-size:11pt\"><span style=\"line-height:115%\"><span sans-serif style=\"font-family:Calibri,\">Ali talas ogor\u010denosti podignut promenom vrhovnog komandanta jasno mo\u017ee da prelije obale i, kako je Martin Luter napisao, sam isprska dete iz kade zajedno sa prljavom vodom. Ovo dete smo svi mi. Ovo je ukrajinska dr\u017eava, ukrajinska nacija, ukrajinstvo kao takvo. Ako se previ\u0161e preda\u0161 emocijama, mo\u017ee\u0161 sve da izgubi\u0161. Iako se istorija nikada ne ponavlja dva puta u potpuno istom obliku, postoji mno\u0161tvo primera \u0161ta se de\u0161ava kada unutra\u0161nje prepirke dominiraju nad zajedni\u010dkim vrednostima, \u010dak i u ukrajinskoj pro\u0161losti.<\/span><\/span><\/span><\/p>\n<p style=\"margin-bottom:13px\"><span style=\"font-size:11pt\"><span style=\"line-height:115%\"><span sans-serif style=\"font-family:Calibri,\">Podela na dva fanati\u010dna tabora \u2013 pristalice Zelenskog i Poro\u0161enka \u2013 odavno je postala, na\u017ealost, na\u0161a svakodnevica. Ne govorimo o svim simpatizerima ovih politi\u010dara, ve\u0107 o velikom delu njih. U trenutnoj situaciji, re\u010di i, u nekim slu\u010dajevima, postupci onih za koje je Volodymyr Zelensky kao predsednik su kao kost u grlu alarmantni. A oni koji su izgleda spremni da postupaju po principu (parafraziraju\u0107i tragi\u010dne klasike) &#8222;Ako ne\u0107e biti Ukrajine bez Zelenskog, onda neka ne bude Ukrajine&#8220;.<\/span><\/span><\/span><\/p>\n<p style=\"margin-bottom:13px\"><span style=\"font-size:11pt\"><span style=\"line-height:115%\"><span sans-serif style=\"font-family:Calibri,\">Zelenski kao predsednik je izuzetno kontroverzna li\u010dnost. S jedne strane, njegove aktivnosti na ovoj poziciji pre po\u010detka invazije punih razmera bile su destruktivne: nemirni populizam, propala kadrovska politika (uz nekoliko izuzetaka kao \u0161to je Zalu\u017enji), poku\u0161aj da se koncentri\u0161e \u0161to ve\u0107a mo\u0107 u njegovim rukama, i namerno nepo\u0161tovanje ruske pretnje uprkos upozorenjima njegovih saveznika. S druge strane, njegovi javni govori svetskim parlamentima i dru\u0161tvima u kriti\u010dnom trenutku posle 24. februara 2022. godine, odigrali su ogromnu ulogu u podr\u0161ci zapadnih zemalja Ukrajini. I materijalno i moralno. S druge strane, prethodne zasluge ne negiraju \u010dinjenicu da se sa svakim mesecom rata predsednik i njegovi &#8222;menad\u017eeri od poverenja&#8220; sve vi\u0161e bave onim \u0161to sumnjivo li\u010di na uzurpaciju vlasti. Posebno zbog monopola na informisanje, nivelisanja uloge parlamenta, ograni\u010denja opozicije itd.<\/span><\/span><\/span><\/p>\n<p style=\"margin-bottom:13px\"><span style=\"font-size:11pt\"><span style=\"line-height:115%\"><span sans-serif style=\"font-family:Calibri,\">Sve to ide ruku pod ruku sa u\u017easnom komunikacijom sa dru\u0161tvom. Izgleda da se vlasti jednostavno pla\u0161e da otvoreno razgovaraju sa ljudima o bilo kojoj ozbiljnoj temi. Ovde, pored ve\u0107 opisanog primera Zalu\u017enjijevog otpu\u0161tanja, tu su i zloglasni &#8222;ro\u0161tilji za maj&#8220; umesto pripreme za odbranu (jednog dana ovo bi moglo da postane predmet krivi\u010dnog slu\u010daja), i nedostatak adekvatnih obja\u0161njenja o mobilizaciji (koju uspe\u0161no koriste ruski agenti a la Ostap Stakhiv i co \u2013 dokazano kosmatskim primerom), i jo\u0161 mnogo toga Zato nemojmo se \u010duditi \u0161to poverenje u vlasti opada i ljudi su spremni da poveruju u bilo kakve anonimne Telegram kanale ili Viber \u010detove, gde govore kako \u0107e predstavnici TCC sada organizovati raciju i poslati sve odmah na \u010delo zbog &#8222;napada na meso&#8220;.<\/span><\/span><\/span><\/p>\n<p style=\"margin-bottom:13px\"><span style=\"font-size:11pt\"><span style=\"line-height:115%\"><span sans-serif style=\"font-family:Calibri,\">Ali postoji jedan klju\u0438 &#8222;ali&#8220;. Sve navedeno nije razlog da svojim rukama delegitimizujemo na\u0161u dr\u017eavu i njene institucije. Nekome se mo\u017eda ne\u0107e svideti sada\u0161nji predsednik, i to je u redu. Nije normalno pretvarati se da je na vlast do\u0161ao isklju\u010divo kao rezultat nekih kriminalnih manipulacija 2019. godine. Volodymyr Zelensky je tada osvojio apsolutnu ve\u0107inu glasova oni Ukrajinci koji su ostvarili svoje ustavno pravo da daju svoj glas. Na bolje? Verovatno. Zahvaljuju\u0436i populizmu? Nesumnjivo (kao i njegovi prethodnici, mada ne u ovom obimu). Legitimno? Jedinstveno. Stoga sada nemamo drugog predsednika i ne\u0107emo ga imati do kraja rata.<\/span><\/span><\/span><\/p>\n<p style=\"margin-bottom:13px\"><span style=\"font-size:11pt\"><span style=\"line-height:115%\"><span sans-serif style=\"font-family:Calibri,\">Ovo je va\u017eno poja\u0161njenje, jer se posle smene Zalu\u017eja glasa da mandat aktuelnog predsednika isti\u010de 20. maja 2024. godine, o\u0161tro intenziviran. \u0160ta uraditi povodom toga \u2013 mi\u0161ljenja su podeljena. Neko vodi kampanju za odr\u017eavanje izbora (kao da ga u takvim uslovima ne osvaja Zelenski), neko za \u010disto parlamentarni model vlasti (ni\u0161ta manje &#8222;genijalna&#8220; ideja, s obzirom na aktuelni &#8222;\u0161irak&#8220; &#8222;sluge naroda&#8220; sa biv\u0161im OPFL-om i predsednikom Parlamenta Stefan\u010dukom, koji se etablirao kao savesni izvr\u0161ilac volje Kabineta predsednika).<\/span><\/span><\/span><\/p>\n<p style=\"margin-bottom:13px\"><span style=\"font-size:11pt\"><span style=\"line-height:115%\"><span sans-serif style=\"font-family:Calibri,\">Na inicijativu prili\u010dno popularnog fejsbuk blogera Karla Voloka (poznatog po svojoj &#8222;objektivnosti&#8220;), \u010dak je i mali skup odr\u017ean na Trgu nezavisnosti pod sloganom da bi jo\u0161 malo \u2013 i zara\u0107ena zemlja trebalo da se na\u0111e bez legitimnog lidera i vrhovnog vrhovnog komandanta. I da posle 20. Pravnim specifi\u010dnostima ovog pitanja treba da se bavi Ustavni sud \u2013 i niko drugi. Ukoliko \u2013 da hodamo ovako \u2013 ne\u0107emo dovoditi u pitanje njen legitimitet. I svaka institucija koja ne radi ono \u0161to neko \u017eeli. Nemamo drugih institucija, kao ni drugog dru\u0161tva koje stvara te institucije i bira predsednika. A ako se zanesete politi\u010dkim sekta\u0161tvu (nije bitno u ime koje sekte, jer imamo vi\u0161e sekti), onda ne\u0107e biti ni\u010dega uop\u0161te.<\/span><\/span><\/span><\/p>\n<p style=\"margin-bottom:13px\"><span style=\"font-size:11pt\"><span style=\"line-height:115%\"><span sans-serif style=\"font-family:Calibri,\">Jo\u0161 gluplja ideja je neselektivna kritika novog vrhovnog komandanta Oru\u017eanih snaga Ukrajine Oleksandr syrskyi. \u010cim je preuzeo funkciju, urlici i jauci su se pro\u0161irili mre\u017eom o njegovom ro\u0111enju u Rusiji, da njegovi roditelji \u017eive tamo i vole Putina, da je dobio specijalizovano obrazovanje u Moskovskoj vi\u0161oj vojnoj \u0161koli. Jednom re\u010dju, globalnom izdajom, Zelenski je postavio Rusa i \u017eeli da (ponovo) &#8222;isu\u0161i&#8220; Ukrajinu.<\/span><\/span><\/span><\/p>\n<p style=\"margin-bottom:13px\"><span style=\"font-size:11pt\"><span style=\"line-height:115%\"><span sans-serif style=\"font-family:Calibri,\">Zdrav um, neuklonjen simpatijama ili antipatijama, treba da sugeri\u0161e da \u0107e biti mogu\u0107e proceniti Syrsky-jev postupak samo kada bude u stanju da se doka\u017ee na novoj poziciji. Tek tada mo\u017ee da postoji ne\u0161to zbog \u010dega bi ga kritikovali, kako i zbog \u010dega da ga hvalimo. Sli\u010dno tome, mesto ro\u0111enja nije uvek odlu\u010duju\u0107i faktor za \u017eivotni put osobe, kao i mesto obrazovanja. Uzgred, na teritoriji Rusije, ne samo da je Syrsky dobio vojno obrazovanje, ve\u0107 je, na primer, general Mihail Zabrodski. Samo \u0161to on nije izra\u017een odgovaraju\u0107im optu\u017ebama. Osobi treba suditi za svoje postupke. Ina\u010de, na\u0161 iskusni general Syrsky je &#8222;pogre\u0161an&#8220; Ukrajinac, a porodica Hrynkevych ili Dubnevych obu\u010dena u izvezene ko\u0161ulje je gotovo referenca.<\/span><\/span><\/span><\/p>\n<p style=\"margin-bottom:13px\"><span style=\"font-size:11pt\"><span style=\"line-height:115%\"><span sans-serif style=\"font-family:Calibri,\">U ovom trenutku, sve ovo li\u010di na histeriju koja bi zadesila svakog Zalu\u017enja, jer &#8222;ovo nije Zalu\u017enji!&#8220; Iako su posebno veli\u010dali korisnici dru\u0161tvenih mre\u017ea ve\u0107 kritikovali Valerija Fedorovi\u010da, jer kako se usu\u0111uje da se rukuje sa prokletim &#8222;bonevtik&#8220; Zelenskim. Jednom re\u010dju, komandant koji bi udovoljio svima jo\u0161 nije ro\u0111en. U stvari, ne mora.<\/span><\/span><\/span><\/p>\n<p style=\"margin-bottom:13px\"><span style=\"font-size:11pt\"><span style=\"line-height:115%\"><span sans-serif style=\"font-family:Calibri,\">Sva ova histerija parali\u0161e kriti\u010dko razmi\u0161ljanje. Syrskyi nije \u0440avski jer ga je postavio Zelenski. I onda argumenti ne funkcioni\u0161u. I u redu je \u0161to je bio na visokim pozicijama za vreme kadeta Petro Poro\u0161enka (bi\u0107e izgovora za Zelenskijev klub obo\u017eavalaca ako ne\u0161to krene po zlu), da je komandovao brojnim uspe\u0161nim operacijama u aktuelnom ratu, posebno kontraofanzivu u regionu Karkiva u jesen 2022. i \u0161ire.<\/span><\/span><\/span><\/p>\n<p style=\"margin-bottom:13px\"><span style=\"font-size:11pt\"><span style=\"line-height:115%\"><span sans-serif style=\"font-family:Calibri,\">\u0160ta mo\u017eemo da ka\u017eemo o situacijama koje nisu crno-bele, kao u slu\u010daju novopostavljenog komandanta Snaga teritorijalne odbrane <a rel=\"nofollow noopener\" target=\"_blank\" href=\"https:\/\/www.pravda.com.ua\/articles\/2024\/02\/12\/7441412\/\" style=\"color:blue; text-decoration:underline\">Igor Plakhuta<\/a>. On je bio taj koji je izazvao najnasilnije ogor\u010denje (posle Syrskyia, naravno), jer je tokom Revolucije dostojanstva bio \u0161ef odeljenja Ju\u017ene teritorijalne komande unutra\u0161njih trupa Ministarstva unutra\u0161njih poslova. Neki o\u010devici tih doga\u0111aja tvrde da je obe\u0107ao demonstrantima da unutra\u0161nje trupe ne\u0107e uleti u Maidan \u2013 ali jesu. Drugi ka\u017eu da je on bio jedan od retkih komandanata koji je stupio u kontakt sa demonstrantima i poku\u0161ao da povu\u010de svoje podre\u0111ene jedinice. Isto je i sa svedo\u010denjima iz vremena rusko-ukrajinskog rata: neki govore pozitivno o njemu, drugi \u2013 o\u0161tro negativni. Tako da je jasno da ni\u0459ta nije jasno. I samo \u0107e budu\u0107nost, kao u slu\u010daju generala Syrskyia, pru\u017eiti osnove za rezonovanu diskusiju.<\/span><\/span><\/span><\/p>\n<p style=\"margin-bottom:13px\"><span style=\"font-size:11pt\"><span style=\"line-height:115%\"><span sans-serif style=\"font-family:Calibri,\">Posmatraju\u0107i sve ove doga\u0111aje i diskusije, mo\u017ee se do\u0107i do nesre\u0107nog zaklju\u010dka. Neki Ukrajinci su toliko uronjeni u sopstveni politi\u010dki mehur da za njih, \u010dini se, glavni neprijatelj sedi u Kijevu u ulici Bankova, a ne u moskovskom Kremlju. Ovo je apsurdno i opasno. Ne samo za Zelenskog, jer definitivno nije nezamenljiv, ve\u0107 i za sve Ukrajince. Ve\u0107 smo pro\u0161li kroz &#8222;crne savete&#8220; i ataman\u0161inu. Forme su se promenile, ali se fatalni rezultat za Ukrajinu i Ukrajince nije promenio. Mogu\u0107e je i neophodno kritikovati predsednika kada postoje razlozi za to. Me\u0111utim, ne sme se dozvoliti da ova kritika prevazi\u0111e zdrav razum i ugrozi legitimitet dr\u017eavnih institucija i same dr\u017eave. Zato je vreme da potisnemo strasti i okrenemo se razumu.<\/span><\/span><\/span><\/p>\n","protected":false},"excerpt":{"rendered":"<p>U svakom poslu, glavna stvar je da se ne prelaze granice zdravog razuma, posebno u politici. Samo \u0161to je poslednjih dana bilo previ\u0161e primera emocija, predrasuda ili \u010dak proste gluposti koja je preuzela vlast. Ili u beskrajnim debatama ameri\u010dkih zakonodavaca, koji prete ne samo finansijskoj pomo\u0107i Ukrajini, Tajvanu i Izraelu, ve\u0107 i celokupnom uspostavljenom (i [&hellip;]<\/p>\n","protected":false},"author":1,"featured_media":22909,"comment_status":"closed","ping_status":"closed","sticky":false,"template":"","format":"standard","meta":{"footnotes":""},"categories":[1],"tags":[1608,86,3019,8,2703,7,159,60],"class_list":["post-22908","post","type-post","status-publish","format-standard","has-post-thumbnail","hentry","category-rat","tag-glavne-vesti","tag-propaganda","tag-roman-lekhnyuk","tag-rusija","tag-ruski-ratni-zlocini","tag-rusko-ukrajinski-rat","tag-sankcije-rusiji","tag-vojna-pomoc-ukrajini"],"_links":{"self":[{"href":"https:\/\/ruwar.org\/rs\/wp-json\/wp\/v2\/posts\/22908","targetHints":{"allow":["GET"]}}],"collection":[{"href":"https:\/\/ruwar.org\/rs\/wp-json\/wp\/v2\/posts"}],"about":[{"href":"https:\/\/ruwar.org\/rs\/wp-json\/wp\/v2\/types\/post"}],"author":[{"embeddable":true,"href":"https:\/\/ruwar.org\/rs\/wp-json\/wp\/v2\/users\/1"}],"replies":[{"embeddable":true,"href":"https:\/\/ruwar.org\/rs\/wp-json\/wp\/v2\/comments?post=22908"}],"version-history":[{"count":0,"href":"https:\/\/ruwar.org\/rs\/wp-json\/wp\/v2\/posts\/22908\/revisions"}],"wp:featuredmedia":[{"embeddable":true,"href":"https:\/\/ruwar.org\/rs\/wp-json\/wp\/v2\/media\/22909"}],"wp:attachment":[{"href":"https:\/\/ruwar.org\/rs\/wp-json\/wp\/v2\/media?parent=22908"}],"wp:term":[{"taxonomy":"category","embeddable":true,"href":"https:\/\/ruwar.org\/rs\/wp-json\/wp\/v2\/categories?post=22908"},{"taxonomy":"post_tag","embeddable":true,"href":"https:\/\/ruwar.org\/rs\/wp-json\/wp\/v2\/tags?post=22908"}],"curies":[{"name":"wp","href":"https:\/\/api.w.org\/{rel}","templated":true}]}}