{"id":22738,"date":"2024-02-08T19:00:08","date_gmt":"2024-02-08T18:00:08","guid":{"rendered":"https:\/\/razvedka.info\/rs\/2024-02-zaluznjin-politicki-potencijal\/"},"modified":"2024-02-08T19:00:08","modified_gmt":"2024-02-08T18:00:08","slug":"zaluznjin-politicki-potencijal","status":"publish","type":"post","link":"https:\/\/ruwar.org\/rs\/2024-02-zaluznjin-politicki-potencijal\/","title":{"rendered":"Zalu\u017enjin politi\u010dki potencijal"},"content":{"rendered":"<p align=\"left\" style=\"text-align:left\">Ideja o odlasku u politiku vrhovnog komandanta Oru\u017eanih snaga Ukrajine Valerija Zalu\u017enija aktivno kru\u017ei u dru\u0161tvu najmanje nekoliko meseci. Zalu\u017enji se stavlja u istra\u017eivanja javnog mnjenja i meri se njegov potencijalni rejting kao predsedni\u010dkog kandidata i lidera hipoteti\u010dke politi\u010dke stranke. Visok nivo podr\u0161ke generalu samo poja\u010dava glasine da Zalu\u017enji ima veliku politi\u010dku budu\u0107nost. Me\u0111utim, zar nije prerano da se vrhovni komandant pretvori u vode\u0107eg ukrajinskog politi\u010dara?<\/p>\n<p>Uprkos visokom rejtingu i zna\u010dajnom potencijalu, sada je malo prerano izvla\u010diti zaklju\u010dke o politi\u010dkim perspektivama Zalu\u017enija. Glavni razlog je taj \u0161to sam Zalu\u017enji nije rekao ni\u0161ta o tome. Tako se neki od njegovih tekstova u stranim medijima i ne ba\u0161 \u010desti javni nastupi i objave na dru\u0161tvenim mre\u017eama mogu protuma\u010diti kao poku\u0161aj odvojenog pozicioniranja sa okom na predstoje\u0107u kampanju u politici. Me\u0111utim, za sada vi\u0161e li\u010di na \u017eelju dru\u0161tva da Vidi Zalu\u017enija ne samo kao vojnog \u010doveka, ve\u0107 i kao politi\u010dara. Razloge za ovaj fenomen treba tra\u017eiti kako u mentalnim stavovima, tako i u raspolo\u017eenjima Ukrajinaca, i u postepenom gomilanju nezadovoljstva aktuelnom ukrajinskom vladom.<\/p>\n<p>Uprkos svojoj tendenciji da donose emotivne odluke i prave gre\u0161ke na izborima, Ukrajinci imaju zna\u010dajan nivo imuniteta na autoritarizam i totalnu monopolizaciju vlasti. Kada su gra\u0111ani 2019. glasali za Zelenskog i podr\u017eali njegovog slugu narodnu stranku na parlamentarnim izborima, bili su vo\u0111eni iskrenim, ali naivnim verovanjem u sistemske promene u dr\u017eavi. Me\u0111utim, nije bilo promena. Tako su Ukrajinci po\u010deli da se razo\u010daraju u vladu. Mo\u017eda su mnogi zaboravili, ali uo\u010di ruske potpune invazije, sociolo\u0161ki rejting je pokazao zna\u010dajan pad podr\u0161ke aktuelnoj vladi. Vladaju\u0107oj stranci je garantovano da \u0107e izgubiti izbore od Verkhovne Rade. A Zelenski je rizikovao da izgubi od svog biv\u0161eg protivnika Petro Poro\u0161enka u drugom krugu izbora.<\/p>\n<p>Veliki rat je privremeno stavio aktivne politi\u010dke aktivnosti na \u010dekanje. Podr\u0161ka vladi naglo je porasla. Ali nije moglo dugo da traje. Korupciona\u0161ki skandali, neefikasna javna administracija, lo\u0161e obezbe\u0111ivanje vojske u\u010dinili su da se ose\u0107aju. I Ukrajinci su po\u010deli da brinu o tendenciji aktuelne vlade ka prekomernoj monopolizaciji. \u017delja da se sve kontroli\u0161e, odbacivanje javne kritike, strah od politi\u010dke konkurencije, \u010dudna i ponekad propala kadrovska politika.<\/p>\n<p>Koncentracija svih kontrola u rukama Kabineta predsednika, pretvaranje vlade i Verkhovne Rade u obi\u010dne alate za izvr\u0161avanje volje Kabineta predsednika izazvala je sve ve\u0107u zabrinutost. A tu je i jedini teleton sa svojom preterano optimisti\u010dnom i polu fantasti\u010dnom realno\u0161\u0107u i medijskom cenzurom. Dru\u0161tvu je po\u010dela da treba alternativa. Problem je bio u tome \u0161to je na horizontu bilo ili starih i ne ba\u0161 interesantnih politi\u010dara, ili nasumi\u010dnih ljudi \u010dija je nezavisnost bila veliko pitanje. I tako su se o\u0438i okrenule ka generalu Zalu\u045bniju.<\/p>\n<p>Glavna potencijalna politi\u010dka prednost Zalu\u017enija je to \u0161to on ima imid\u017e nezavisne li\u010dnosti sa sopstvenim mi\u0161ljenjem. General je personifikacija svoje vrste arhetipa oca-ko\u0459ova. Smiren, uravnote\u017een u javnosti. Nije sklon preteranom PR-u i narcizmu. Onaj ko ka\u017ee ne ba\u0161 dobre stvari, ne daje optimisti\u010dne prognoze o tome kada \u0107e Oru\u017eane snage Ukrajine u\u0107i na Krim, i ne ulep\u0161ava stvarnost. I upravo to je ono \u0161to nedostaje dru\u0161tvu, koje vi\u0161e ne veruje u slatka obe\u0107anja. Zalu\u017enija mnogi do\u017eivljavaju kao istinski odraslu li\u010dnost i profesionalca u njegovoj oblasti protiv dvosmislene slike i izjava ve\u0107ine politi\u010dke elite.<\/p>\n<p>Ali postoji drugi problem. Uprkos svojoj neospornoj harizmi i popularnosti, Zalu\u017enji je trenutno potpuno nepoznat Ukrajincima kao politi\u010dar, pa \u010dak i kao vrhovni komandant. Nije sa sigurno\u0459\u0436u poznato kakve politi\u0438ke stavove ima Zalu\u045bni. Ko je on? Desni\u010dar, centrista, liberal, socijaldemokrata, nacionalista, konzervativac? U ovom trenutku, mo\u017ee se samo naga\u0111ati o njegovom politi\u010dkom programu. Kakvi su njegovi stavovi o ekonomiji i prioritetima ekonomskog razvoja? \u0160ta misli o borbi protiv korupcije? Da li je svestan koji sektori treba da se reformi\u0161u da bi se o\u010duvala ukrajinska dr\u017eavnost? Da li razume va\u017enost obezbe\u0111ivanja samostalnog rada raznih institucija i ravnote\u017eu provera i ravnote\u017ee u strukturi mo\u0107i? Kako on vidi geopoliti\u010dko mesto Ukrajine u svetu? Na kraju, da li je Zalu\u017enji efikasan kao menad\u017eer, organizator i vo\u0111a koji okuplja istoumne ljude oko sebe i vodi ih ka cilju, van vojske? Na\u017ealost, trenutno nemamo odgovore na ova i druga pitanja.<\/p>\n<p>Tako\u0111e ne znamo mnogo o detaljima komande ukrajinske vojske, o osobama odgovornim za izbor strategije i taktike. O uspe\u0161nim i neuspe\u0161nim odlukama. O uspesima i neuspesima tokom rata. Ko stoji iza toga i ko je odgovoran za \u0161ta? Koja je uloga Zalu\u045bnija? \u0160to se ti\u010de njegovog robotaTu se ume\u0161ao spolja? Da li je zaista ta\u010dno da pojedini komandanti vi\u0161e slu\u0161aju nare\u0111enja iz kabineta predsednika nego iz General\u0161taba? Ko je insistirao na prokletoj odbrani Bakhmuta? A ko je bio protiv neuspele kontraofanzivne 2023? Tako\u0111e ima mnogo pitanja o pripremi Oru\u017eanih snaga Ukrajine za rusku invaziju. Za\u0161to utvr\u0111enja nisu izgra\u0111ena? Za\u0161to je izgradnja in\u017eenjerskih linija odbrane od strane neprijatelja bila neozbiljna?<\/p>\n<p>Medijima cure samo pojedina\u010dni fragmenti, koji jo\u0161 uvek nisu dovoljni da se sastavi jedna slagalica i shvati cela slika. U me\u0111uvremenu, problemi ukrajinske vojske nisu samo nedostatak oru\u017eja i municije. \u010cak ni u pogre\u0161noj strategiji i taktici u odre\u0111enim fazama rata. A \u010dinjenica je da Oru\u017eane snage Ukrajine jo\u0161 uvek imaju mnogo ostataka sovjetske ere. Cena za ovo je previsoka \u2013 ljudski \u017eivoti. Uprkos razgovorima o standardima NATO-a, mi nemamo glavni zapadni standard: da procenimo efikasnost komandanta pre svega po broju spasenih ili izgubljenih vojnika. Postoji odgovornost pojedinog vojnika, ali ne postoji odgovornost komande za velike gubitke sa mogu\u0107no\u0161\u0107u degradacije u redovima i na pozicijama i drugim o\u0161trijim sankcijama.<\/p>\n<p>Naravno, Zalu\u017enji je harizmati\u010dna li\u010dnost. I zauvek je zaslu\u017eila svoje mesto u istoriji Ukrajine. Oko Zalu\u017enija se formirao izvesni mitski oreol. Ovaj oreol pru\u017ea visok rejting na\u010delniku General\u0161taba. Mo\u017eda je percepcija Zalu\u017enija od strane dru\u0161tva manje-vi\u0161e ta\u010dna. Ili je to mo\u017eda plod javne ma\u0161te. Zalu\u017enjijev rejting tako\u0111e mo\u017eda nije toliko njegov li\u010dni rejting kao signal dru\u0161tva koje se ose\u0107a umorno, razo\u010darano i \u017eeli pravu alternativu Zelenskom. Zaista, bilo je primera u istoriji kada je vojska postala uspe\u0161na politi\u010darka. Me\u0111utim, dok Zalu\u017enji ne ka\u017ee da ulazi u politiku, ne objavljuje svoj politi\u010dki program, ne predstavlja svoj tim, prerano je govoriti o njegovom stvarnom politi\u010dkom potencijalu.<\/p>\n","protected":false},"excerpt":{"rendered":"<p>Ideja o odlasku u politiku vrhovnog komandanta Oru\u017eanih snaga Ukrajine Valerija Zalu\u017enija aktivno kru\u017ei u dru\u0161tvu najmanje nekoliko meseci. Zalu\u017enji se stavlja u istra\u017eivanja javnog mnjenja i meri se njegov potencijalni rejting kao predsedni\u010dkog kandidata i lidera hipoteti\u010dke politi\u010dke stranke. Visok nivo podr\u0161ke generalu samo poja\u010dava glasine da Zalu\u017enji ima veliku politi\u010dku budu\u0107nost. Me\u0111utim, zar [&hellip;]<\/p>\n","protected":false},"author":1,"featured_media":22739,"comment_status":"closed","ping_status":"closed","sticky":false,"template":"","format":"standard","meta":{"footnotes":""},"categories":[1],"tags":[1618,2791,1579,1611,1683,3129,2382],"class_list":["post-22738","post","type-post","status-publish","format-standard","has-post-thumbnail","hentry","category-rat","tag-armed-forces-of-ukraine","tag-petro-gerasimenko","tag-predsednicki-izbori-u-ukrajini","tag-russian-ukrainian-war","tag-top-news","tag-valeriy-zaluzhnyi","tag-volodymyr-zelensky"],"_links":{"self":[{"href":"https:\/\/ruwar.org\/rs\/wp-json\/wp\/v2\/posts\/22738","targetHints":{"allow":["GET"]}}],"collection":[{"href":"https:\/\/ruwar.org\/rs\/wp-json\/wp\/v2\/posts"}],"about":[{"href":"https:\/\/ruwar.org\/rs\/wp-json\/wp\/v2\/types\/post"}],"author":[{"embeddable":true,"href":"https:\/\/ruwar.org\/rs\/wp-json\/wp\/v2\/users\/1"}],"replies":[{"embeddable":true,"href":"https:\/\/ruwar.org\/rs\/wp-json\/wp\/v2\/comments?post=22738"}],"version-history":[{"count":0,"href":"https:\/\/ruwar.org\/rs\/wp-json\/wp\/v2\/posts\/22738\/revisions"}],"wp:featuredmedia":[{"embeddable":true,"href":"https:\/\/ruwar.org\/rs\/wp-json\/wp\/v2\/media\/22739"}],"wp:attachment":[{"href":"https:\/\/ruwar.org\/rs\/wp-json\/wp\/v2\/media?parent=22738"}],"wp:term":[{"taxonomy":"category","embeddable":true,"href":"https:\/\/ruwar.org\/rs\/wp-json\/wp\/v2\/categories?post=22738"},{"taxonomy":"post_tag","embeddable":true,"href":"https:\/\/ruwar.org\/rs\/wp-json\/wp\/v2\/tags?post=22738"}],"curies":[{"name":"wp","href":"https:\/\/api.w.org\/{rel}","templated":true}]}}