{"id":22668,"date":"2024-02-06T19:00:10","date_gmt":"2024-02-06T18:00:10","guid":{"rendered":"https:\/\/razvedka.info\/rs\/2024-02-velika-greska-zaluznija-i-zelenskog\/"},"modified":"2024-02-06T19:00:10","modified_gmt":"2024-02-06T18:00:10","slug":"velika-greska-zaluznija-i-zelenskog","status":"publish","type":"post","link":"https:\/\/ruwar.org\/rs\/2024-02-velika-greska-zaluznija-i-zelenskog\/","title":{"rendered":"Velika gre\u0161ka Zalu\u017enija i Zelenskog"},"content":{"rendered":"<p style=\"margin-bottom:13px\"><span style=\"font-size:11pt\"><span style=\"line-height:115%\"><span sans-serif style=\"font-family:Calibri,\">Ako Volodymyr Zelensky nastoji da kona\u010dno pretvori Valerija Zalu\u017enija u mo\u0107nu li\u010dnost na politi\u010dkom polju i potencijalno glavnu pretnju sopstvenoj budu\u0107nosti kao politi\u010dara, onda sve radi kako treba. To je ono do \u010dega bi sve verovatnija smena vrhovnog komandanta Oru\u017eanih snaga Ukrajine mogla da dovede do toga. Nasuprot kontradiktornim (takav pun prenosi su\u0161tinu dobro) izjavama sopstvenog Kabineta, predsednik u intervjuu za italijanski TV kanal <i>Rai1 <\/i>Zapravo <a rel=\"nofollow noopener\" target=\"_blank\" href=\"https:\/\/www.pravda.com.ua\/news\/2024\/02\/4\/7440369\/\" style=\"color:blue; text-decoration:underline\">Potvrdio<\/a> nameru da se general zameni, kao i jo\u0161 neki me\u0111u vojnim i politi\u010dkim rukovodstvom zemlje.<\/span><\/span><\/span><\/p>\n<p style=\"margin-bottom:13px\"><span style=\"font-size:11pt\"><span style=\"line-height:115%\"><span sans-serif style=\"font-family:Calibri,\">Sa potencijalnom (za sada) smenom Zalu\u017enija, predsednik mo\u017eda zapravo \u010dini veliku uslugu generalu, ali ne i zemlji. \u0418ak ni sebe, iako jedva da zna za to. Zamena Zalu\u017enija \u2013 i nije va\u017eno u tom kontekstu ko \u0107e ga zameniti \u2013 kona\u010dno \u0107e konsolidovati njegov status kultnog heroja rusko-ukrajinskog rata. \u0160ta god da se desi slede\u0107e, jer to vi\u0161e ne\u0107e uticati na njegovu reputaciju i ne\u0107e biti njegova odgovornost.<\/span><\/span><\/span><\/p>\n<p style=\"margin-bottom:13px\"><span style=\"font-size:11pt\"><span style=\"line-height:115%\"><span sans-serif style=\"font-family:Calibri,\">\u010cak i danas, Valerij Zalu\u017enji je osoba sa najve\u0107im procentom poverenja me\u0111u Ukrajincima. Varijabilnost simpatija ukrajinskog dru\u0161tva je dobro poznata. Me\u0111utim, predsednik se priprema da elimini\u0161e jedini razlog koji bi trenutno mogao da uzdrma popularnost Zalu\u017enija \u2013 pote\u0161ko\u0107e na frontu 2024. godine. Iako to nije \u010dinjenica, jer mnogi probleme pro\u0161logodi\u0161nje kontraofanzive povezuju ne sa vojnom komandom, ve\u0107 sa politi\u010dkim rukovodstvom i njenim nerealnim obe\u0107anjima, ili nedovoljnom spoljnom podr\u0161kom.<\/span><\/span><\/span><\/p>\n<p style=\"margin-bottom:13px\"><span style=\"font-size:11pt\"><span style=\"line-height:115%\"><span sans-serif style=\"font-family:Calibri,\">Na skali Ukrajine, Valerij Zalu\u017enji donekle podse\u0107a na ono \u0161to Volodimyr Zelensky nije bio tako davno za civilizovani svet \u2013 simbol herojske borbe protiv nemilosrdnog i mnogo ja\u010deg neprijatelja. Mo\u017eemo se setiti brojnih proizvoda sa likom predsednika Ukrajine (do posebnih ekskluzivnih figurica <i>LEGO<\/i>), koja je bila divlje popularna me\u0111u stanovni\u0161tvom zapadnih zemalja. \u010cinjenica da je ovaj talas popularnosti pro\u0161ao mo\u017ee biti jedan od razloga banalne zavisti da je neko drugi, dodu\u0161e na skali jedne zemlje, sada na istom talasu obo\u017eavanja.<\/span><\/span><\/span><\/p>\n<p style=\"margin-bottom:13px\"><span style=\"font-size:11pt\"><span style=\"line-height:115%\"><span sans-serif style=\"font-family:Calibri,\">Simbolika u percepciji Zalu\u017enija je sveprisutna. Brojni pokloni za donaciju bilo \u010dega sa njegovim autogramom ili fotografijom klju\u010dni su za brojne donacije. Najnoviji primer: 4. februara, tokom Lviv koncerta benda &#8222;Zadan i psi&#8220;, odr\u017eana je dobrotvorna aukcija za potrebe Oru\u017eanih snaga Ukrajine. I uprkos prisustvu tako vrednih predmeta kao \u0161to je, na primer, ikona Levka Skopa, to nikako nije bio najskuplji plac. I veliki foto portret vrhovnog komandanta Oru\u017eanih snaga Ukrajine koji je dao autogram njemu i Serhiju Zadanu, koji je kupljen za 105 hiljada hryvniasa. Ve\u0107 podse\u0107a na odre\u0111eni kult. \u0160ta nije ne\u0161to novo za na\u0161e dru\u0161tvo \u2013 o ovome se nedavno aptly diskutuje <a rel=\"nofollow noopener\" target=\"_blank\" href=\"https:\/\/iq.net.ua\/apokalipsis\/\" style=\"color:blue; text-decoration:underline\">Napisao<\/a> Nazar Kis.<\/span><\/span><\/span><\/p>\n<p style=\"margin-bottom:13px\"><span style=\"font-size:11pt\"><span style=\"line-height:115%\"><span sans-serif style=\"font-family:Calibri,\">Sada Volodymyr Zelensky planira da smeni osobu koja je, u o\u010dima ve\u0107ine, prvenstveno odgovorna za sve uspehe u aktuelnom ratu i postaje ne\u0161to mnogo ve\u0107e pred na\u0161im o\u010dima, verovatno protiv sopstvene volje. U svakom slu\u010daju, ova promena \u0107e nai\u0107i na neprijateljstvo. Nedavna &#8222;proba&#8220; sa navodnom smenom Zalu\u017enija pokazala je kakva \u0107e biti reakcija kada postane stvarnost, a ne samo bacanje informacija iz kabineta predsednika. Da li iko jo\u0161 uvek veruje da je to bio dim bez vatre.<\/span><\/span><\/span><\/p>\n<p style=\"margin-bottom:13px\"><span style=\"font-size:11pt\"><span style=\"line-height:115%\"><span sans-serif style=\"font-family:Calibri,\">Bar jasno obja\u0161njenje razloga za takve kadrovske promene moglo bi da ubla\u017ei reakciju zajednice. Promena vrhovnog komandanta tokom rata, posebno dugog rata, nije ne\u0161to \u0161to je retko u istoriji ratova. Kada situacija dostigne \u0107orsokokke, \u010desto su potrebni novi stavovi, ideje i strategije. Nisu uvek bolji od starih. Ali bar mo\u017ee\u0161 da razume\u0161 za\u0161to su pribegli. Da li je predsednik ili neko iz njegove pouzdane pratnje opravdao potrebu da se zameni vrhovni komandant Oru\u017eanih snaga Ukrajine? Apsolutno ne. Op\u0161te fraze Zelenskog o potrebi da se svi &#8222;guraju u istom smeru&#8220; ili &#8222;imaju pravu pozitivnu energiju&#8220; ne bi trebalo tako razmatrati. Pa \u010dak i one koje je rekao ne ukrajinskim novinarima, ve\u0107 italijanskim. \u0160to se ti\u010de Ukrajinaca, ima dovoljno sumnjivih Telegram kanala.<\/span><\/span><\/span><\/p>\n<p style=\"margin-bottom:13px\"><span style=\"font-size:11pt\"><span style=\"line-height:115%\"><span sans-serif style=\"font-family:Calibri,\">Sve ovo izgleda jo\u0161 sme\u0161nije, s obzirom na \u010dinjenicu da je Valerij Zalu\u017eni li\u010dno pre neki dan u <a rel=\"nofollow noopener\" target=\"_blank\" href=\"https:\/\/edition.cnn.com\/2024\/02\/01\/opinions\/ukraine-army-chief-war-strategy-russia-valerii-zaluzhnyi\/index.html\" style=\"color:blue; text-decoration:underline\">\u010clanak<\/a> Za <i>CNN<\/i> izrazio je sopstvenu dobro rezonovanu viziju daljeg vo\u0111enja rata protiv Rusije. On je jasno naglasio potrebu pronala\u017eenja novih na\u010dina vo\u0111enja neprijateljstava, ukazao na sve ve\u0107u ulogu bespilotnih letelica, potrebu da se tehni\u010dka ponovna oprema prilagodi zahtevima savremenog ratovanja, pote\u0161ko\u0107ama u obezbe\u0111ivanju i jo\u0161 mnogo toga. Uprkos izvesnoj op\u0161tosti ovih, ovaj tekst pokazuje da njegov autor jasno razume nemogu\u0107nost pobede u dana\u0161njem ratu po ju\u010dera\u0161njim metodama.<\/span><\/span><\/span><\/p>\n<p style=\"margin-bottom:13px\"><span style=\"font-size:11pt\"><span style=\"line-height:115%\"><span sans-serif style=\"font-family:Calibri,\">Jedan od fragmenata ovog \u010dlanka mogao bi da bude posebno &#8222;dosadan&#8220; predsedniku. Zalu\u017enji je otvoreno pisao o &#8222;nemogu\u0107nosti dr\u017eavnih institucija u Ukrajini da pove\u0107aju obim na\u0161ih oru\u017eanih snagao kori\u0161\u0107enju nepopularnih mera&#8220;, kao i o problemima na\u0161e odbrambene industrije, posebno onih koje su odavno mogle i trebalo da budu re\u0161ene \u2013 birokratske. S obzirom na to kako Volodymyr Zelensky mrzi svaku kritiku, lako bi takve re\u010di generala (makar to bila samo izjava \u010dinjenica) mogao do\u017eiveti kao izazov.<\/span><\/span><\/span><\/p>\n<p style=\"margin-bottom:13px\"><span style=\"font-size:11pt\"><span style=\"line-height:115%\"><span sans-serif style=\"font-family:Calibri,\">Zna\u010dajan kontrast je i odnos predsednika i vrhovnog komandanta prema osetljivim i nepopularnim temama. Na primer, mobilizacije. Dok Volodymyr Zelensky i njegova pratnja dali sve od sebe da prebace odgovornost za novi nacrt zakona na bilo koga (poslanici, vlada, a posebno vojska), Valerij Zalu\u017eni direktno nagla\u0161ava da bez privla\u010denja stotina hiljada novih ljudi u Oru\u017eane snage Ukrajine, budu\u0107i izgledi za rat su neizvesni zbog stalne mobilizacije u dr\u017eavi neprijatelja.<\/span><\/span><\/span><\/p>\n<p style=\"margin-bottom:13px\"><span style=\"font-size:11pt\"><span style=\"line-height:115%\"><span sans-serif style=\"font-family:Calibri,\">Razlog za ovu razliku je jednostavan: vojni \u010dovek razmi\u0161lja o tome kako da pobedi u ratu, dok politi\u010dar razmi\u0161lja o tome kako da ne izgubi slede\u0107e izbore. Ali ako profesionalni komandanti budu smenjeni samo zato \u0161to zahtevaju nepopularne, ali neophodne mere tokom rata, onda slede\u0107i izbori mo\u017eda ne\u0107e biti oni o kojima Volodymyr Zelensky sanja. Jer, ovo ne\u0107e biti njegov reizbor, ve\u0107 jo\u0161 jedna do\u017eivotna kazna za Vladimira Putina \u2013 ovog puta na novoisprojektovanim ukrajinskim teritorijama.<\/span><\/span><\/span><\/p>\n<p style=\"margin-bottom:13px\"><span style=\"font-size:11pt\"><span style=\"line-height:115%\"><span sans-serif style=\"font-family:Calibri,\">Ako se ovaj rat uspe\u0161no zavr\u0161i za nas i do\u0111e izborni dan, onda se mo\u017ee ispostaviti da je aktuelni predsednik stvorio svog glavnog konkurenta za sebe. Valerij Zalu\u017enji jo\u0161 uvek nije nagovestio politi\u010dke ambicije re\u010dju ili delima. To je ta\u010dno, jer je njegova misija da vodi rat, a ne da se politikuje. Me\u0111utim, ako jednog dana, pod boljim okolnostima, bude \u017eeleo da u\u0111e u politiku, ima\u0107e sve \u0161anse za uspeh. Posebno protiv pozadine trenutne verovatne smene i &#8222;trke pacova&#8220; na koju su tradicionalno bili ukrajinski politi\u010dki obra\u010duni.<\/span><\/span><\/span><\/p>\n","protected":false},"excerpt":{"rendered":"<p>Ako Volodymyr Zelensky nastoji da kona\u010dno pretvori Valerija Zalu\u017enija u mo\u0107nu li\u010dnost na politi\u010dkom polju i potencijalno glavnu pretnju sopstvenoj budu\u0107nosti kao politi\u010dara, onda sve radi kako treba. To je ono do \u010dega bi sve verovatnija smena vrhovnog komandanta Oru\u017eanih snaga Ukrajine mogla da dovede do toga. Nasuprot kontradiktornim (takav pun prenosi su\u0161tinu dobro) izjavama [&hellip;]<\/p>\n","protected":false},"author":1,"featured_media":22669,"comment_status":"closed","ping_status":"closed","sticky":false,"template":"","format":"standard","meta":{"footnotes":""},"categories":[1],"tags":[1618,3019,1611,1894,1683,3129,179,2382],"class_list":["post-22668","post","type-post","status-publish","format-standard","has-post-thumbnail","hentry","category-rat","tag-armed-forces-of-ukraine","tag-roman-lekhnyuk","tag-russian-ukrainian-war","tag-serhiy-zhadan","tag-top-news","tag-valeriy-zaluzhnyi","tag-vladimir-putin","tag-volodymyr-zelensky"],"_links":{"self":[{"href":"https:\/\/ruwar.org\/rs\/wp-json\/wp\/v2\/posts\/22668","targetHints":{"allow":["GET"]}}],"collection":[{"href":"https:\/\/ruwar.org\/rs\/wp-json\/wp\/v2\/posts"}],"about":[{"href":"https:\/\/ruwar.org\/rs\/wp-json\/wp\/v2\/types\/post"}],"author":[{"embeddable":true,"href":"https:\/\/ruwar.org\/rs\/wp-json\/wp\/v2\/users\/1"}],"replies":[{"embeddable":true,"href":"https:\/\/ruwar.org\/rs\/wp-json\/wp\/v2\/comments?post=22668"}],"version-history":[{"count":0,"href":"https:\/\/ruwar.org\/rs\/wp-json\/wp\/v2\/posts\/22668\/revisions"}],"wp:featuredmedia":[{"embeddable":true,"href":"https:\/\/ruwar.org\/rs\/wp-json\/wp\/v2\/media\/22669"}],"wp:attachment":[{"href":"https:\/\/ruwar.org\/rs\/wp-json\/wp\/v2\/media?parent=22668"}],"wp:term":[{"taxonomy":"category","embeddable":true,"href":"https:\/\/ruwar.org\/rs\/wp-json\/wp\/v2\/categories?post=22668"},{"taxonomy":"post_tag","embeddable":true,"href":"https:\/\/ruwar.org\/rs\/wp-json\/wp\/v2\/tags?post=22668"}],"curies":[{"name":"wp","href":"https:\/\/api.w.org\/{rel}","templated":true}]}}