{"id":29379,"date":"2024-09-16T12:30:04","date_gmt":"2024-09-16T10:30:04","guid":{"rendered":"https:\/\/razvedka.info\/pl\/2024-09-obronca-z-obwodu-lwowskiego-wraca-od-rodziny-po-rosyjskiej-niewoli\/"},"modified":"2024-09-16T12:30:04","modified_gmt":"2024-09-16T10:30:04","slug":"obronca-z-obwodu-lwowskiego-wraca-od-rodziny-po-rosyjskiej-niewoli","status":"publish","type":"post","link":"https:\/\/ruwar.org\/pl\/2024-09-obronca-z-obwodu-lwowskiego-wraca-od-rodziny-po-rosyjskiej-niewoli\/","title":{"rendered":"Obro\u0144ca z obwodu lwowskiego wraca od rodziny po rosyjskiej niewoli"},"content":{"rendered":"<p>Podczas kolejnej wymiany je\u0144c\u00f3w wojennych, kt\u00f3ra mia\u0142a miejsce 14 wrze\u015bnia, do domu powr\u00f3ci\u0142 kolejny obro\u0144ca z obwodu lwowskiego. Mowa o 32-letnim Iwanie Kowalowie. W poniedzia\u0142ek, 16 wrze\u015bnia, <a rel=\"nofollow noopener\" target=\"_blank\" href=\"https:\/\/www.facebook.com\/maks.kozytskyy\/posts\/pfbid02hkWntCfpy6dUifbgKv5mU69VM3CBCMyRKve9SP9fSbbycDJnYzGi8ohQ5x1M8N8fl\">Zg\u0142oszone<\/a> Szef Lwowskiej Obwodowej Administracji Wojskowej Maksym Kozycki. W sumie podczas ostatniej wymiany je\u0144c\u00f3w wojennych do domu wr\u00f3ci\u0142o czterech obro\u0144c\u00f3w z obwodu lwowskiego.<\/p>\n<p><em>&#8222;Rozpoczynamy tydzie\u0144 z dobrymi wiadomo\u015bciami. W\u015br\u00f3d tych, kt\u00f3rzy wr\u00f3cili do domu podczas sobotniej wymiany wi\u0119\u017ani\u00f3w, jest r\u00f3wnie\u017c 32-letni Iwan Kowaliw ze wsp\u00f3lnoty Slavske.<\/em>\u2013 pisa\u0142 Maksym Kozycki.<\/p>\n<p>Iwan Kowaliw przebywa\u0142 w niewoli przez ponad rok.<\/p>\n<p style=\"text-align: center;\"><span class=\"lazyload-holder\" style=\"padding-bottom: 169.0851735015773%;\"><br \/><noscript><br \/>    <img loading=\"lazy\" decoding=\"async\" alt=\"Zakhysnyk z lwowszczyny znovu z rodyny pislia rosiyskoho polonu\" original-height=\"536\" original-width=\"317\" src=\"https:\/\/razvedka.info\/pl\/media\/2024\/09\/Obronca-z-obwodu-lwowskiego-wraca-od-rodziny-po-rosyjskiej-niewoli.jpg\" width=\"640\" height=\"1082\" title=\"Obro\u0144ca z obwodu lwowskiego wraca od rodziny po rosyjskiej niewoli\"><br \/>   <\/noscript><img loading=\"lazy\" data-perfmatters-preload decoding=\"async\" src=\"https:\/\/razvedka.info\/pl\/media\/2024\/09\/Obronca-z-obwodu-lwowskiego-wraca-od-rodziny-po-rosyjskiej-niewoli.jpg\" width=\"640\" height=\"1082\" class=\"lazyload lazy-img-blur-up\" alt=\"Zakhysnyk z lwowszczyny znovu z rodyny pislia rosiyskoho polonu\" data- title=\"Obro\u0144ca z obwodu lwowskiego wraca od rodziny po rosyjskiej niewoli\"><\/span><span class=\"news-page-photo-name\">Iwan Kowaliow przebywa\u0142 w rosyjskiej niewoli przez ponad rok<\/span><\/p>\n<p>Przypomnijmy, \u017ce podczas wymiany je\u0144c\u00f3w wojennych 14 wrze\u015bnia do domu wr\u00f3ci\u0142o jeszcze trzech obro\u0144c\u00f3w z obwodu lwowskiego:<\/p>\n<ul>\n<li>22-letni obro\u0144ca Azowstalu Arsen Machu\u017cenko ze wsi Ba\u0142uczyn;<\/li>\n<li>24-letni Dawyd Magunyk z Nowego Rozdilu;<\/li>\n<li>Iwan Sokal z rejonu stryjskiego.<\/li>\n<\/ul>\n<p>Nale\u017cy zauwa\u017cy\u0107, \u017ce 14 wrze\u015bnia dosz\u0142o do kolejnej wymiany je\u0144c\u00f3w wojennych mi\u0119dzy Ukrain\u0105 a Rosj\u0105. Z rosyjskiej niewoli powr\u00f3ci\u0142o 103 ukrai\u0144skich \u017co\u0142nierzy.<\/p>\n","protected":false},"excerpt":{"rendered":"<p>Podczas kolejnej wymiany je\u0144c\u00f3w wojennych, kt\u00f3ra mia\u0142a miejsce 14 wrze\u015bnia, do domu powr\u00f3ci\u0142 kolejny obro\u0144ca z obwodu lwowskiego. Mowa o 32-letnim Iwanie Kowalowie. W poniedzia\u0142ek, 16 wrze\u015bnia, Zg\u0142oszone Szef Lwowskiej Obwodowej Administracji Wojskowej Maksym Kozycki. W sumie podczas ostatniej wymiany je\u0144c\u00f3w wojennych do domu wr\u00f3ci\u0142o czterech obro\u0144c\u00f3w z obwodu lwowskiego. &#8222;Rozpoczynamy tydzie\u0144 z dobrymi wiadomo\u015bciami. [&hellip;]<\/p>\n","protected":false},"author":1,"featured_media":29380,"comment_status":"closed","ping_status":"closed","sticky":false,"template":"","format":"standard","meta":{"footnotes":""},"categories":[1],"tags":[3873,3879,3880,3881,2495,9],"class_list":["post-29379","post","type-post","status-publish","format-standard","has-post-thumbnail","hentry","category-wojna","tag-arsen-machuzenko","tag-dawid-magunik","tag-iwan-kowaliw","tag-iwan-sokal","tag-jency-wojenni","tag-wojna-rosyjsko-ukrainska"],"_links":{"self":[{"href":"https:\/\/ruwar.org\/pl\/wp-json\/wp\/v2\/posts\/29379","targetHints":{"allow":["GET"]}}],"collection":[{"href":"https:\/\/ruwar.org\/pl\/wp-json\/wp\/v2\/posts"}],"about":[{"href":"https:\/\/ruwar.org\/pl\/wp-json\/wp\/v2\/types\/post"}],"author":[{"embeddable":true,"href":"https:\/\/ruwar.org\/pl\/wp-json\/wp\/v2\/users\/1"}],"replies":[{"embeddable":true,"href":"https:\/\/ruwar.org\/pl\/wp-json\/wp\/v2\/comments?post=29379"}],"version-history":[{"count":0,"href":"https:\/\/ruwar.org\/pl\/wp-json\/wp\/v2\/posts\/29379\/revisions"}],"wp:featuredmedia":[{"embeddable":true,"href":"https:\/\/ruwar.org\/pl\/wp-json\/wp\/v2\/media\/29380"}],"wp:attachment":[{"href":"https:\/\/ruwar.org\/pl\/wp-json\/wp\/v2\/media?parent=29379"}],"wp:term":[{"taxonomy":"category","embeddable":true,"href":"https:\/\/ruwar.org\/pl\/wp-json\/wp\/v2\/categories?post=29379"},{"taxonomy":"post_tag","embeddable":true,"href":"https:\/\/ruwar.org\/pl\/wp-json\/wp\/v2\/tags?post=29379"}],"curies":[{"name":"wp","href":"https:\/\/api.w.org\/{rel}","templated":true}]}}