{"id":29319,"date":"2024-09-14T15:30:03","date_gmt":"2024-09-14T13:30:03","guid":{"rendered":"https:\/\/razvedka.info\/pl\/2024-09-23-letni-bohater-azowstalu-wrocil-z-rosyjskiej-niewoli\/"},"modified":"2024-09-14T15:30:03","modified_gmt":"2024-09-14T13:30:03","slug":"23-letni-bohater-azowstalu-wrocil-z-rosyjskiej-niewoli","status":"publish","type":"post","link":"https:\/\/ruwar.org\/pl\/2024-09-23-letni-bohater-azowstalu-wrocil-z-rosyjskiej-niewoli\/","title":{"rendered":"23-letni bohater Azowstalu wr\u00f3ci\u0142 z rosyjskiej niewoli"},"content":{"rendered":"<p>W sobot\u0119 14 wrze\u015bnia 23-letni obro\u0144ca Azowstalu z obwodu lwowskiego wr\u00f3ci\u0142 do domu podczas kolejnej wymiany je\u0144c\u00f3w wojennych. Mowa o Arsenie Machu\u017cence ze wsi Ba\u0142uczyn. O tym <a rel=\"nofollow noopener\" target=\"_blank\" href=\"https:\/\/www.facebook.com\/krasnetg\/posts\/pfbid02LLgi9CJLoL63qbskF2QuvvCWkQqgQtoVKjGZRYtf7ACeiq1Rx5tTJEMg5d4xDixal\">Zg\u0142oszone<\/a> na stronie facebookowej wsp\u00f3lnoty terytorialnej osady Krasnenska rejonu z\u0142oczowskiego.<\/p>\n<p style=\"text-align: center;\"><span class=\"lazyload-holder\" style=\"padding-bottom: 170.3056768558952%;\"><br \/><noscript><br \/>    <img loading=\"lazy\" decoding=\"async\" alt=\"Arsen wci\u0105\u017c ma przed sob\u0105 trudn\u0105 drog\u0119 rehabilitacji (zdj\u0119cie ze strony spo\u0142eczno\u015bci osiedla Krasnenska na Facebooku)\" caption=\"\u041f\u043e\u043f\u0435\u0440\u0435\u0434\u0443 \u0432 \u0410\u0440\u0441\u0435\u043d\u0430 \u0449\u0435 \u0441\u043a\u043b\u0430\u0434\u043d\u0438\u0439 \u0448\u043b\u044f\u0445 \u0440\u0435\u0430\u0431\u0456\u043b\u0456\u0442\u0430\u0446\u0456\u0457 ( \u0444\u043e\u0442\u043e \u0437 Facebook \u041a\u0440\u0430\u0441\u043d\u0435\u043d\u0441\u044c\u043a\u043e\u0457 \u0441\u0435\u043b\u0438\u0449\u043d\u043e\u0457 \u0442\u0435\u0440\u0438\u0442\u043e\u0440\u0456\u0430\u043b\u044c\u043d\u043e\u0457 \u0433\u0440\u043e\u043c\u0430\u0434\u0438 )\" description=\"\u041f\u043e\u043f\u0435\u0440\u0435\u0434\u0443 \u0432 \u0410\u0440\u0441\u0435\u043d\u0430 \u0449\u0435 \u0441\u043a\u043b\u0430\u0434\u043d\u0438\u0439 \u0448\u043b\u044f\u0445 \u0440\u0435\u0430\u0431\u0456\u043b\u0456\u0442\u0430\u0446\u0456\u0457 ( \u0444\u043e\u0442\u043e \u0437 Facebook \u041a\u0440\u0430\u0441\u043d\u0435\u043d\u0441\u044c\u043a\u043e\u0457 \u0441\u0435\u043b\u0438\u0449\u043d\u043e\u0457 \u0442\u0435\u0440\u0438\u0442\u043e\u0440\u0456\u0430\u043b\u044c\u043d\u043e\u0457 \u0433\u0440\u043e\u043c\u0430\u0434\u0438 )\" original-height=\"390\" original-width=\"229\" src=\"https:\/\/razvedka.info\/pl\/media\/2024\/09\/23-letni-bohater-Azowstalu-wrocil-z-rosyjskiej-niewoli.jpg\" width=\"640\" height=\"1090\" title=\"23-letni bohater Azowstalu wr\u00f3ci\u0142 z rosyjskiej niewoli\"><br \/>   <\/noscript><img loading=\"lazy\" data-perfmatters-preload decoding=\"async\" alt=\"Arsen wci\u0105\u017c ma przed sob\u0105 trudn\u0105 drog\u0119 rehabilitacji (zdj\u0119cie ze strony spo\u0142eczno\u015bci osiedla Krasnenska na Facebooku)\" src=\"https:\/\/razvedka.info\/pl\/media\/2024\/09\/23-letni-bohater-Azowstalu-wrocil-z-rosyjskiej-niewoli.jpg\" width=\"640\" height=\"1090\" class=\"lazyload lazy-img-blur-up\" caption=\"\u041f\u043e\u043f\u0435\u0440\u0435\u0434\u0443 \u0432 \u0410\u0440\u0441\u0435\u043d\u0430 \u0449\u0435 \u0441\u043a\u043b\u0430\u0434\u043d\u0438\u0439 \u0448\u043b\u044f\u0445 \u0440\u0435\u0430\u0431\u0456\u043b\u0456\u0442\u0430\u0446\u0456\u0457 ( \u0444\u043e\u0442\u043e \u0437 Facebook \u041a\u0440\u0430\u0441\u043d\u0435\u043d\u0441\u044c\u043a\u043e\u0457 \u0441\u0435\u043b\u0438\u0449\u043d\u043e\u0457 \u0442\u0435\u0440\u0438\u0442\u043e\u0440\u0456\u0430\u043b\u044c\u043d\u043e\u0457 \u0433\u0440\u043e\u043c\u0430\u0434\u0438 )\" description=\"\u041f\u043e\u043f\u0435\u0440\u0435\u0434\u0443 \u0432 \u0410\u0440\u0441\u0435\u043d\u0430 \u0449\u0435 \u0441\u043a\u043b\u0430\u0434\u043d\u0438\u0439 \u0448\u043b\u044f\u0445 \u0440\u0435\u0430\u0431\u0456\u043b\u0456\u0442\u0430\u0446\u0456\u0457 ( \u0444\u043e\u0442\u043e \u0437 Facebook \u041a\u0440\u0430\u0441\u043d\u0435\u043d\u0441\u044c\u043a\u043e\u0457 \u0441\u0435\u043b\u0438\u0449\u043d\u043e\u0457 \u0442\u0435\u0440\u0438\u0442\u043e\u0440\u0456\u0430\u043b\u044c\u043d\u043e\u0457 \u0433\u0440\u043e\u043c\u0430\u0434\u0438 )\" title=\"23-letni bohater Azowstalu wr\u00f3ci\u0142 z rosyjskiej niewoli\"><\/span><span class=\"news-page-photo-name\">Arsen wci\u0105\u017c ma przed sob\u0105 trudn\u0105 drog\u0119 rehabilitacji (zdj\u0119cie ze strony spo\u0142eczno\u015bci osiedla Krasnenska na Facebooku)<\/span><\/p>\n<p><em>&#8222;Informacja o jego powrocie zosta\u0142a potwierdzona przez przyjaci\u00f3\u0142, rodzin\u0119 i wsp\u00f3\u0142mieszka\u0144c\u00f3w wioski. Arsen by\u0142 jednym z obro\u0144c\u00f3w Azowstalu, kt\u00f3rzy utrzymywali lini\u0119 podczas ci\u0119\u017ckich walk w Mariupolu i zosta\u0142 zdobyty jeszcze w maju 2022 roku. Przed wojn\u0105 m\u0142ody \u017co\u0142nierz podpisa\u0142 kontrakt na s\u0142u\u017cb\u0119 wojskow\u0105, przygotowuj\u0105c si\u0119 do obrony kraju przed agresorem.<\/em>\u2013 napisano w o\u015bwiadczeniu.<\/p>\n<p>Zwraca si\u0119 uwag\u0119, \u017ce Arsen ma przed sob\u0105 jeszcze trudn\u0105 drog\u0119 rehabilitacji.<\/p>\n<p>14 wrze\u015bnia dosz\u0142o do kolejnej wymiany je\u0144c\u00f3w wojennych mi\u0119dzy Ukrain\u0105 a Rosj\u0105. Z rosyjskiej niewoli powr\u00f3ci\u0142o 103 ukrai\u0144skich \u017co\u0142nierzy.<\/p>\n","protected":false},"excerpt":{"rendered":"<p>W sobot\u0119 14 wrze\u015bnia 23-letni obro\u0144ca Azowstalu z obwodu lwowskiego wr\u00f3ci\u0142 do domu podczas kolejnej wymiany je\u0144c\u00f3w wojennych. Mowa o Arsenie Machu\u017cence ze wsi Ba\u0142uczyn. O tym Zg\u0142oszone na stronie facebookowej wsp\u00f3lnoty terytorialnej osady Krasnenska rejonu z\u0142oczowskiego. Arsen wci\u0105\u017c ma przed sob\u0105 trudn\u0105 drog\u0119 rehabilitacji (zdj\u0119cie ze strony spo\u0142eczno\u015bci osiedla Krasnenska na Facebooku) &#8222;Informacja o [&hellip;]<\/p>\n","protected":false},"author":1,"featured_media":29320,"comment_status":"closed","ping_status":"closed","sticky":false,"template":"","format":"standard","meta":{"footnotes":""},"categories":[1],"tags":[3873,3493,2495,9],"class_list":["post-29319","post","type-post","status-publish","format-standard","has-post-thumbnail","hentry","category-wojna","tag-arsen-machuzenko","tag-glowne-aktualnosci","tag-jency-wojenni","tag-wojna-rosyjsko-ukrainska"],"_links":{"self":[{"href":"https:\/\/ruwar.org\/pl\/wp-json\/wp\/v2\/posts\/29319","targetHints":{"allow":["GET"]}}],"collection":[{"href":"https:\/\/ruwar.org\/pl\/wp-json\/wp\/v2\/posts"}],"about":[{"href":"https:\/\/ruwar.org\/pl\/wp-json\/wp\/v2\/types\/post"}],"author":[{"embeddable":true,"href":"https:\/\/ruwar.org\/pl\/wp-json\/wp\/v2\/users\/1"}],"replies":[{"embeddable":true,"href":"https:\/\/ruwar.org\/pl\/wp-json\/wp\/v2\/comments?post=29319"}],"version-history":[{"count":0,"href":"https:\/\/ruwar.org\/pl\/wp-json\/wp\/v2\/posts\/29319\/revisions"}],"wp:featuredmedia":[{"embeddable":true,"href":"https:\/\/ruwar.org\/pl\/wp-json\/wp\/v2\/media\/29320"}],"wp:attachment":[{"href":"https:\/\/ruwar.org\/pl\/wp-json\/wp\/v2\/media?parent=29319"}],"wp:term":[{"taxonomy":"category","embeddable":true,"href":"https:\/\/ruwar.org\/pl\/wp-json\/wp\/v2\/categories?post=29319"},{"taxonomy":"post_tag","embeddable":true,"href":"https:\/\/ruwar.org\/pl\/wp-json\/wp\/v2\/tags?post=29319"}],"curies":[{"name":"wp","href":"https:\/\/api.w.org\/{rel}","templated":true}]}}