{"id":28334,"date":"2024-08-12T21:00:03","date_gmt":"2024-08-12T19:00:03","guid":{"rendered":"https:\/\/razvedka.info\/pl\/2024-08-tragedia-w-obwodzie-donieckim-dwie-kolejne-ofiary-rosyjskiego-ostrzalu\/"},"modified":"2024-08-12T21:00:03","modified_gmt":"2024-08-12T19:00:03","slug":"tragedia-w-obwodzie-donieckim-dwie-kolejne-ofiary-rosyjskiego-ostrzalu","status":"publish","type":"post","link":"https:\/\/ruwar.org\/pl\/2024-08-tragedia-w-obwodzie-donieckim-dwie-kolejne-ofiary-rosyjskiego-ostrzalu\/","title":{"rendered":"Tragedia w obwodzie donieckim: dwie kolejne ofiary rosyjskiego ostrza\u0142u"},"content":{"rendered":"<p>W poniedzia\u0142ek 12 sierpnia rosyjskie wojsko po raz kolejny zaatakowa\u0142o obw\u00f3d doniecki. Jak <a rel=\"nofollow noopener\" target=\"_blank\" href=\"https:\/\/t.me\/VadymFilashkin\/3733\">Zg\u0142oszone<\/a> szefa Obwodowej Administracji Wojskowej Wadyma Fi\u0142aszkina, okupanci uderzyli na miasta Kostiantyniwka i Torieck. W wyniku atak\u00f3w zgin\u0119\u0142o dw\u00f3ch okolicznych mieszka\u0144c\u00f3w.<\/p>\n<p>Wed\u0142ug Wadyma Fi\u0142aszkina w wyniku rosyjskiego ostrza\u0142u w Konstantyn\u00f3wce zgin\u0119\u0142a 35-letnia kobieta. W wyniku ataku ranny zosta\u0142 r\u00f3wnie\u017c 40-letni m\u0119\u017cczyzna. Ponadto rosyjski ostrza\u0142 zniszczy\u0142 jeden prywatny dom w mie\u015bcie, a pi\u0119\u0107 kolejnych zosta\u0142o uszkodzonych.<\/p>\n<p>R\u00f3wnie\u017c wed\u0142ug szefa Obwodowej Administracji Wojskowej w wyniku rosyjskiego ostrza\u0142u w Torecku zgin\u0105\u0142 m\u0119\u017cczyzna. Wadym Fi\u0142aszkin nie sprecyzowa\u0142, jak\u0105 broni\u0105 okupanci zaatakowali miasta.<\/p>\n<p>Nale\u017cy zauwa\u017cy\u0107, \u017ce Rosjanie nieustannie uderzaj\u0105 na miasta przyfrontowe w obwodzie donieckim. Szef Obwodowej Administracji Wojskowej Wadym Fi\u0142aszkin wezwa\u0142 ludno\u015b\u0107 do ewakuacji z niebezpiecznych osiedli.<\/p>\n<p>Przypomnimy, rankiem 12 sierpnia Rosjanie zaatakowali miasto Ukraina w obwodzie donieckim przy u\u017cyciu artylerii. W jej wyniku zgin\u0119\u0142y dwie osoby.<\/p>\n","protected":false},"excerpt":{"rendered":"<p>W poniedzia\u0142ek 12 sierpnia rosyjskie wojsko po raz kolejny zaatakowa\u0142o obw\u00f3d doniecki. Jak Zg\u0142oszone szefa Obwodowej Administracji Wojskowej Wadyma Fi\u0142aszkina, okupanci uderzyli na miasta Kostiantyniwka i Torieck. W wyniku atak\u00f3w zgin\u0119\u0142o dw\u00f3ch okolicznych mieszka\u0144c\u00f3w. Wed\u0142ug Wadyma Fi\u0142aszkina w wyniku rosyjskiego ostrza\u0142u w Konstantyn\u00f3wce zgin\u0119\u0142a 35-letnia kobieta. W wyniku ataku ranny zosta\u0142 r\u00f3wnie\u017c 40-letni m\u0119\u017cczyzna. Ponadto [&hellip;]<\/p>\n","protected":false},"author":1,"featured_media":28102,"comment_status":"closed","ping_status":"closed","sticky":false,"template":"","format":"standard","meta":{"footnotes":""},"categories":[1],"tags":[15,9,824],"class_list":["post-28334","post","type-post","status-publish","format-standard","has-post-thumbnail","hentry","category-wojna","tag-obwod-doniecki","tag-wojna-rosyjsko-ukrainska","tag-zbrodnie-wojenne-rosji"],"_links":{"self":[{"href":"https:\/\/ruwar.org\/pl\/wp-json\/wp\/v2\/posts\/28334","targetHints":{"allow":["GET"]}}],"collection":[{"href":"https:\/\/ruwar.org\/pl\/wp-json\/wp\/v2\/posts"}],"about":[{"href":"https:\/\/ruwar.org\/pl\/wp-json\/wp\/v2\/types\/post"}],"author":[{"embeddable":true,"href":"https:\/\/ruwar.org\/pl\/wp-json\/wp\/v2\/users\/1"}],"replies":[{"embeddable":true,"href":"https:\/\/ruwar.org\/pl\/wp-json\/wp\/v2\/comments?post=28334"}],"version-history":[{"count":0,"href":"https:\/\/ruwar.org\/pl\/wp-json\/wp\/v2\/posts\/28334\/revisions"}],"wp:featuredmedia":[{"embeddable":true,"href":"https:\/\/ruwar.org\/pl\/wp-json\/wp\/v2\/media\/28102"}],"wp:attachment":[{"href":"https:\/\/ruwar.org\/pl\/wp-json\/wp\/v2\/media?parent=28334"}],"wp:term":[{"taxonomy":"category","embeddable":true,"href":"https:\/\/ruwar.org\/pl\/wp-json\/wp\/v2\/categories?post=28334"},{"taxonomy":"post_tag","embeddable":true,"href":"https:\/\/ruwar.org\/pl\/wp-json\/wp\/v2\/tags?post=28334"}],"curies":[{"name":"wp","href":"https:\/\/api.w.org\/{rel}","templated":true}]}}