{"id":28327,"date":"2024-08-13T15:10:04","date_gmt":"2024-08-13T13:10:04","guid":{"rendered":"https:\/\/razvedka.info\/pl\/2024-08-piekarz-z-uzhorodu-byl-pod-wrazeniem-uniknal-kary-za-przejecie-wladzy\/"},"modified":"2024-08-13T15:10:04","modified_gmt":"2024-08-13T13:10:04","slug":"piekarz-z-uzhorodu-byl-pod-wrazeniem-uniknal-kary-za-przejecie-wladzy","status":"publish","type":"post","link":"https:\/\/ruwar.org\/pl\/2024-08-piekarz-z-uzhorodu-byl-pod-wrazeniem-uniknal-kary-za-przejecie-wladzy\/","title":{"rendered":"Piekarz z U\u017chorodu by\u0142 pod wra\u017ceniem: unikn\u0105\u0142 kary za przej\u0119cie w\u0142adzy!"},"content":{"rendered":"<p>Miejski S\u0105d Rejonowy w U\u017chorodzie uzna\u0142 miejscowego piekarza-technologa Iwana Karetina za winnego publicznych wezwa\u0144 do si\u0142owej zmiany lub obalenia porz\u0105dku konstytucyjnego. Za rozpowszechnianie na swojej stronie na Facebooku wezwania do przej\u0119cia w\u0142adzy przez wojsko, mieszkaniec U\u017chorodu zosta\u0142 skazany na 3 lata wi\u0119zienia. S\u0105d zamieni\u0142 w\u0142a\u015bciw\u0105 kar\u0119 na rok w zawieszeniu.<\/p>\n<p>Jak <a rel=\"nofollow noopener\" target=\"_blank\" href=\"https:\/\/reyestr.court.gov.ua\/\">M\u00f3wi<\/a> W wyroku s\u0105dowym wydanym 7 sierpnia Iwan Karetin stworzy\u0142 publiczn\u0105 stron\u0119 na Facebooku, na kt\u00f3rej rozpowszechnia\u0142 swoje radykalne idee i publiczne wezwania do dzia\u0142a\u0144 maj\u0105cych na celu przej\u0119cie w\u0142adzy pa\u0144stwowej. 29 listopada 2023 r. rozpowszechni\u0142 informacje wzywaj\u0105ce wojsko do przej\u0119cia w\u0142adzy.<\/p>\n<p><em>&#8222;Wojsko musi przej\u0105\u0107 w\u0142adz\u0119. Nie ma wyboru! W przeciwnym razie gnid nie mo\u017cna wyczy\u015bci\u0107. Z gnidami w sercu kraju nie wygramy&#8221;<\/em>, &#8211; stwierdzono w cytacie z postu mieszka\u0144ca U\u017chorodu na Facebooku, opublikowanego w werdykcie.<\/p>\n<p>Na rozprawie s\u0105dowej Iwan Karetin w pe\u0142ni przyzna\u0142 si\u0119 do winy, zauwa\u017caj\u0105c, \u017ce teraz usun\u0105\u0142 swoje konto z Facebooka.<\/p>\n<p>Po zapoznaniu si\u0119 ze wszystkimi materia\u0142ami sprawy s\u0119dzia Natalia Zareva uzna\u0142a mieszka\u0144ca U\u017chorodu za winnego publicznych wezwa\u0144 do si\u0142owej zmiany lub obalenia porz\u0105dku konstytucyjnego i skaza\u0142a go na 3 lata wi\u0119zienia. S\u0105d zamieni\u0142 w\u0142a\u015bciw\u0105 kar\u0119 na rok w zawieszeniu.<\/p>\n<p>R\u00f3wnie\u017c Iwan Karetin musi zap\u0142aci\u0107 6 tysi\u0119cy  UAH do przeprowadzenia badania kryminalistycznego, j\u0119zykowego, semantycznego i tekstowego. Od wyroku przys\u0142uguje apelacja.<\/p>\n","protected":false},"excerpt":{"rendered":"<p>Miejski S\u0105d Rejonowy w U\u017chorodzie uzna\u0142 miejscowego piekarza-technologa Iwana Karetina za winnego publicznych wezwa\u0144 do si\u0142owej zmiany lub obalenia porz\u0105dku konstytucyjnego. Za rozpowszechnianie na swojej stronie na Facebooku wezwania do przej\u0119cia w\u0142adzy przez wojsko, mieszkaniec U\u017chorodu zosta\u0142 skazany na 3 lata wi\u0119zienia. S\u0105d zamieni\u0142 w\u0142a\u015bciw\u0105 kar\u0119 na rok w zawieszeniu. Jak M\u00f3wi W wyroku s\u0105dowym [&hellip;]<\/p>\n","protected":false},"author":1,"featured_media":28113,"comment_status":"closed","ping_status":"closed","sticky":false,"template":"","format":"standard","meta":{"footnotes":""},"categories":[1],"tags":[3499,2642,9],"class_list":["post-28327","post","type-post","status-publish","format-standard","has-post-thumbnail","hentry","category-wojna","tag-aktualnosci-z-zakarpacia","tag-portale-spolecznosciowe","tag-wojna-rosyjsko-ukrainska"],"_links":{"self":[{"href":"https:\/\/ruwar.org\/pl\/wp-json\/wp\/v2\/posts\/28327","targetHints":{"allow":["GET"]}}],"collection":[{"href":"https:\/\/ruwar.org\/pl\/wp-json\/wp\/v2\/posts"}],"about":[{"href":"https:\/\/ruwar.org\/pl\/wp-json\/wp\/v2\/types\/post"}],"author":[{"embeddable":true,"href":"https:\/\/ruwar.org\/pl\/wp-json\/wp\/v2\/users\/1"}],"replies":[{"embeddable":true,"href":"https:\/\/ruwar.org\/pl\/wp-json\/wp\/v2\/comments?post=28327"}],"version-history":[{"count":0,"href":"https:\/\/ruwar.org\/pl\/wp-json\/wp\/v2\/posts\/28327\/revisions"}],"wp:featuredmedia":[{"embeddable":true,"href":"https:\/\/ruwar.org\/pl\/wp-json\/wp\/v2\/media\/28113"}],"wp:attachment":[{"href":"https:\/\/ruwar.org\/pl\/wp-json\/wp\/v2\/media?parent=28327"}],"wp:term":[{"taxonomy":"category","embeddable":true,"href":"https:\/\/ruwar.org\/pl\/wp-json\/wp\/v2\/categories?post=28327"},{"taxonomy":"post_tag","embeddable":true,"href":"https:\/\/ruwar.org\/pl\/wp-json\/wp\/v2\/tags?post=28327"}],"curies":[{"name":"wp","href":"https:\/\/api.w.org\/{rel}","templated":true}]}}