{"id":27679,"date":"2024-07-27T14:55:03","date_gmt":"2024-07-27T12:55:03","guid":{"rendered":"https:\/\/razvedka.info\/pl\/2024-07-krewni-wzietych-do-niewoli-i-zaginionych-zolnierzy-24-brygady-zorganizowali-protest-we-lwowie\/"},"modified":"2024-07-27T14:55:03","modified_gmt":"2024-07-27T12:55:03","slug":"krewni-wzietych-do-niewoli-i-zaginionych-zolnierzy-24-brygady-zorganizowali-protest-we-lwowie","status":"publish","type":"post","link":"https:\/\/ruwar.org\/pl\/2024-07-krewni-wzietych-do-niewoli-i-zaginionych-zolnierzy-24-brygady-zorganizowali-protest-we-lwowie\/","title":{"rendered":"Krewni wzi\u0119tych do niewoli i zaginionych \u017co\u0142nierzy 24 Brygady zorganizowali protest we Lwowie"},"content":{"rendered":"<p>W sobot\u0119 27 lipca we Lwowie odby\u0142 si\u0119 wiec poparcia dla wzi\u0119tych do niewoli i zaginionych ukrai\u0144skich \u017co\u0142nierzy 24. brygady zmechanizowanej. Kr\u00f3l Daniel: &#8222;Nie milcz, niewola zabija. Ka\u017cdy g\u0142os si\u0119 liczy&#8221;. Zosta\u0142a ona zorganizowana przez krewnych obro\u0144c\u00f3w.<\/p>\n<p>Uczestnicy akcji zebrali si\u0119 pod pomnikiem Tarasa Szewczenki. Przywie\u017ali ze sob\u0105 plakaty z wizerunkami swoich wi\u0119\u017ani\u00f3w i zaginionych krewnych, a tak\u017ce z napisami: &#8222;\u015awiat \u2013 nie milcz&#8221;, &#8222;Nie milcz \u2013 niewola zabija&#8221;, &#8222;Nie potrzebuj\u0105 lito\u015bci, potrzebuj\u0105 ty\u0142u&#8221;.<\/p>\n<p>Bliscy m\u00f3wi\u0105, \u017ce organizuj\u0105 takie akcje regularnie, aby zwr\u00f3ci\u0107 na siebie uwag\u0119 ludzi, w\u0142adz i \u015bwiata, ale za ka\u017cdym razem bierze w nich udzia\u0142 coraz mniej os\u00f3b.<\/p>\n<p>W\u015br\u00f3d uczestnik\u00f3w rajdu jest Tamara Makaryk, \u017cona zaginionego Oresta Makaryka. Kobieta twierdzi, \u017ce pod koniec czerwca 2022 roku straci\u0142a kontakt z m\u0119\u017cem, \u017co\u0142nierzem 24. brygady zmechanizowanej. Kobieta zauwa\u017ca, \u017ce m\u0119\u017cczyzna walczy\u0142 na najgor\u0119tszym kierunku frontu \u2013 na wschodzie.<\/p>\n<p>&#8222;Na dzie\u0144 dzisiejszy nic nie wiem o losie mojego m\u0119\u017ca. Nie wiem, czy jest w niewoli, nie wiem, mo\u017ce zosta\u0142 uznany za zmar\u0142ego. Ten status osoby zaginionej jest chyba najtrudniejszy. Dla tych, kt\u00f3rzy z tym \u017cyj\u0105. To naprawd\u0119 bardzo boli, a kiedy tw\u00f3j siedmiolatek ci\u0119, jakie s\u0105 szanse, w procentach, \u017ce tata wr\u00f3ci&#8230; I nie mam odpowiedzi na to pytanie. Chcemy zwr\u00f3ci\u0107 uwag\u0119 na 24 Brygad\u0119, bo tylko jeden jeniec wojenny z naszej brygady zosta\u0142 zwolniony w trzech wymianach z rz\u0119du&#8221; \u2013 powiedzia\u0142a Tamara, \u017cona zaginionego Oresta Makaryka.<\/p>\n<p>Od ponad dw\u00f3ch lat za zaginionego uwa\u017ca si\u0119 r\u00f3wnie\u017c m\u0119\u017ca Natalii Protsyk.<\/p>\n<p>&#8222;Nasi ch\u0142opcy s\u0105 w niewoli i nie wiemy, jak wr\u00f3c\u0105. Widzimy, jak nasi ch\u0142opcy wracaj\u0105, bardzo d\u0142ugo potrzebuj\u0105 rehabilitacji, nie maj\u0105 wszystkich narz\u0105d\u00f3w. M\u00f3j m\u0105\u017c zagin\u0105\u0142. Ostatni kontakt z nim mia\u0142 miejsce 26 marca 2022 roku. Nie ma o nim oficjalnych informacji. Moje dziecko, gdzie jest tata&#8230; We Lwowie mamy wystaw\u0119 os\u00f3b zaginionych, m\u00f3j syn tam je\u017adzi i wie, \u017ce jest tam jego ojciec. Musz\u0119 jak najszybciej znale\u017a\u0107 m\u0119\u017ca, wszyscy tego potrzebuj\u0105&#8221; \u2013 powiedzia\u0142a Natalia Protsyk.<\/p>\n<p>Krewni wzi\u0119tych do niewoli i zaginionych ukrai\u0144skich \u017co\u0142nierzy 24. brygady zmechanizowanej. M\u00f3wi\u0105, \u017ce b\u0119d\u0105 chodzi\u0107 na wiece, dop\u00f3ki wszyscy obro\u0144cy nie wr\u00f3c\u0105. Liczba nie jest ujawniona, aby wr\u00f3g si\u0119 o tym nie dowiedzia\u0142.<\/p>\n","protected":false},"excerpt":{"rendered":"<p>W sobot\u0119 27 lipca we Lwowie odby\u0142 si\u0119 wiec poparcia dla wzi\u0119tych do niewoli i zaginionych ukrai\u0144skich \u017co\u0142nierzy 24. brygady zmechanizowanej. Kr\u00f3l Daniel: &#8222;Nie milcz, niewola zabija. Ka\u017cdy g\u0142os si\u0119 liczy&#8221;. Zosta\u0142a ona zorganizowana przez krewnych obro\u0144c\u00f3w. Uczestnicy akcji zebrali si\u0119 pod pomnikiem Tarasa Szewczenki. Przywie\u017ali ze sob\u0105 plakaty z wizerunkami swoich wi\u0119\u017ani\u00f3w i zaginionych [&hellip;]<\/p>\n","protected":false},"author":1,"featured_media":27680,"comment_status":"closed","ping_status":"closed","sticky":false,"template":"","format":"standard","meta":{"footnotes":""},"categories":[1],"tags":[2221,2495,112,9,2654],"class_list":["post-27679","post","type-post","status-publish","format-standard","has-post-thumbnail","hentry","category-wojna","tag-akcja","tag-jency-wojenni","tag-rajd","tag-wojna-rosyjsko-ukrainska","tag-zaginiony-w-akcji"],"_links":{"self":[{"href":"https:\/\/ruwar.org\/pl\/wp-json\/wp\/v2\/posts\/27679","targetHints":{"allow":["GET"]}}],"collection":[{"href":"https:\/\/ruwar.org\/pl\/wp-json\/wp\/v2\/posts"}],"about":[{"href":"https:\/\/ruwar.org\/pl\/wp-json\/wp\/v2\/types\/post"}],"author":[{"embeddable":true,"href":"https:\/\/ruwar.org\/pl\/wp-json\/wp\/v2\/users\/1"}],"replies":[{"embeddable":true,"href":"https:\/\/ruwar.org\/pl\/wp-json\/wp\/v2\/comments?post=27679"}],"version-history":[{"count":0,"href":"https:\/\/ruwar.org\/pl\/wp-json\/wp\/v2\/posts\/27679\/revisions"}],"wp:featuredmedia":[{"embeddable":true,"href":"https:\/\/ruwar.org\/pl\/wp-json\/wp\/v2\/media\/27680"}],"wp:attachment":[{"href":"https:\/\/ruwar.org\/pl\/wp-json\/wp\/v2\/media?parent=27679"}],"wp:term":[{"taxonomy":"category","embeddable":true,"href":"https:\/\/ruwar.org\/pl\/wp-json\/wp\/v2\/categories?post=27679"},{"taxonomy":"post_tag","embeddable":true,"href":"https:\/\/ruwar.org\/pl\/wp-json\/wp\/v2\/tags?post=27679"}],"curies":[{"name":"wp","href":"https:\/\/api.w.org\/{rel}","templated":true}]}}