{"id":27566,"date":"2024-07-23T07:25:02","date_gmt":"2024-07-23T05:25:02","guid":{"rendered":"https:\/\/razvedka.info\/pl\/2024-07-mieszkaniec-boryslawia-zostal-uwieziony-za-odmowe-przyjecia-wezwania-do-tcc\/"},"modified":"2024-07-23T07:25:02","modified_gmt":"2024-07-23T05:25:02","slug":"mieszkaniec-boryslawia-zostal-uwieziony-za-odmowe-przyjecia-wezwania-do-tcc","status":"publish","type":"post","link":"https:\/\/ruwar.org\/pl\/2024-07-mieszkaniec-boryslawia-zostal-uwieziony-za-odmowe-przyjecia-wezwania-do-tcc\/","title":{"rendered":"Mieszkaniec Borys\u0142awia zosta\u0142 uwi\u0119ziony za odmow\u0119 przyj\u0119cia wezwania do TCC"},"content":{"rendered":"<p>Drohobycki Miejski S\u0105d Rejonowy obwodu lwowskiego skaza\u0142 mieszka\u0144ca Borys\u0142awia, Romana G., kt\u00f3ry odm\u00f3wi\u0142 przyj\u0119cia wezwania i nie stawi\u0142 si\u0119 w TCC. Za uchylanie si\u0119 od poboru podczas mobilizacji poborowy trafia\u0142 do wi\u0119zienia na 3 lata.<\/p>\n<p>Jak stwierdzono w wyroku, kt\u00f3ry <a rel=\"nofollow noopener\" target=\"_blank\" href=\"https:\/\/reyestr.court.gov.ua\/\">Opublikowany<\/a> w rejestrze s\u0105dowym w lipcu 2024 r. mieszkaniec Borys\u0142awia, Roman G., w listopadzie 2023 r. przeszed\u0142 badanie lekarskie przez wojskow\u0105 komisj\u0119 lekarsk\u0105 (MPC) \u2013 zosta\u0142 uznany za cz\u0119\u015bciowo zdolnego do s\u0142u\u017cby wojskowej. W marcu 2024 r. pr\u00f3bowali dor\u0119czy\u0107 Romanowi G. wezwanie do TCC, ale ten odm\u00f3wi\u0142 jego podpisania, odm\u00f3wi\u0142 i nie stawi\u0142 si\u0119 w wyznaczonym dniu w wojskowym biurze poborowym.<\/p>\n<p>Wszcz\u0119to spraw\u0119 karn\u0105 przeciwko mieszka\u0144cowi Borys\u0142awia za uchylanie si\u0119 od poboru. W s\u0105dzie Roman G. potwierdzi\u0142 okoliczno\u015bci niestawiennictwa w TCC i o\u015bwiadczy\u0142, \u017ce odm\u00f3wi\u0142 przyj\u0119cia wezwania i nie stawi\u0142 si\u0119 w wojskowym biurze rejestracji i poboru z powodu niezadowalaj\u0105cego stanu zdrowia.<\/p>\n<p>Sprawa zosta\u0142a rozpatrzona przez s\u0119dziego Oresta Kramara, kt\u00f3ry przeanalizowa\u0142 wszystkie materia\u0142y i argumenty w tej sprawie, uznaj\u0105c oskar\u017conego za winnego uchylania si\u0119 od poboru podczas mobilizacji. Roman G. zosta\u0142 skazany na 3 lata wi\u0119zienia. Od wyroku mo\u017cna si\u0119 jeszcze odwo\u0142a\u0107.<\/p>\n","protected":false},"excerpt":{"rendered":"<p>Drohobycki Miejski S\u0105d Rejonowy obwodu lwowskiego skaza\u0142 mieszka\u0144ca Borys\u0142awia, Romana G., kt\u00f3ry odm\u00f3wi\u0142 przyj\u0119cia wezwania i nie stawi\u0142 si\u0119 w TCC. Za uchylanie si\u0119 od poboru podczas mobilizacji poborowy trafia\u0142 do wi\u0119zienia na 3 lata. Jak stwierdzono w wyroku, kt\u00f3ry Opublikowany w rejestrze s\u0105dowym w lipcu 2024 r. mieszkaniec Borys\u0142awia, Roman G., w listopadzie 2023 [&hellip;]<\/p>\n","protected":false},"author":1,"featured_media":27567,"comment_status":"closed","ping_status":"closed","sticky":false,"template":"","format":"standard","meta":{"footnotes":""},"categories":[1],"tags":[872,3275,3561,2632,9],"class_list":["post-27566","post","type-post","status-publish","format-standard","has-post-thumbnail","hentry","category-wojna","tag-komisariaty-wojskowe","tag-mobilizacja-na-ukrainie","tag-orest-kramar","tag-uchylanie-sie-od-mobilizacji","tag-wojna-rosyjsko-ukrainska"],"_links":{"self":[{"href":"https:\/\/ruwar.org\/pl\/wp-json\/wp\/v2\/posts\/27566","targetHints":{"allow":["GET"]}}],"collection":[{"href":"https:\/\/ruwar.org\/pl\/wp-json\/wp\/v2\/posts"}],"about":[{"href":"https:\/\/ruwar.org\/pl\/wp-json\/wp\/v2\/types\/post"}],"author":[{"embeddable":true,"href":"https:\/\/ruwar.org\/pl\/wp-json\/wp\/v2\/users\/1"}],"replies":[{"embeddable":true,"href":"https:\/\/ruwar.org\/pl\/wp-json\/wp\/v2\/comments?post=27566"}],"version-history":[{"count":0,"href":"https:\/\/ruwar.org\/pl\/wp-json\/wp\/v2\/posts\/27566\/revisions"}],"wp:featuredmedia":[{"embeddable":true,"href":"https:\/\/ruwar.org\/pl\/wp-json\/wp\/v2\/media\/27567"}],"wp:attachment":[{"href":"https:\/\/ruwar.org\/pl\/wp-json\/wp\/v2\/media?parent=27566"}],"wp:term":[{"taxonomy":"category","embeddable":true,"href":"https:\/\/ruwar.org\/pl\/wp-json\/wp\/v2\/categories?post=27566"},{"taxonomy":"post_tag","embeddable":true,"href":"https:\/\/ruwar.org\/pl\/wp-json\/wp\/v2\/tags?post=27566"}],"curies":[{"name":"wp","href":"https:\/\/api.w.org\/{rel}","templated":true}]}}