{"id":27482,"date":"2024-07-18T22:45:02","date_gmt":"2024-07-18T20:45:02","guid":{"rendered":"https:\/\/razvedka.info\/pl\/2024-07-ministerstwo-spraw-zagranicznych-i-onz-uruchomia-platforme-internetowa-dla-ukraincow-chcacych-wrocic-z-zagranicy\/"},"modified":"2024-07-18T22:45:02","modified_gmt":"2024-07-18T20:45:02","slug":"ministerstwo-spraw-zagranicznych-i-onz-uruchomia-platforme-internetowa-dla-ukraincow-chcacych-wrocic-z-zagranicy","status":"publish","type":"post","link":"https:\/\/ruwar.org\/pl\/2024-07-ministerstwo-spraw-zagranicznych-i-onz-uruchomia-platforme-internetowa-dla-ukraincow-chcacych-wrocic-z-zagranicy\/","title":{"rendered":"Ministerstwo Spraw Zagranicznych i ONZ uruchomi\u0105 platform\u0119 internetow\u0105 dla Ukrai\u0144c\u00f3w chc\u0105cych wr\u00f3ci\u0107 z zagranicy"},"content":{"rendered":"<p>W czwartek 18 lipca minister spraw zagranicznych Ukrainy Dmytro Ku\u0142eba spotka\u0142 si\u0119 z Wysokim Komisarzem ONZ ds. uchod\u017ac\u00f3w Filippo Grandim. W wyniku spotkania og\u0142osili utworzenie wsp\u00f3lnej platformy &#8222;Ukraina jest domem&#8221;. Zosta\u0142 stworzony z my\u015bl\u0105 o Ukrai\u0144cach, kt\u00f3rzy chc\u0105 wr\u00f3ci\u0107 z zagranicy. W czwartek, 18 lipca, <a rel=\"nofollow noopener\" target=\"_blank\" href=\"https:\/\/mfa.gov.ua\/news\/dmitro-kuleba-ta-verhovnij-komisar-oon-ogolosili-pro-zapusk-onlajn-platformi-ukrayina-ce-dim-dlya-ukrayinciv-yaki-rozglyadayut-mozhlivist-povernennya-z-za-kordonu\">Zg\u0142oszone<\/a> w s\u0142u\u017cbie prasowej Ministerstwa Spraw Zagranicznych.<\/p>\n<p>Minister spraw zagranicznych Dmytro Ku\u0142eba powiedzia\u0142, \u017ce podczas gdy trwa rosyjska inwazja na pe\u0142n\u0105 skal\u0119, Ukrai\u0144cy potrzebuj\u0105 mi\u0119dzynarodowej pomocy i wsparcia, ale podkre\u015bli\u0142, \u017ce MSZ jest gotowe pom\u00f3c Ukrai\u0144com, kt\u00f3rzy zdecydowali si\u0119 wr\u00f3ci\u0107 z zagranicy. Za pomoc\u0105 platformy ludzie b\u0119d\u0105 mogli uzyska\u0107 sprawdzone i aktualne informacje, kt\u00f3re pomog\u0105 im podj\u0105\u0107 decyzj\u0119 o mo\u017cliwo\u015bci powrotu z zagranicy w Ukrain\u0119.<\/p>\n<p><em>&#8222;Ta platforma pomo\u017ce ludziom uzyska\u0107 rzetelne i aktualne informacje na temat wszystkich kwestii zwi\u0105zanych z powrotem w Ukrain\u0119, zobaczy\u0107, jakie s\u0105 mo\u017cliwo\u015bci i korzy\u015bci oraz dokona\u0107 \u015bwiadomego wyboru&#8221;<\/em>\u2013 powiedzia\u0142 Dmytro Ku\u0142eba.<\/p>\n<p>Dmytro Ku\u0142eba wezwa\u0142 r\u00f3wnie\u017c Biuro Wysokiego Komisarza Narod\u00f3w Zjednoczonych ds. Uchod\u017ac\u00f3w do podj\u0119cia zdecydowanych krok\u00f3w w celu ochrony ukrai\u0144skich dzieci deportowanych do Rosji, zapobie\u017cenia ich nielegalnej adopcji i bezpiecznego powrotu w Ukrain\u0119.<\/p>\n<p>Nale\u017cy zauwa\u017cy\u0107, \u017ce w marcu 2024 r. za granic\u0105 przebywa\u0142o oko\u0142o 6,5 mln Ukrai\u0144c\u00f3w, kt\u00f3rzy wyjechali z powodu inwazji Rosji na pe\u0142n\u0105 skal\u0119. Takie dane w <a rel=\"nofollow noopener\" target=\"_blank\" href=\"https:\/\/life.nv.ua\/ukr\/socium\/hto-taki-bizhenci-vimusheni-pereselenci-chi-dostatno-dopomogi-dlya-vpo-v-ukrajini-interv-yu-nv-50398287.html\">wywiad<\/a> O NV poinformowa\u0142a rzeczniczka Agencji ONZ ds. Uchod\u017ac\u00f3w w Ukrainie (UNHCR) Elisabeth Arnsdorf Haslund.<\/p>\n","protected":false},"excerpt":{"rendered":"<p>W czwartek 18 lipca minister spraw zagranicznych Ukrainy Dmytro Ku\u0142eba spotka\u0142 si\u0119 z Wysokim Komisarzem ONZ ds. uchod\u017ac\u00f3w Filippo Grandim. W wyniku spotkania og\u0142osili utworzenie wsp\u00f3lnej platformy &#8222;Ukraina jest domem&#8221;. Zosta\u0142 stworzony z my\u015bl\u0105 o Ukrai\u0144cach, kt\u00f3rzy chc\u0105 wr\u00f3ci\u0107 z zagranicy. W czwartek, 18 lipca, Zg\u0142oszone w s\u0142u\u017cbie prasowej Ministerstwa Spraw Zagranicznych. Minister spraw zagranicznych [&hellip;]<\/p>\n","protected":false},"author":1,"featured_media":27483,"comment_status":"closed","ping_status":"closed","sticky":false,"template":"","format":"standard","meta":{"footnotes":""},"categories":[1],"tags":[141,92,9],"class_list":["post-27482","post","type-post","status-publish","format-standard","has-post-thumbnail","hentry","category-wojna","tag-onz","tag-uchodzcow","tag-wojna-rosyjsko-ukrainska"],"_links":{"self":[{"href":"https:\/\/ruwar.org\/pl\/wp-json\/wp\/v2\/posts\/27482","targetHints":{"allow":["GET"]}}],"collection":[{"href":"https:\/\/ruwar.org\/pl\/wp-json\/wp\/v2\/posts"}],"about":[{"href":"https:\/\/ruwar.org\/pl\/wp-json\/wp\/v2\/types\/post"}],"author":[{"embeddable":true,"href":"https:\/\/ruwar.org\/pl\/wp-json\/wp\/v2\/users\/1"}],"replies":[{"embeddable":true,"href":"https:\/\/ruwar.org\/pl\/wp-json\/wp\/v2\/comments?post=27482"}],"version-history":[{"count":0,"href":"https:\/\/ruwar.org\/pl\/wp-json\/wp\/v2\/posts\/27482\/revisions"}],"wp:featuredmedia":[{"embeddable":true,"href":"https:\/\/ruwar.org\/pl\/wp-json\/wp\/v2\/media\/27483"}],"wp:attachment":[{"href":"https:\/\/ruwar.org\/pl\/wp-json\/wp\/v2\/media?parent=27482"}],"wp:term":[{"taxonomy":"category","embeddable":true,"href":"https:\/\/ruwar.org\/pl\/wp-json\/wp\/v2\/categories?post=27482"},{"taxonomy":"post_tag","embeddable":true,"href":"https:\/\/ruwar.org\/pl\/wp-json\/wp\/v2\/tags?post=27482"}],"curies":[{"name":"wp","href":"https:\/\/api.w.org\/{rel}","templated":true}]}}