{"id":27460,"date":"2024-07-18T12:35:02","date_gmt":"2024-07-18T10:35:02","guid":{"rendered":"https:\/\/razvedka.info\/pl\/2024-07-sily-obronne-wycofaly-sie-z-urozhayne-w-obwodzie-donieckim\/"},"modified":"2024-07-18T12:35:02","modified_gmt":"2024-07-18T10:35:02","slug":"sily-obronne-wycofaly-sie-z-urozhayne-w-obwodzie-donieckim","status":"publish","type":"post","link":"https:\/\/ruwar.org\/pl\/2024-07-sily-obronne-wycofaly-sie-z-urozhayne-w-obwodzie-donieckim\/","title":{"rendered":"Si\u0142y obronne wycofa\u0142y si\u0119 z Urozhayne w obwodzie donieckim"},"content":{"rendered":"<p>\u017bo\u0142nierze Si\u0142 Zbrojnych Ukrainy wycofali si\u0119 ze swoich pozycji we wsi Uro\u017cajne w obwodzie donieckim, <a rel=\"nofollow noopener\" target=\"_blank\" href=\"https:\/\/suspilne.media\/donbas\/793289-dla-zberezenna-zitta-vijskovih-sili-oboroni-vidijsli-vid-pozicij-v-urozajnomu-pidtverdili-v-osuv-hortica\/\">Zg\u0142oszone<\/a> 18 lipca w komentarzu dla Suspilne Donbasu Nazar Wo\u0142oszyn, rzecznik Chortyckiej Wsp\u00f3lnej Grupy Zadaniowej. Po raz drugi w ramach inwazji na pe\u0142n\u0105 skal\u0119 Rosjanie zaj\u0119li wiosk\u0119, niemal ca\u0142kowicie j\u0105 niszcz\u0105c.<\/p>\n<p><em>&#8222;Ze wzgl\u0119du na to, \u017ce wr\u00f3g zniszczy\u0142 prawie wszystko w Urozhayne, si\u0142y obronne wycofa\u0142y si\u0119 na inne pozycje. Decyzja zapad\u0142a. Aby zachowa\u0107 \u017cycie i zdrowie naszych \u017co\u0142nierzy, kt\u00f3rzy tam utrzymywali lini\u0119&#8221;<\/em>\u2013 powiedzia\u0142 Nazar Wo\u0142oszyn.<\/p>\n<p><strong>Zobacz map\u0119 sytuacji na froncie w czasie rzeczywistym<\/strong><\/p>\n<div class=\"responsive-embed\" style=\"position:static;padding-bottom: 0;height: auto;\"><iframe align=\"middle\" allowfullscreen=\"true\" class=\"lazyload\" src=\"https:\/\/deepstatemap.live\/#14\/47.7542099\/36.8173313\" frameborder=\"1\" height=\"820\" sandbox=\"allow-scripts allow-same-origin\" scrolling=\"no\" style=\"border:0 # none; position: static; display: block;height: auto;min-height: 600px\"><\/iframe><\/div>\n<p>Wed\u0142ug niego decyzja o wycofaniu si\u0119 ze wsi zosta\u0142a podj\u0119ta, poniewa\u017c ona i pozycje Si\u0142 Obronnych na jej terytorium zosta\u0142y zniszczone przez d\u0142ugotrwa\u0142e i po\u0142\u0105czone uderzenia rosyjskie. Jednocze\u015bnie rzecznik Task Force Si\u0142 Po\u0142\u0105czonych powiedzia\u0142, \u017ce okupanci ponie\u015bli ci\u0119\u017ckie straty podczas szturmu na osad\u0119, a ukrai\u0144scy obro\u0144cy kontroluj\u0105 sytuacj\u0119 na tym kierunku.<\/p>\n<p>Przypomnijmy, \u017ce od marca 2022 r. okupowane jest Urozhayne, po\u0142o\u017cone w rejonie Wo\u0142nowacha w obwodzie donieckim. W sierpniu 2023 r. w trakcie dzia\u0142a\u0144 kontrofensywnych ukrai\u0144scy obro\u0144cy odbili wiosk\u0119.<\/p>\n","protected":false},"excerpt":{"rendered":"<p>\u017bo\u0142nierze Si\u0142 Zbrojnych Ukrainy wycofali si\u0119 ze swoich pozycji we wsi Uro\u017cajne w obwodzie donieckim, Zg\u0142oszone 18 lipca w komentarzu dla Suspilne Donbasu Nazar Wo\u0142oszyn, rzecznik Chortyckiej Wsp\u00f3lnej Grupy Zadaniowej. Po raz drugi w ramach inwazji na pe\u0142n\u0105 skal\u0119 Rosjanie zaj\u0119li wiosk\u0119, niemal ca\u0142kowicie j\u0105 niszcz\u0105c. &#8222;Ze wzgl\u0119du na to, \u017ce wr\u00f3g zniszczy\u0142 prawie wszystko [&hellip;]<\/p>\n","protected":false},"author":1,"featured_media":27461,"comment_status":"closed","ping_status":"closed","sticky":false,"template":"","format":"standard","meta":{"footnotes":""},"categories":[1],"tags":[2633,15,21,9],"class_list":["post-27460","post","type-post","status-publish","format-standard","has-post-thumbnail","hentry","category-wojna","tag-aktualnosci-z-ukrainy","tag-obwod-doniecki","tag-sily-zbrojne-ukrainy","tag-wojna-rosyjsko-ukrainska"],"_links":{"self":[{"href":"https:\/\/ruwar.org\/pl\/wp-json\/wp\/v2\/posts\/27460","targetHints":{"allow":["GET"]}}],"collection":[{"href":"https:\/\/ruwar.org\/pl\/wp-json\/wp\/v2\/posts"}],"about":[{"href":"https:\/\/ruwar.org\/pl\/wp-json\/wp\/v2\/types\/post"}],"author":[{"embeddable":true,"href":"https:\/\/ruwar.org\/pl\/wp-json\/wp\/v2\/users\/1"}],"replies":[{"embeddable":true,"href":"https:\/\/ruwar.org\/pl\/wp-json\/wp\/v2\/comments?post=27460"}],"version-history":[{"count":0,"href":"https:\/\/ruwar.org\/pl\/wp-json\/wp\/v2\/posts\/27460\/revisions"}],"wp:featuredmedia":[{"embeddable":true,"href":"https:\/\/ruwar.org\/pl\/wp-json\/wp\/v2\/media\/27461"}],"wp:attachment":[{"href":"https:\/\/ruwar.org\/pl\/wp-json\/wp\/v2\/media?parent=27460"}],"wp:term":[{"taxonomy":"category","embeddable":true,"href":"https:\/\/ruwar.org\/pl\/wp-json\/wp\/v2\/categories?post=27460"},{"taxonomy":"post_tag","embeddable":true,"href":"https:\/\/ruwar.org\/pl\/wp-json\/wp\/v2\/tags?post=27460"}],"curies":[{"name":"wp","href":"https:\/\/api.w.org\/{rel}","templated":true}]}}