{"id":27391,"date":"2024-07-15T16:45:02","date_gmt":"2024-07-15T14:45:02","guid":{"rendered":"https:\/\/razvedka.info\/pl\/2024-07-zolnierze-24-brygady-sprzeciwili-sie-usunieciu-dowodcy-brygady-iwana-holiszewskiego\/"},"modified":"2024-07-15T16:45:02","modified_gmt":"2024-07-15T14:45:02","slug":"zolnierze-24-brygady-sprzeciwili-sie-usunieciu-dowodcy-brygady-iwana-holiszewskiego","status":"publish","type":"post","link":"https:\/\/ruwar.org\/pl\/2024-07-zolnierze-24-brygady-sprzeciwili-sie-usunieciu-dowodcy-brygady-iwana-holiszewskiego\/","title":{"rendered":"\u017bo\u0142nierze 24 Brygady sprzeciwili si\u0119 usuni\u0119ciu dow\u00f3dcy brygady Iwana Holiszewskiego"},"content":{"rendered":"<p>\u017bo\u0142nierze Batalionu Bezza\u0142ogowych System\u00f3w Powietrznych Rarog z 24. oddzielnej brygady zmechanizowanej im. kr\u00f3la Dany\u0142y sprzeciwili si\u0119 usuni\u0119ciu dow\u00f3dcy brygady, Bohatera Ukrainy pu\u0142kownika Iwana Holiszewskiego ze stanowiska dow\u00f3dcy brygady. Jest to stwierdzone w <a rel=\"nofollow noopener\" target=\"_blank\" href=\"https:\/\/t.me\/Rarog_24OMBr\/213?\">Wiadomo\u015b\u0107 wideo<\/a>i prezydentowi, udost\u0119pniono na kanale batalionu w serwisie Telegram 15 lipca. Kilka dni temu poinformowano, \u017ce pu\u0142kownik Iwan Goliszewski zosta\u0142 usuni\u0119ty ze stanowiska w zwi\u0105zku z sytuacj\u0105 w Czasiw Jarze.<\/p>\n<p>Na nagraniu bojownicy stwierdzili, \u017ce Iwan Goliszewski jest kompetentnym oficerem, dow\u00f3dc\u0105 bojowym i prawdziwym dow\u00f3dc\u0105 24 Brygady, a decyzj\u0119 o ewentualnym usuni\u0119ciu go ze stanowiska nazwali du\u017cym b\u0142\u0119dem.<\/p>\n<p>\u00ab<em>Na razie planuje si\u0119 usuni\u0119cie ze stanowiska dow\u00f3dcy brygady Iwana Goliszewskiego ze wzgl\u0119du na to, \u017ce nie dowodzi\u0142 brygad\u0105 w atakach mi\u0119snych bez odpowiedniej obsady kadrowej. Tym samym porzuci\u0142 strategi\u0119 Federacji Rosyjskiej. Dzisiaj najcenniejsz\u0105 rzecz\u0105, jak\u0105 dysponujemy, s\u0105 zasoby ludzkie<\/em>&#8222;, powiedzia\u0142 dow\u00f3dca batalionu &#8222;Rarog&#8221; ze znakiem wywo\u0142awczym &#8222;Chasan&#8221;.<\/p>\n<div class=\"responsive-embed\"><iframe loading=\"lazy\" allowfullscreen=\"true\" class=\"lazyload\" src=\"https:\/\/zaxid.net\/news\/showPlayer.do?objectId=1589554&amp;videoId=110387&amp;jwpHeight=360&amp;jwpWidth=640\" frameborder=\"0\" height=\"360\" sandbox=\"allow-scripts allow-same-origin\" scrolling=\"no\" width=\"640\"><\/iframe><\/div>\n<p>\u017bo\u0142nierze batalionu podkre\u015blali r\u00f3wnie\u017c, \u017ce Iwan Holiszewski jest dla nich przyk\u0142adem i nie jest mu oboj\u0119tny los \u017co\u0142nierzy.<\/p>\n<p>\u00ab<em>Uwa\u017camy t\u0119 haniebn\u0105 decyzj\u0119 za bezpo\u015bredni sabota\u017c ze strony dow\u00f3dztwa<\/em>&#8222;, powiedzia\u0142 inny my\u015bliwiec.<\/p>\n<p>\u00ab<em>Dymisja takiego dow\u00f3dcy bojowego to strza\u0142 w stop\u0119, ku rado\u015bci ork\u00f3w<\/em>\u2013 doda\u0142 inny \u017co\u0142nierz.<\/p>\n<p>Kilka dni temu dziennikarka Anna Kaliu\u017cna odnosz\u0105c si\u0119 do zast\u0119pcy dow\u00f3dcy 206. batalionu 24. brygady, Romana Ku\u0142yka <a rel=\"nofollow noopener\" target=\"_blank\" href=\"https:\/\/www.facebook.com\/AnZhulak\/posts\/2762283167268672\">Zg\u0142oszone<\/a>\u017ce dow\u00f3dca brygady Iwan Goliszewski zostaje usuni\u0119ty ze stanowiska z powodu sytuacji w mie\u015bcie Czasiw Jar w obwodzie donieckim, &#8222;gdzie brygadzie przydziela si\u0119 fantastyczne zadania, a dow\u00f3dc\u00f3w, kt\u00f3rzy staraj\u0105 si\u0119 post\u0119powa\u0107 zgodnie z rzeczywisto\u015bci\u0105, a nie fantazj\u0105, usuwa si\u0119&#8221;.<\/p>\n<p>36-letni Iwan Holiszewski jest dow\u00f3dc\u0105 24. brygady od wrze\u015bnia 2022 roku. Nie uda\u0142o nam si\u0119 jeszcze uzyska\u0107 oficjalnego komentarza ze strony dow\u00f3dztwa brygady na temat sytuacji zwi\u0105zanej z jego ewentualn\u0105 rezygnacj\u0105. Iwan Holiszewski otrzyma\u0142 tytu\u0142 Bohatera Ukrainy w sierpniu 2022 roku, kiedy by\u0142 dow\u00f3dc\u0105 15. samodzielnego g\u00f3rskiego batalionu szturmowego 128. brygady. Jego batalion skutecznie powstrzymywa\u0142 wroga na kierunku \u0142uga\u0144skim i uniemo\u017cliwia\u0142 Rosjanom rozwini\u0119cie ofensywy.<\/p>\n","protected":false},"excerpt":{"rendered":"<p>\u017bo\u0142nierze Batalionu Bezza\u0142ogowych System\u00f3w Powietrznych Rarog z 24. oddzielnej brygady zmechanizowanej im. kr\u00f3la Dany\u0142y sprzeciwili si\u0119 usuni\u0119ciu dow\u00f3dcy brygady, Bohatera Ukrainy pu\u0142kownika Iwana Holiszewskiego ze stanowiska dow\u00f3dcy brygady. Jest to stwierdzone w Wiadomo\u015b\u0107 wideoi prezydentowi, udost\u0119pniono na kanale batalionu w serwisie Telegram 15 lipca. Kilka dni temu poinformowano, \u017ce pu\u0142kownik Iwan Goliszewski zosta\u0142 usuni\u0119ty ze [&hellip;]<\/p>\n","protected":false},"author":1,"featured_media":27392,"comment_status":"closed","ping_status":"closed","sticky":false,"template":"","format":"standard","meta":{"footnotes":""},"categories":[1],"tags":[3524,21],"class_list":["post-27391","post","type-post","status-publish","format-standard","has-post-thumbnail","hentry","category-wojna","tag-iwan-goliszewski","tag-sily-zbrojne-ukrainy"],"_links":{"self":[{"href":"https:\/\/ruwar.org\/pl\/wp-json\/wp\/v2\/posts\/27391","targetHints":{"allow":["GET"]}}],"collection":[{"href":"https:\/\/ruwar.org\/pl\/wp-json\/wp\/v2\/posts"}],"about":[{"href":"https:\/\/ruwar.org\/pl\/wp-json\/wp\/v2\/types\/post"}],"author":[{"embeddable":true,"href":"https:\/\/ruwar.org\/pl\/wp-json\/wp\/v2\/users\/1"}],"replies":[{"embeddable":true,"href":"https:\/\/ruwar.org\/pl\/wp-json\/wp\/v2\/comments?post=27391"}],"version-history":[{"count":0,"href":"https:\/\/ruwar.org\/pl\/wp-json\/wp\/v2\/posts\/27391\/revisions"}],"wp:featuredmedia":[{"embeddable":true,"href":"https:\/\/ruwar.org\/pl\/wp-json\/wp\/v2\/media\/27392"}],"wp:attachment":[{"href":"https:\/\/ruwar.org\/pl\/wp-json\/wp\/v2\/media?parent=27391"}],"wp:term":[{"taxonomy":"category","embeddable":true,"href":"https:\/\/ruwar.org\/pl\/wp-json\/wp\/v2\/categories?post=27391"},{"taxonomy":"post_tag","embeddable":true,"href":"https:\/\/ruwar.org\/pl\/wp-json\/wp\/v2\/tags?post=27391"}],"curies":[{"name":"wp","href":"https:\/\/api.w.org\/{rel}","templated":true}]}}