{"id":27048,"date":"2024-07-04T10:20:02","date_gmt":"2024-07-04T08:20:02","guid":{"rendered":"https:\/\/razvedka.info\/pl\/2024-07-sily-zbrojne-ukrainy-wycofaly-sie-z-jednej-z-dzielnic-w-czasiw-jarze\/"},"modified":"2024-07-04T10:20:02","modified_gmt":"2024-07-04T08:20:02","slug":"sily-zbrojne-ukrainy-wycofaly-sie-z-jednej-z-dzielnic-w-czasiw-jarze","status":"publish","type":"post","link":"https:\/\/ruwar.org\/pl\/2024-07-sily-zbrojne-ukrainy-wycofaly-sie-z-jednej-z-dzielnic-w-czasiw-jarze\/","title":{"rendered":"Si\u0142y Zbrojne Ukrainy wycofa\u0142y si\u0119 z jednej z dzielnic w Czasiw Jarze"},"content":{"rendered":"<p>\u017bo\u0142nierze Si\u0142 Zbrojnych Ukrainy wycofali si\u0119 z mikrorejonu Kana\u0142u, znajduj\u0105cego si\u0119 w Czasiw Jarze w obwodzie donieckim. Poinformowa\u0142 o tym na antenie telethonu w czwartek, 3 lipca, rzecznik Chortyckiej Po\u0142\u0105czonej Grupy Zadaniowej Nazar Wo\u0142oszyn.<\/p>\n<p>Wed\u0142ug rzecznika JUV utrzymanie dzielnicy by\u0142o niepraktyczne, poniewa\u017c zagra\u017ca\u0142o \u017cyciu ukrai\u0144skiego wojska. Ponadto w s\u0105siedztwie zosta\u0142y zniszczone pozycje Si\u0142 Zbrojnych Ukrainy, wi\u0119c \u017co\u0142nierze przenios\u0105 si\u0119 na bardziej ufortyfikowane pozycje.<\/p>\n<p><em>&#8222;Jednak wr\u00f3g nie zaprzestaje tam swoich aktywnych dzia\u0142a\u0144 wojennych. Ma pewne terminy, kt\u00f3rych nie jest w stanie dotrzyma\u0107 od kilku miesi\u0119cy \u2013 zaj\u0105\u0107 miasto Czasiw Jar i odwiesi\u0107 swoje tr\u00f3jkolorowe \u0142achmany.<\/em>\u2013 powiedzia\u0142 Nazar Wo\u0142oszyn.<\/p>\n<p><strong>Zobacz map\u0119 sytuacji na froncie w czasie rzeczywistym<\/strong><\/p>\n<div class=\"responsive-embed\" style=\"position:static;padding-bottom: 0;height: auto;\"><iframe align=\"middle\" allowfullscreen=\"true\" class=\"lazyload\" src=\"https:\/\/deepstatemap.live\/#11\/48.5975056\/37.8739929\" frameborder=\"1\" height=\"820\" sandbox=\"allow-scripts allow-same-origin\" scrolling=\"no\" style=\"border:0 # none; position: static; display: block;height: auto;min-height: 600px\"><\/iframe><\/div>\n<p>Nale\u017cy zaznaczy\u0107, \u017ce mikrodzielnica Kana\u0142 (nazwa siedziby &#8222;Nowa&#8221;) znajduje si\u0119 we wschodniej cz\u0119\u015bci miasta, oddzielona od wi\u0119kszo\u015bci miasta kana\u0142em Siewierski Doniec-Donbas. Tym kana\u0142em \u017co\u0142nierze Si\u0142 Zbrojnych Ukrainy nadal utrzymuj\u0105 obron\u0119. Eskalacja walk w s\u0105siedztwie nast\u0105pi\u0142a w kwietniu 2024 r., kiedy okupanci zacz\u0119li aktywnie posuwa\u0107 si\u0119 naprz\u00f3d w kierunku Bachmutu. W \u015brod\u0119, 3 lipca, DeepState <a rel=\"nofollow noopener\" target=\"_blank\" href=\"https:\/\/t.me\/DeepStateUA\/19816\">Zg\u0142oszone<\/a>\u017ce okolica Kana\u0142u zosta\u0142a doszcz\u0119tnie zniszczona.<\/p>\n","protected":false},"excerpt":{"rendered":"<p>\u017bo\u0142nierze Si\u0142 Zbrojnych Ukrainy wycofali si\u0119 z mikrorejonu Kana\u0142u, znajduj\u0105cego si\u0119 w Czasiw Jarze w obwodzie donieckim. Poinformowa\u0142 o tym na antenie telethonu w czwartek, 3 lipca, rzecznik Chortyckiej Po\u0142\u0105czonej Grupy Zadaniowej Nazar Wo\u0142oszyn. Wed\u0142ug rzecznika JUV utrzymanie dzielnicy by\u0142o niepraktyczne, poniewa\u017c zagra\u017ca\u0142o \u017cyciu ukrai\u0144skiego wojska. Ponadto w s\u0105siedztwie zosta\u0142y zniszczone pozycje Si\u0142 Zbrojnych Ukrainy, [&hellip;]<\/p>\n","protected":false},"author":1,"featured_media":27049,"comment_status":"closed","ping_status":"closed","sticky":false,"template":"","format":"standard","meta":{"footnotes":""},"categories":[1],"tags":[2633,15,21,9],"class_list":["post-27048","post","type-post","status-publish","format-standard","has-post-thumbnail","hentry","category-wojna","tag-aktualnosci-z-ukrainy","tag-obwod-doniecki","tag-sily-zbrojne-ukrainy","tag-wojna-rosyjsko-ukrainska"],"_links":{"self":[{"href":"https:\/\/ruwar.org\/pl\/wp-json\/wp\/v2\/posts\/27048","targetHints":{"allow":["GET"]}}],"collection":[{"href":"https:\/\/ruwar.org\/pl\/wp-json\/wp\/v2\/posts"}],"about":[{"href":"https:\/\/ruwar.org\/pl\/wp-json\/wp\/v2\/types\/post"}],"author":[{"embeddable":true,"href":"https:\/\/ruwar.org\/pl\/wp-json\/wp\/v2\/users\/1"}],"replies":[{"embeddable":true,"href":"https:\/\/ruwar.org\/pl\/wp-json\/wp\/v2\/comments?post=27048"}],"version-history":[{"count":0,"href":"https:\/\/ruwar.org\/pl\/wp-json\/wp\/v2\/posts\/27048\/revisions"}],"wp:featuredmedia":[{"embeddable":true,"href":"https:\/\/ruwar.org\/pl\/wp-json\/wp\/v2\/media\/27049"}],"wp:attachment":[{"href":"https:\/\/ruwar.org\/pl\/wp-json\/wp\/v2\/media?parent=27048"}],"wp:term":[{"taxonomy":"category","embeddable":true,"href":"https:\/\/ruwar.org\/pl\/wp-json\/wp\/v2\/categories?post=27048"},{"taxonomy":"post_tag","embeddable":true,"href":"https:\/\/ruwar.org\/pl\/wp-json\/wp\/v2\/tags?post=27048"}],"curies":[{"name":"wp","href":"https:\/\/api.w.org\/{rel}","templated":true}]}}