{"id":27001,"date":"2024-07-02T13:00:04","date_gmt":"2024-07-02T11:00:04","guid":{"rendered":"https:\/\/razvedka.info\/pl\/2024-07-pozar-na-duza-skale-wybuchl-w-rosyjskim-miescie-kursk\/"},"modified":"2024-07-02T13:00:04","modified_gmt":"2024-07-02T11:00:04","slug":"pozar-na-duza-skale-wybuchl-w-rosyjskim-miescie-kursk","status":"publish","type":"post","link":"https:\/\/ruwar.org\/pl\/2024-07-pozar-na-duza-skale-wybuchl-w-rosyjskim-miescie-kursk\/","title":{"rendered":"Po\u017car na du\u017c\u0105 skal\u0119 wybuch\u0142 w rosyjskim mie\u015bcie Kursk"},"content":{"rendered":"<p>We wtorek 2 lipca w centrum rosyjskiego miasta Kursk, oddalonego od Ukrainy o ponad sto kilometr\u00f3w, wybuch\u0142 po\u017car. O tym w Telegramie <a rel=\"nofollow noopener\" target=\"_blank\" href=\"https:\/\/t.me\/gubernator_46\/6492\">Zg\u0142oszone<\/a> Szef obwodu kurskiego Federacji Rosyjskiej Aleksander Smirnow.<\/p>\n<p>Wed\u0142ug jego s\u0142\u00f3w, na miejscu po\u017caru pracuje 10 jednostek sprz\u0119tu specjalnego i 60 ratownik\u00f3w Ministerstwa Sytuacji Nadzwyczajnych Rosji w obwodzie kurskim. P\u00f3\u017aniej doda\u0142, \u017ce po\u017car zosta\u0142 ugaszony. Nie by\u0142o informacji o ofiarach. Gubernator obwodu kurskiego zaznaczy\u0142, \u017ce przyczyny po\u017caru s\u0105 ustalane. Nie napisa\u0142, co dok\u0142adnie si\u0119 pali.<\/p>\n<div class=\"media_embed \">\n<div class=\"responsive-embed\"><\/div>\n<div class=\"responsive-embed\"><iframe loading=\"lazy\" allowfullscreen=\"true\" class=\"lazyload\" src=\"https:\/\/zaxid.net\/news\/showPlayer.do?objectId=1588678&amp;videoId=110336&amp;jwpHeight=360&amp;jwpWidth=640\" frameborder=\"0\" height=\"360\" sandbox=\"allow-scripts allow-same-origin\" scrolling=\"no\" width=\"640\"><\/iframe><\/div>\n<\/div>\n<p>Lokalne kana\u0142y Telegram poinformowa\u0142y, \u017ce widzia\u0142y du\u017cy s\u0142up czarnego dymu nad miastem. Wed\u0142ug kana\u0142u CyberFlour, w Kursku <a rel=\"nofollow noopener\" target=\"_blank\" href=\"https:\/\/t.me\/kiber_boroshno\/8858\">Oparzenia<\/a> 3754 Centralna Lotnicza Baza Techniczna (HF 13830). Nie ma jeszcze oficjalnego potwierdzenia tej informacji.<\/p>\n<p style=\"text-align: center;\"><span class=\"lazyload-holder\" style=\"padding-bottom: 79.453125%;\"><br \/><noscript><br \/>   <img decoding=\"async\" data-original-height=\"1017\" original-width=\"1280\" src=\"https:\/\/razvedka.info\/pl\/media\/2024\/07\/Pozar-na-duza-skale-wybuchl-w-rosyjskim-miescie-Kursk.jpg\" alt=\"U rosiyskomu Kursku spalakhnula masshtabna pozhezha\" title=\"Po\u017car na du\u017c\u0105 skal\u0119 wybuch\u0142 w rosyjskim mie\u015bcie Kursk\"><br \/>  <\/noscript><img data-perfmatters-preload decoding=\"async\" src=\"https:\/\/razvedka.info\/pl\/media\/2024\/07\/Pozar-na-duza-skale-wybuchl-w-rosyjskim-miescie-Kursk.jpg\" class=\"lazyload lazy-img-blur-up\" alt=\"U rosiyskomu Kursku spalakhnula masshtabna pozhezha\" data- title=\"Po\u017car na du\u017c\u0105 skal\u0119 wybuch\u0142 w rosyjskim mie\u015bcie Kursk\"><\/span><span class=\"news-page-photo-name\"><\/span><\/p>\n<p>Nawiasem m\u00f3wi\u0105c, w niedziel\u0119 30 czerwca rosyjskie Ministerstwo Obrony poinformowa\u0142o o rzekomym zmasowanym ataku dron\u00f3w na sze\u015b\u0107 region\u00f3w Rosji. W szczeg\u00f3lno\u015bci poinformowano o ataku nieznanych dron\u00f3w na Nowolipiecki Zak\u0142ad Metalurgiczny w Rosji.<\/p>\n","protected":false},"excerpt":{"rendered":"<p>We wtorek 2 lipca w centrum rosyjskiego miasta Kursk, oddalonego od Ukrainy o ponad sto kilometr\u00f3w, wybuch\u0142 po\u017car. O tym w Telegramie Zg\u0142oszone Szef obwodu kurskiego Federacji Rosyjskiej Aleksander Smirnow. Wed\u0142ug jego s\u0142\u00f3w, na miejscu po\u017caru pracuje 10 jednostek sprz\u0119tu specjalnego i 60 ratownik\u00f3w Ministerstwa Sytuacji Nadzwyczajnych Rosji w obwodzie kurskim. P\u00f3\u017aniej doda\u0142, \u017ce po\u017car [&hellip;]<\/p>\n","protected":false},"author":1,"featured_media":27002,"comment_status":"closed","ping_status":"closed","sticky":false,"template":"","format":"standard","meta":{"footnotes":""},"categories":[1],"tags":[93,403,11,9],"class_list":["post-27001","post","type-post","status-publish","format-standard","has-post-thumbnail","hentry","category-wojna","tag-lotnictwo-wojskowe","tag-pozar","tag-rosja","tag-wojna-rosyjsko-ukrainska"],"_links":{"self":[{"href":"https:\/\/ruwar.org\/pl\/wp-json\/wp\/v2\/posts\/27001","targetHints":{"allow":["GET"]}}],"collection":[{"href":"https:\/\/ruwar.org\/pl\/wp-json\/wp\/v2\/posts"}],"about":[{"href":"https:\/\/ruwar.org\/pl\/wp-json\/wp\/v2\/types\/post"}],"author":[{"embeddable":true,"href":"https:\/\/ruwar.org\/pl\/wp-json\/wp\/v2\/users\/1"}],"replies":[{"embeddable":true,"href":"https:\/\/ruwar.org\/pl\/wp-json\/wp\/v2\/comments?post=27001"}],"version-history":[{"count":0,"href":"https:\/\/ruwar.org\/pl\/wp-json\/wp\/v2\/posts\/27001\/revisions"}],"wp:featuredmedia":[{"embeddable":true,"href":"https:\/\/ruwar.org\/pl\/wp-json\/wp\/v2\/media\/27002"}],"wp:attachment":[{"href":"https:\/\/ruwar.org\/pl\/wp-json\/wp\/v2\/media?parent=27001"}],"wp:term":[{"taxonomy":"category","embeddable":true,"href":"https:\/\/ruwar.org\/pl\/wp-json\/wp\/v2\/categories?post=27001"},{"taxonomy":"post_tag","embeddable":true,"href":"https:\/\/ruwar.org\/pl\/wp-json\/wp\/v2\/tags?post=27001"}],"curies":[{"name":"wp","href":"https:\/\/api.w.org\/{rel}","templated":true}]}}