{"id":26998,"date":"2024-07-02T12:10:02","date_gmt":"2024-07-02T10:10:02","guid":{"rendered":"https:\/\/razvedka.info\/pl\/2024-07-prezydent-nadal-tytul-bohatera-ukrainy-poleglemu-zolnierzowi-gwardii-narodowej-z-prykarpacia-mykole-bomkowi\/"},"modified":"2024-07-02T12:10:02","modified_gmt":"2024-07-02T10:10:02","slug":"prezydent-nadal-tytul-bohatera-ukrainy-poleglemu-zolnierzowi-gwardii-narodowej-z-prykarpacia-mykole-bomkowi","status":"publish","type":"post","link":"https:\/\/ruwar.org\/pl\/2024-07-prezydent-nadal-tytul-bohatera-ukrainy-poleglemu-zolnierzowi-gwardii-narodowej-z-prykarpacia-mykole-bomkowi\/","title":{"rendered":"Prezydent nada\u0142 tytu\u0142 Bohatera Ukrainy poleg\u0142emu \u017co\u0142nierzowi Gwardii Narodowej z Prykarpacia Mykole Bomkowi"},"content":{"rendered":"<p>Prezydent Wo\u0142odymyr Ze\u0142enski nada\u0142 tytu\u0142 &#8222;Bohatera Ukrainy&#8221; sier\u017cantowi sztabowemu Gwardii Narodowej Ukrainy Mykole Bomko z Bolechowa. \u017bo\u0142nierz zgin\u0105\u0142 w czerwcu 2023 r. w pobli\u017cu wsi Spirne ko\u0142o Bachmutu, <a rel=\"nofollow noopener\" target=\"_blank\" href=\"https:\/\/www.facebook.com\/photo\/?fbid=503071692057707&amp;set=pcb.503071802057696\">Zg\u0142oszone<\/a> Szefowa Iwano-Frankiwskiej Obwodowej Administracji Pa\u0144stwowej Swit\u0142ana Onyszczuk 1 lipca.<\/p>\n<p><em>&#8222;Za osobist\u0105 odwag\u0119 i bohaterstwo okazane w obronie suwerenno\u015bci pa\u0144stwowej i integralno\u015bci terytorialnej Ukrainy, bezinteresown\u0105 s\u0142u\u017cb\u0119 narodowi ukrai\u0144skiemu, postanawiam: przyzna\u0107 tytu\u0142 &#8222;Bohatera Ukrainy&#8221; Orderem &#8222;Z\u0142otej Gwiazdy&#8221; sier\u017cantowi sztabowemu Myko\u0142ie Bomko (po\u015bmiertnie)&#8221;<\/em> \u2014 <a rel=\"nofollow noopener\" target=\"_blank\" href=\"https:\/\/www.president.gov.ua\/documents\/3842024-51117\">M\u00f3wi<\/a> w dekrecie.<\/p>\n<p>Myko\u0142a Bomko urodzi\u0142 si\u0119 22 maja 1973 roku w obwodzie winnickim. Wraz z \u017con\u0105 Tetian\u0105 mieszka\u0142 w Drohobyczu, a nast\u0119pnie rodzina przenios\u0142a si\u0119 do Bolechowa. Bohater Ukrainy pracowa\u0142 w Pa\u0144stwowej S\u0142u\u017cbie Granicznej Ukrainy na przej\u015bciu granicznym Rawa-Ruska.<\/p>\n<p>Po rozpocz\u0119ciu wojny na pe\u0142n\u0105 skal\u0119 Myko\u0142a Bomko i jego dwaj synowie wyruszyli broni\u0107 kraju. S\u0142u\u017cy\u0142 w stopniu sier\u017canta sztabowego, starszego sier\u017canta 1. plutonu operacyjnego 3. batalionu operacyjnego Gwardii Narodowej Ukrainy. \u017bo\u0142nierz brygady &#8222;Kres\u00f3w&#8221; by\u0142 strzelcem przeciwpancernym. Mieszkaniec Karpat zmar\u0142 1 czerwca 2023 r. w pobli\u017cu Spirne w rejonie bachmutowskim.<\/p>\n","protected":false},"excerpt":{"rendered":"<p>Prezydent Wo\u0142odymyr Ze\u0142enski nada\u0142 tytu\u0142 &#8222;Bohatera Ukrainy&#8221; sier\u017cantowi sztabowemu Gwardii Narodowej Ukrainy Mykole Bomko z Bolechowa. \u017bo\u0142nierz zgin\u0105\u0142 w czerwcu 2023 r. w pobli\u017cu wsi Spirne ko\u0142o Bachmutu, Zg\u0142oszone Szefowa Iwano-Frankiwskiej Obwodowej Administracji Pa\u0144stwowej Swit\u0142ana Onyszczuk 1 lipca. &#8222;Za osobist\u0105 odwag\u0119 i bohaterstwo okazane w obronie suwerenno\u015bci pa\u0144stwowej i integralno\u015bci terytorialnej Ukrainy, bezinteresown\u0105 s\u0142u\u017cb\u0119 narodowi [&hellip;]<\/p>\n","protected":false},"author":1,"featured_media":26999,"comment_status":"closed","ping_status":"closed","sticky":false,"template":"","format":"standard","meta":{"footnotes":""},"categories":[1],"tags":[393,394,24,9],"class_list":["post-26998","post","type-post","status-publish","format-standard","has-post-thumbnail","hentry","category-wojna","tag-bohater-ukrainy","tag-nagrody","tag-wiadomosci-z-iwano-frankiwska","tag-wojna-rosyjsko-ukrainska"],"_links":{"self":[{"href":"https:\/\/ruwar.org\/pl\/wp-json\/wp\/v2\/posts\/26998","targetHints":{"allow":["GET"]}}],"collection":[{"href":"https:\/\/ruwar.org\/pl\/wp-json\/wp\/v2\/posts"}],"about":[{"href":"https:\/\/ruwar.org\/pl\/wp-json\/wp\/v2\/types\/post"}],"author":[{"embeddable":true,"href":"https:\/\/ruwar.org\/pl\/wp-json\/wp\/v2\/users\/1"}],"replies":[{"embeddable":true,"href":"https:\/\/ruwar.org\/pl\/wp-json\/wp\/v2\/comments?post=26998"}],"version-history":[{"count":0,"href":"https:\/\/ruwar.org\/pl\/wp-json\/wp\/v2\/posts\/26998\/revisions"}],"wp:featuredmedia":[{"embeddable":true,"href":"https:\/\/ruwar.org\/pl\/wp-json\/wp\/v2\/media\/26999"}],"wp:attachment":[{"href":"https:\/\/ruwar.org\/pl\/wp-json\/wp\/v2\/media?parent=26998"}],"wp:term":[{"taxonomy":"category","embeddable":true,"href":"https:\/\/ruwar.org\/pl\/wp-json\/wp\/v2\/categories?post=26998"},{"taxonomy":"post_tag","embeddable":true,"href":"https:\/\/ruwar.org\/pl\/wp-json\/wp\/v2\/tags?post=26998"}],"curies":[{"name":"wp","href":"https:\/\/api.w.org\/{rel}","templated":true}]}}