{"id":26678,"date":"2024-06-18T16:20:03","date_gmt":"2024-06-18T14:20:03","guid":{"rendered":"https:\/\/razvedka.info\/pl\/2024-06-rosjanie-scieli-glowe-ukrainskiemu-zolnierzowi-w-kierunku-donieckim\/"},"modified":"2024-06-18T16:20:03","modified_gmt":"2024-06-18T14:20:03","slug":"rosjanie-scieli-glowe-ukrainskiemu-zolnierzowi-w-kierunku-donieckim","status":"publish","type":"post","link":"https:\/\/ruwar.org\/pl\/2024-06-rosjanie-scieli-glowe-ukrainskiemu-zolnierzowi-w-kierunku-donieckim\/","title":{"rendered":"Rosjanie \u015bci\u0119li g\u0142ow\u0119 ukrai\u0144skiemu \u017co\u0142nierzowi w kierunku donieckim"},"content":{"rendered":"<p>Rosyjscy okupanci nadal pope\u0142niaj\u0105 zbrodnie wojenne na terytorium Ukrainy. Jak <a rel=\"nofollow noopener\" target=\"_blank\" href=\"https:\/\/x.com\/AndriyKostinUa\/status\/1803045680526541016\">Zg\u0142oszone<\/a> We wtorek 18 czerwca na kierunku donieckim Rosjanie \u015bci\u0119li g\u0142ow\u0119 ukrai\u0144skiemu \u017co\u0142nierzowi.<\/p>\n<p>Wed\u0142ug Prokuratury Generalnej fakt brutalnej egzekucji ukrai\u0144skiego \u017co\u0142nierza odkryto podczas rozpoznania lotniczego na jednej z pozycji bojowych w kierunku donieckim.<\/p>\n<p><em>&#8222;Podczas rozpoznania powietrznego na jednej z pozycji bojowych w obwodzie donieckim ukrai\u0144skie wojsko znalaz\u0142o uszkodzony pojazd opancerzony Si\u0142 Obronnych Ukrainy. By\u0142a na nim odci\u0119ta g\u0142owa ukrai\u0144skiego obro\u0144cy&#8221;.<\/em>\u2013 napisano w o\u015bwiadczeniu.<\/p>\n<p>Wed\u0142ug Andrija Kostina rosyjscy dow\u00f3dcy wydali rozkaz, aby nie bra\u0107 do niewoli ukrai\u0144skich \u017co\u0142nierzy.<\/p>\n<p><em>&#8222;Zamiast tego zabi\u0107 ich (ukrai\u0144skie wojsko \u2013 red.) z nieludzkim okrucie\u0144stwem \u2013 przez \u015bci\u0119cie. Fakt \u015bci\u0119cia ukrai\u0144skiego obro\u0144cy odnotowano w obwodzie donieckim&#8221;<\/em> \u2013 powiedzia\u0142 Andrij Kostin.<\/p>\n<p>Andrij Kostin nie sprecyzowa\u0142, kiedy dok\u0142adnie dosz\u0142o do tego incydentu, ale zaznaczy\u0142, \u017ce rosyjskie wojsko systematycznie pope\u0142nia zbrodnie wojenne na terytorium Ukrainy. Wed\u0142ug Prokuratora Generalnego, rozkazy egzekucji \u017co\u0142nierzy Si\u0142 Zbrojnych Ukrainy wydawane s\u0105 na szczeblu dow\u00f3dztwa batalionu i kompanii si\u0142 okupacyjnych.<\/p>\n<p><em>&#8222;To straszne barbarzy\u0144stwo, na kt\u00f3re nie ma miejsca w XI wieku. I to jest kolejny dow\u00f3d na to, \u017ce zbrodnie wojenne pope\u0142nione przez agresora nie s\u0105 odosobnionymi incydentami, ale zaplanowan\u0105 strategi\u0105 rosyjskiego re\u017cimu.<\/em>&#8222;B\u0119dziemy nadal wsp\u00f3\u0142pracowa\u0107 z naszymi klientami&#8221; \u2013 podkre\u015bli\u0142 Andrij Kostin.<\/p>\n<p>Prokuratura obwodu donieckiego wszcz\u0119\u0142a \u015bledztwo przedprocesowe w sprawie naruszenia praw i zwyczaj\u00f3w wojennych w po\u0142\u0105czeniu z zab\u00f3jstwem z premedytacj\u0105 (cz\u0119\u015b\u0107 2 art. 438 Kodeksu karnego Ukrainy). Str\u00f3\u017ce prawa podkre\u015blali, \u017ce sprawdzaj\u0105 udzia\u0142 konkretnych \u017co\u0142nierzy Si\u0142 Zbrojnych FR w pope\u0142nieniu tej zbrodni.<\/p>\n<p><em>&#8222;Takie dzia\u0142ania stanowi\u0105 ra\u017c\u0105ce naruszenie artyku\u0142\u00f3w Konwencji Genewskiej o traktowaniu je\u0144c\u00f3w wojennych oraz Protoko\u0142u dodatkowego do Konwencji Genewskich i dotycz\u0105cych ochrony ofiar mi\u0119dzynarodowych konflikt\u00f3w zbrojnych&#8221;<\/em>\u2013 podkre\u015bli\u0142 w prokuraturze.<\/p>\n<p>4 czerwca prokurator generalny Andrij Kostin potwierdzi\u0142, \u017ce od pocz\u0105tku pe\u0142noskalowej inwazji Rosji w Ukrain\u0119 okupanci rozstrzelali 61 ukrai\u0144skich je\u0144c\u00f3w wojennych. Wed\u0142ug Andrija Kostina Rosjanie torturuj\u0105 ukrai\u0144skich je\u0144c\u00f3w wojennych i przetrzymuj\u0105 ich w nieludzkich warunkach.<\/p>\n","protected":false},"excerpt":{"rendered":"<p>Rosyjscy okupanci nadal pope\u0142niaj\u0105 zbrodnie wojenne na terytorium Ukrainy. Jak Zg\u0142oszone We wtorek 18 czerwca na kierunku donieckim Rosjanie \u015bci\u0119li g\u0142ow\u0119 ukrai\u0144skiemu \u017co\u0142nierzowi. Wed\u0142ug Prokuratury Generalnej fakt brutalnej egzekucji ukrai\u0144skiego \u017co\u0142nierza odkryto podczas rozpoznania lotniczego na jednej z pozycji bojowych w kierunku donieckim. &#8222;Podczas rozpoznania powietrznego na jednej z pozycji bojowych w obwodzie donieckim ukrai\u0144skie [&hellip;]<\/p>\n","protected":false},"author":1,"featured_media":26679,"comment_status":"closed","ping_status":"closed","sticky":false,"template":"","format":"standard","meta":{"footnotes":""},"categories":[1],"tags":[15,21,9,824],"class_list":["post-26678","post","type-post","status-publish","format-standard","has-post-thumbnail","hentry","category-wojna","tag-obwod-doniecki","tag-sily-zbrojne-ukrainy","tag-wojna-rosyjsko-ukrainska","tag-zbrodnie-wojenne-rosji"],"_links":{"self":[{"href":"https:\/\/ruwar.org\/pl\/wp-json\/wp\/v2\/posts\/26678","targetHints":{"allow":["GET"]}}],"collection":[{"href":"https:\/\/ruwar.org\/pl\/wp-json\/wp\/v2\/posts"}],"about":[{"href":"https:\/\/ruwar.org\/pl\/wp-json\/wp\/v2\/types\/post"}],"author":[{"embeddable":true,"href":"https:\/\/ruwar.org\/pl\/wp-json\/wp\/v2\/users\/1"}],"replies":[{"embeddable":true,"href":"https:\/\/ruwar.org\/pl\/wp-json\/wp\/v2\/comments?post=26678"}],"version-history":[{"count":0,"href":"https:\/\/ruwar.org\/pl\/wp-json\/wp\/v2\/posts\/26678\/revisions"}],"wp:featuredmedia":[{"embeddable":true,"href":"https:\/\/ruwar.org\/pl\/wp-json\/wp\/v2\/media\/26679"}],"wp:attachment":[{"href":"https:\/\/ruwar.org\/pl\/wp-json\/wp\/v2\/media?parent=26678"}],"wp:term":[{"taxonomy":"category","embeddable":true,"href":"https:\/\/ruwar.org\/pl\/wp-json\/wp\/v2\/categories?post=26678"},{"taxonomy":"post_tag","embeddable":true,"href":"https:\/\/ruwar.org\/pl\/wp-json\/wp\/v2\/tags?post=26678"}],"curies":[{"name":"wp","href":"https:\/\/api.w.org\/{rel}","templated":true}]}}