{"id":26672,"date":"2024-06-18T10:55:02","date_gmt":"2024-06-18T08:55:02","guid":{"rendered":"https:\/\/razvedka.info\/pl\/2024-06-w-iwano-frankowsku-skazano-jenca-wojennego-armii-rosyjskiej\/"},"modified":"2024-06-18T10:55:02","modified_gmt":"2024-06-18T08:55:02","slug":"w-iwano-frankowsku-skazano-jenca-wojennego-armii-rosyjskiej","status":"publish","type":"post","link":"https:\/\/ruwar.org\/pl\/2024-06-w-iwano-frankowsku-skazano-jenca-wojennego-armii-rosyjskiej\/","title":{"rendered":"W Iwano-Frankowsku skazano je\u0144ca wojennego armii rosyjskiej"},"content":{"rendered":"<p>S\u0105d Miejski w Iwano-Frankowsku uzna\u0142 Jaros\u0142awa Belenichina, pochodz\u0105cego z Makiejewki, kt\u00f3ry walczy\u0142 w armii rosyjskiej w latach 2022-2023, za winnego zdrady stanu. Zosta\u0142 skazany na 15 lat wi\u0119zienia.<\/p>\n<p>Jak <a rel=\"nofollow noopener\" target=\"_blank\" href=\"https:\/\/reyestr.court.gov.ua\/\">M\u00f3wi<\/a> Wyrokiem s\u0105du wydanym 12 czerwca, w lutym 2022 r. Jaros\u0142aw Bielenikin dobrowolnie przeszed\u0142 na stron\u0119 wroga, do\u0142\u0105czaj\u0105c do plutonu przeciwpancernego I Korpusu Armijnego Federacji Rosyjskiej.<\/p>\n<p>W 2022 r. oskar\u017ceni brali udzia\u0142 w dzia\u0142aniach wojennych przeciwko Si\u0142om Zbrojnym Ukrainy w miejscowo\u015bciach Dawydiw Brid, Sadok i Bi\u0142ohirka w obwodzie cherso\u0144skim oraz budowali prace in\u017cynieryjne i fortyfikacje w rejonie Nowej Kachowki. W 2023 roku Jaros\u0142aw Bielenikin wzni\u00f3s\u0142 fortyfikacje i walczy\u0142 przeciwko Ukrainie w Mykilske, Urozhajnem i Kermenczyku w obwodzie donieckim, dop\u00f3ki nie zosta\u0142 schwytany przez Si\u0142y Zbrojne Ukrainy.<\/p>\n<p>Podczas rozprawy s\u0105dowej Jaros\u0142aw Bielenikin przyzna\u0142 si\u0119 do winy i zaznaczy\u0142, \u017ce ponownie rozwa\u017cy\u0142 sw\u00f3j stosunek do zbrojnej agresji Federacji Rosyjskiej w Ukrain\u0119 i uzna\u0142 j\u0105 za nielegaln\u0105. Po zapoznaniu si\u0119 ze wszystkimi materia\u0142ami sprawy s\u0119dzia Wasyl Trynczuk uzna\u0142 go za winnego zdrady stanu i skaza\u0142 na 15 lat wi\u0119zienia. Od wyroku mo\u017cna si\u0119 odwo\u0142a\u0107.<\/p>\n","protected":false},"excerpt":{"rendered":"<p>S\u0105d Miejski w Iwano-Frankowsku uzna\u0142 Jaros\u0142awa Belenichina, pochodz\u0105cego z Makiejewki, kt\u00f3ry walczy\u0142 w armii rosyjskiej w latach 2022-2023, za winnego zdrady stanu. Zosta\u0142 skazany na 15 lat wi\u0119zienia. Jak M\u00f3wi Wyrokiem s\u0105du wydanym 12 czerwca, w lutym 2022 r. Jaros\u0142aw Bielenikin dobrowolnie przeszed\u0142 na stron\u0119 wroga, do\u0142\u0105czaj\u0105c do plutonu przeciwpancernego I Korpusu Armijnego Federacji Rosyjskiej. [&hellip;]<\/p>\n","protected":false},"author":1,"featured_media":26673,"comment_status":"closed","ping_status":"closed","sticky":false,"template":"","format":"standard","meta":{"footnotes":""},"categories":[1],"tags":[3434,24,9,143],"class_list":["post-26672","post","type-post","status-publish","format-standard","has-post-thumbnail","hentry","category-wojna","tag-jaroslaw-bielenikin","tag-wiadomosci-z-iwano-frankiwska","tag-wojna-rosyjsko-ukrainska","tag-zdrada"],"_links":{"self":[{"href":"https:\/\/ruwar.org\/pl\/wp-json\/wp\/v2\/posts\/26672","targetHints":{"allow":["GET"]}}],"collection":[{"href":"https:\/\/ruwar.org\/pl\/wp-json\/wp\/v2\/posts"}],"about":[{"href":"https:\/\/ruwar.org\/pl\/wp-json\/wp\/v2\/types\/post"}],"author":[{"embeddable":true,"href":"https:\/\/ruwar.org\/pl\/wp-json\/wp\/v2\/users\/1"}],"replies":[{"embeddable":true,"href":"https:\/\/ruwar.org\/pl\/wp-json\/wp\/v2\/comments?post=26672"}],"version-history":[{"count":0,"href":"https:\/\/ruwar.org\/pl\/wp-json\/wp\/v2\/posts\/26672\/revisions"}],"wp:featuredmedia":[{"embeddable":true,"href":"https:\/\/ruwar.org\/pl\/wp-json\/wp\/v2\/media\/26673"}],"wp:attachment":[{"href":"https:\/\/ruwar.org\/pl\/wp-json\/wp\/v2\/media?parent=26672"}],"wp:term":[{"taxonomy":"category","embeddable":true,"href":"https:\/\/ruwar.org\/pl\/wp-json\/wp\/v2\/categories?post=26672"},{"taxonomy":"post_tag","embeddable":true,"href":"https:\/\/ruwar.org\/pl\/wp-json\/wp\/v2\/tags?post=26672"}],"curies":[{"name":"wp","href":"https:\/\/api.w.org\/{rel}","templated":true}]}}