{"id":26595,"date":"2024-06-15T14:20:02","date_gmt":"2024-06-15T12:20:02","guid":{"rendered":"https:\/\/razvedka.info\/pl\/2024-06-w-wyniku-rosyjskiego-ostrzalu-wsi-w-obwodzie-donieckim-zginely-trzy-osoby\/"},"modified":"2024-06-15T14:20:02","modified_gmt":"2024-06-15T12:20:02","slug":"w-wyniku-rosyjskiego-ostrzalu-wsi-w-obwodzie-donieckim-zginely-trzy-osoby","status":"publish","type":"post","link":"https:\/\/ruwar.org\/pl\/2024-06-w-wyniku-rosyjskiego-ostrzalu-wsi-w-obwodzie-donieckim-zginely-trzy-osoby\/","title":{"rendered":"W wyniku rosyjskiego ostrza\u0142u wsi w obwodzie donieckim zgin\u0119\u0142y trzy osoby"},"content":{"rendered":"<p>Rankiem w niedziel\u0119 15 czerwca armia rosyjska wystrzeli\u0142a z MLRS pociski kasetowe we wsi U\u0142akly w rejonie Wo\u0142nowacha w obwodzie donieckim. W wyniku ostrza\u0142u zgin\u0119\u0142y trzy osoby, a pi\u0119\u0107 zosta\u0142o rannych. <a rel=\"nofollow noopener\" target=\"_blank\" href=\"https:\/\/t.me\/VadymFilashkin\/2791\">Zg\u0142oszone<\/a> Szef Donieckiej Obwodowej Administracji Wojskowej Wadym Fi\u0142aszkin.<\/p>\n<p>Fi\u0142aszkin wyja\u015bni\u0142, \u017ce atak rozpocz\u0105\u0142 si\u0119 oko\u0142o godziny 9 rano.<\/p>\n<p><em>&#8222;Zgin\u0119\u0142y dwie kobiety w wieku 39 i 32 lat oraz m\u0119\u017cczyzna w wieku 30 lat. Pi\u0119\u0107 os\u00f3b zosta\u0142o rannych w r\u00f3\u017cnym stopniu. Uszkodzone zosta\u0142y dwa budynki administracyjne, dom prywatny, sklep i osiem samochod\u00f3w&#8221; <\/em>\u2013 napisa\u0142 szef Donieckiej Obwodowej Administracji Wojskowej<em>.<\/em><\/p>\n<p>Jak <a rel=\"nofollow noopener\" target=\"_blank\" href=\"https:\/\/t.me\/vn_gromada\/13410\">Wyja\u015bni\u0107<\/a> W Prokuraturze Generalnej pi\u0119ciu m\u0119\u017cczyzn przebywa w szpitalu z obra\u017ceniami o r\u00f3\u017cnym stopniu ci\u0119\u017cko\u015bci.<\/p>\n<p>Prokuratura wszcz\u0119\u0142a \u015bledztwo w sprawie pogwa\u0142cenia praw i zwyczaj\u00f3w wojennych (cz\u0119\u015b\u0107 2 art. 438 Kodeksu Karnego Ukrainy).<\/p>\n<p>Jak wiadomo, Rosjanie codziennie uderzaj\u0105 w osiedla obwodu donieckiego. W czwartek 13 czerwca okupanci <a rel=\"nofollow noopener\" target=\"_blank\" href=\"https:\/\/t.me\/pgo_gov_ua\/24359\">Spad\u0142a<\/a> bomba lotnicza na dzielnicy mieszkalnej miasta Selydove. Sze\u015b\u0107 os\u00f3b zosta\u0142o rannych.<\/p>\n","protected":false},"excerpt":{"rendered":"<p>Rankiem w niedziel\u0119 15 czerwca armia rosyjska wystrzeli\u0142a z MLRS pociski kasetowe we wsi U\u0142akly w rejonie Wo\u0142nowacha w obwodzie donieckim. W wyniku ostrza\u0142u zgin\u0119\u0142y trzy osoby, a pi\u0119\u0107 zosta\u0142o rannych. Zg\u0142oszone Szef Donieckiej Obwodowej Administracji Wojskowej Wadym Fi\u0142aszkin. Fi\u0142aszkin wyja\u015bni\u0142, \u017ce atak rozpocz\u0105\u0142 si\u0119 oko\u0142o godziny 9 rano. &#8222;Zgin\u0119\u0142y dwie kobiety w wieku 39 [&hellip;]<\/p>\n","protected":false},"author":1,"featured_media":26596,"comment_status":"closed","ping_status":"closed","sticky":false,"template":"","format":"standard","meta":{"footnotes":""},"categories":[1],"tags":[15,2089,9,824],"class_list":["post-26595","post","type-post","status-publish","format-standard","has-post-thumbnail","hentry","category-wojna","tag-obwod-doniecki","tag-prokuratura-generalna","tag-wojna-rosyjsko-ukrainska","tag-zbrodnie-wojenne-rosji"],"_links":{"self":[{"href":"https:\/\/ruwar.org\/pl\/wp-json\/wp\/v2\/posts\/26595","targetHints":{"allow":["GET"]}}],"collection":[{"href":"https:\/\/ruwar.org\/pl\/wp-json\/wp\/v2\/posts"}],"about":[{"href":"https:\/\/ruwar.org\/pl\/wp-json\/wp\/v2\/types\/post"}],"author":[{"embeddable":true,"href":"https:\/\/ruwar.org\/pl\/wp-json\/wp\/v2\/users\/1"}],"replies":[{"embeddable":true,"href":"https:\/\/ruwar.org\/pl\/wp-json\/wp\/v2\/comments?post=26595"}],"version-history":[{"count":0,"href":"https:\/\/ruwar.org\/pl\/wp-json\/wp\/v2\/posts\/26595\/revisions"}],"wp:featuredmedia":[{"embeddable":true,"href":"https:\/\/ruwar.org\/pl\/wp-json\/wp\/v2\/media\/26596"}],"wp:attachment":[{"href":"https:\/\/ruwar.org\/pl\/wp-json\/wp\/v2\/media?parent=26595"}],"wp:term":[{"taxonomy":"category","embeddable":true,"href":"https:\/\/ruwar.org\/pl\/wp-json\/wp\/v2\/categories?post=26595"},{"taxonomy":"post_tag","embeddable":true,"href":"https:\/\/ruwar.org\/pl\/wp-json\/wp\/v2\/tags?post=26595"}],"curies":[{"name":"wp","href":"https:\/\/api.w.org\/{rel}","templated":true}]}}