{"id":26213,"date":"2024-05-31T14:10:02","date_gmt":"2024-05-31T12:10:02","guid":{"rendered":"https:\/\/razvedka.info\/pl\/2024-05-ukraina-zwrocila-ciala-212-poleglych-obroncow\/"},"modified":"2024-05-31T14:10:02","modified_gmt":"2024-05-31T12:10:02","slug":"ukraina-zwrocila-ciala-212-poleglych-obroncow","status":"publish","type":"post","link":"https:\/\/ruwar.org\/pl\/2024-05-ukraina-zwrocila-ciala-212-poleglych-obroncow\/","title":{"rendered":"Ukraina zwr\u00f3ci\u0142a cia\u0142a 212 poleg\u0142ych obro\u0144c\u00f3w"},"content":{"rendered":"<p>w Ukrainie zwr\u00f3cono cia\u0142a kolejnych 212 zabitych obro\u0144c\u00f3w. W szczeg\u00f3lno\u015bci cia\u0142a poleg\u0142ych zosta\u0142y zwr\u00f3cone z kierunk\u00f3w donieckiego, zaporoskiego, \u0142uga\u0144skiego i charkowskiego, a tak\u017ce z tymczasowo okupowanych terytori\u00f3w Ukrainy (TOT). W pi\u0105tek, 31 maja, <a rel=\"nofollow noopener\" target=\"_blank\" href=\"https:\/\/t.me\/Koord_shtab\/6201\">Zg\u0142oszone<\/a> Sztab Koordynacyjny ds. Leczenia Je\u0144c\u00f3w Wojennych.<\/p>\n<p><em>&#8222;Repatriacja cia\u0142 odby\u0142a si\u0119 przy pomocy Sztabu Koordynacyjnego ds. Traktowania Je\u0144c\u00f3w Wojennych, Ministerstwa Reintegracji, Rzecznika ds. Os\u00f3b Zaginionych we wsp\u00f3\u0142pracy ze Wsp\u00f3lnym Centrum S\u0142u\u017cby Bezpiecze\u0144stwa Ukrainy, Centraln\u0105 S\u0142u\u017cb\u0105 Wojskow\u0105 Si\u0142 Zbrojnych Ukrainy, innymi organami \u015bcigania, departamentami i organizacjami mi\u0119dzynarodowymi&#8221; <\/em>\u2013 zanotowano w centrali.<\/p>\n<p>Wkr\u00f3tce cia\u0142a i szcz\u0105tki zmar\u0142ych zostan\u0105 przewiezione do instytucji pa\u0144stwowych w celu identyfikacji zmar\u0142ych.<\/p>\n<p>26 kwietnia Ukraina zwr\u00f3ci\u0142a cia\u0142a 140 poleg\u0142ych obro\u0144c\u00f3w. Wi\u0119kszo\u015b\u0107 poleg\u0142ych \u017co\u0142nierzy walczy\u0142a na kierunku donieckim.<\/p>\n","protected":false},"excerpt":{"rendered":"<p>w Ukrainie zwr\u00f3cono cia\u0142a kolejnych 212 zabitych obro\u0144c\u00f3w. W szczeg\u00f3lno\u015bci cia\u0142a poleg\u0142ych zosta\u0142y zwr\u00f3cone z kierunk\u00f3w donieckiego, zaporoskiego, \u0142uga\u0144skiego i charkowskiego, a tak\u017ce z tymczasowo okupowanych terytori\u00f3w Ukrainy (TOT). W pi\u0105tek, 31 maja, Zg\u0142oszone Sztab Koordynacyjny ds. Leczenia Je\u0144c\u00f3w Wojennych. &#8222;Repatriacja cia\u0142 odby\u0142a si\u0119 przy pomocy Sztabu Koordynacyjnego ds. Traktowania Je\u0144c\u00f3w Wojennych, Ministerstwa Reintegracji, Rzecznika [&hellip;]<\/p>\n","protected":false},"author":1,"featured_media":26214,"comment_status":"closed","ping_status":"closed","sticky":false,"template":"","format":"standard","meta":{"footnotes":""},"categories":[1],"tags":[21,9],"class_list":["post-26213","post","type-post","status-publish","format-standard","has-post-thumbnail","hentry","category-wojna","tag-sily-zbrojne-ukrainy","tag-wojna-rosyjsko-ukrainska"],"_links":{"self":[{"href":"https:\/\/ruwar.org\/pl\/wp-json\/wp\/v2\/posts\/26213","targetHints":{"allow":["GET"]}}],"collection":[{"href":"https:\/\/ruwar.org\/pl\/wp-json\/wp\/v2\/posts"}],"about":[{"href":"https:\/\/ruwar.org\/pl\/wp-json\/wp\/v2\/types\/post"}],"author":[{"embeddable":true,"href":"https:\/\/ruwar.org\/pl\/wp-json\/wp\/v2\/users\/1"}],"replies":[{"embeddable":true,"href":"https:\/\/ruwar.org\/pl\/wp-json\/wp\/v2\/comments?post=26213"}],"version-history":[{"count":0,"href":"https:\/\/ruwar.org\/pl\/wp-json\/wp\/v2\/posts\/26213\/revisions"}],"wp:featuredmedia":[{"embeddable":true,"href":"https:\/\/ruwar.org\/pl\/wp-json\/wp\/v2\/media\/26214"}],"wp:attachment":[{"href":"https:\/\/ruwar.org\/pl\/wp-json\/wp\/v2\/media?parent=26213"}],"wp:term":[{"taxonomy":"category","embeddable":true,"href":"https:\/\/ruwar.org\/pl\/wp-json\/wp\/v2\/categories?post=26213"},{"taxonomy":"post_tag","embeddable":true,"href":"https:\/\/ruwar.org\/pl\/wp-json\/wp\/v2\/tags?post=26213"}],"curies":[{"name":"wp","href":"https:\/\/api.w.org\/{rel}","templated":true}]}}