{"id":26010,"date":"2024-05-23T19:10:02","date_gmt":"2024-05-23T17:10:02","guid":{"rendered":"https:\/\/razvedka.info\/pl\/2024-05-kolejnych-13-dzieci-uprowadzonych-przez-rosje-wrocilo-w-ukraine\/"},"modified":"2024-05-23T19:10:02","modified_gmt":"2024-05-23T17:10:02","slug":"kolejnych-13-dzieci-uprowadzonych-przez-rosje-wrocilo-w-ukraine","status":"publish","type":"post","link":"https:\/\/ruwar.org\/pl\/2024-05-kolejnych-13-dzieci-uprowadzonych-przez-rosje-wrocilo-w-ukraine\/","title":{"rendered":"Kolejnych 13 dzieci uprowadzonych przez Rosj\u0119 wr\u00f3ci\u0142o w Ukrain\u0119"},"content":{"rendered":"<p>Kolejnych 13 dzieci, kt\u00f3re zosta\u0142y deportowane przez Rosj\u0119 lub przebywa\u0142y na tymczasowo okupowanym terytorium, wr\u00f3ci\u0142o w Ukrain\u0119. W czwartek, 23 maja, <a rel=\"nofollow noopener\" target=\"_blank\" href=\"https:\/\/t.me\/ermaka2022\">Zg\u0142oszone<\/a> Szef Biura Prezydenta Andrij Jermak.<\/p>\n<p>Wed\u0142ug Andrija Jermaka siedmioro dzieci wr\u00f3ci\u0142o w Ukrain\u0119 z tymczasowo okupowanych terytori\u00f3w, a sze\u015bcioro kolejnych wr\u00f3ci\u0142o w ramach programu Bring Kids Back UA [\u0443\u043a\u0440\u0430\u0457\u043d\u0441\u044c\u043a\u0430 \u0433\u0443\u043c\u0430\u043d\u0456\u0442\u0430\u0440\u043d\u0430 \u043f\u0440\u043e\u0433\u0440\u0430\u043c\u0430 \u0437 \u043f\u043e\u0432\u0435\u0440\u043d\u0435\u043d\u043d\u044f \u0432\u0438\u043a\u0440\u0430\u0434\u0435\u043d\u0438\u0445 \u0420\u043e\u0441\u0456\u0454\u044e \u0443\u043a\u0440\u0430\u0457\u043d\u0441\u044c\u043a\u0438\u0445 \u0434\u0456\u0442\u0435\u0439 \u043f\u0456\u0434 \u0447\u0430\u0441 \u0440\u043e\u0441\u0456\u0439\u0441\u044c\u043a\u043e\u0433\u043e \u043f\u043e\u0432\u043d\u043e\u043c\u0430\u0441\u0448\u0442\u0430\u0431\u043d\u043e\u0433\u043e \u0432\u0442\u043e\u0440\u0433\u043d\u0435\u043d\u043d\u044f \u0432 \u0423\u043a\u0440\u0430\u0457\u043d\u0443].<\/p>\n<p>Jak <a rel=\"nofollow noopener\" target=\"_blank\" href=\"https:\/\/t.me\/dmytro_lubinetzs\/5729\">Powiedzia\u0142<\/a> Panie Rzeczniku Praw Obywatelskich Dmytro \u0141ubinc, te dzieci, kt\u00f3re wr\u00f3ci\u0142y z tymczasowo okupowanych terytori\u00f3w, odwiedzi\u0142y ju\u017c Centrum Ochrony Praw Dziecka i opowiedzia\u0142y o swojej podr\u00f3\u017cy. W\u015br\u00f3d dzieci, kt\u00f3re wr\u00f3ci\u0142y do kraju, jest 15-letnia dziewczyna z Mariupola. Jej dom zosta\u0142 trafiony przez rosyjski czo\u0142g.<\/p>\n<p><em>&#8222;Ona i jej matka schroni\u0142y si\u0119 w ko\u015bciele, dop\u00f3ki dziewczynka nie zosta\u0142a ranna w g\u0142ow\u0119 przez od\u0142amki rakiety. Po licznych pr\u00f3bach i akcjach wyjazdu na tereny kontrolowane przez Ukrain\u0119, rodzinie uda\u0142o si\u0119 to zrobi\u0107&#8221;.<\/em>\u2013 powiedzia\u0142 Dmytro \u0141ubinec.<\/p>\n<p>Dmytro \u0141ubinec powiedzia\u0142 r\u00f3wnie\u017c, \u017ce w\u015br\u00f3d powracaj\u0105cych dzieci s\u0105 te, kt\u00f3re straci\u0142y rodzic\u00f3w i te, kt\u00f3re ich rodzice pr\u00f3bowali wr\u00f3ci\u0107, ale Rosja im na to nie pozwoli\u0142a.<\/p>\n<p>Rzecznik Praw Obywatelskich stwierdzi\u0142a, \u017ce Centrum Ochrony Praw Dziecka uda\u0142o si\u0119 zwr\u00f3ci\u0107 dzieci dzi\u0119ki wsp\u00f3\u0142pracy z agencjami rz\u0105dowymi i mediacji pa\u0144stwa Katar.<\/p>\n<p>Dmytro \u0141ubinec podkre\u015bli\u0142 r\u00f3wnie\u017c, \u017ce Ukraina jest gotowa na powr\u00f3t ka\u017cdego ze swoich obywateli i zapewni podstawow\u0105 pomoc humanitarn\u0105, medyczn\u0105, psychologiczn\u0105 i socjaln\u0105.<\/p>\n<p>13 maja Myko\u0142a Ku\u0142eba, za\u0142o\u017cyciel Save Ukraine, powiedzia\u0142, \u017ce pi\u0119\u0107 ukrai\u0144skich rodzin wr\u00f3ci\u0142o w Ukrain\u0119 z okupacji.<\/p>\n","protected":false},"excerpt":{"rendered":"<p>Kolejnych 13 dzieci, kt\u00f3re zosta\u0142y deportowane przez Rosj\u0119 lub przebywa\u0142y na tymczasowo okupowanym terytorium, wr\u00f3ci\u0142o w Ukrain\u0119. W czwartek, 23 maja, Zg\u0142oszone Szef Biura Prezydenta Andrij Jermak. Wed\u0142ug Andrija Jermaka siedmioro dzieci wr\u00f3ci\u0142o w Ukrain\u0119 z tymczasowo okupowanych terytori\u00f3w, a sze\u015bcioro kolejnych wr\u00f3ci\u0142o w ramach programu Bring Kids Back UA [\u0443\u043a\u0440\u0430\u0457\u043d\u0441\u044c\u043a\u0430 \u0433\u0443\u043c\u0430\u043d\u0456\u0442\u0430\u0440\u043d\u0430 \u043f\u0440\u043e\u0433\u0440\u0430\u043c\u0430 \u0437 \u043f\u043e\u0432\u0435\u0440\u043d\u0435\u043d\u043d\u044f [&hellip;]<\/p>\n","protected":false},"author":1,"featured_media":26011,"comment_status":"closed","ping_status":"closed","sticky":false,"template":"","format":"standard","meta":{"footnotes":""},"categories":[1],"tags":[2665,123,9,75,824],"class_list":["post-26010","post","type-post","status-publish","format-standard","has-post-thumbnail","hentry","category-wojna","tag-dmitrij-lubinec","tag-dzieci","tag-wojna-rosyjsko-ukrainska","tag-zawod","tag-zbrodnie-wojenne-rosji"],"_links":{"self":[{"href":"https:\/\/ruwar.org\/pl\/wp-json\/wp\/v2\/posts\/26010","targetHints":{"allow":["GET"]}}],"collection":[{"href":"https:\/\/ruwar.org\/pl\/wp-json\/wp\/v2\/posts"}],"about":[{"href":"https:\/\/ruwar.org\/pl\/wp-json\/wp\/v2\/types\/post"}],"author":[{"embeddable":true,"href":"https:\/\/ruwar.org\/pl\/wp-json\/wp\/v2\/users\/1"}],"replies":[{"embeddable":true,"href":"https:\/\/ruwar.org\/pl\/wp-json\/wp\/v2\/comments?post=26010"}],"version-history":[{"count":0,"href":"https:\/\/ruwar.org\/pl\/wp-json\/wp\/v2\/posts\/26010\/revisions"}],"wp:featuredmedia":[{"embeddable":true,"href":"https:\/\/ruwar.org\/pl\/wp-json\/wp\/v2\/media\/26011"}],"wp:attachment":[{"href":"https:\/\/ruwar.org\/pl\/wp-json\/wp\/v2\/media?parent=26010"}],"wp:term":[{"taxonomy":"category","embeddable":true,"href":"https:\/\/ruwar.org\/pl\/wp-json\/wp\/v2\/categories?post=26010"},{"taxonomy":"post_tag","embeddable":true,"href":"https:\/\/ruwar.org\/pl\/wp-json\/wp\/v2\/tags?post=26010"}],"curies":[{"name":"wp","href":"https:\/\/api.w.org\/{rel}","templated":true}]}}