{"id":25489,"date":"2024-05-04T20:25:02","date_gmt":"2024-05-04T18:25:02","guid":{"rendered":"https:\/\/razvedka.info\/pl\/2024-05-zolnierze-110-brygady-zmechanizowanej-zestrzelili-rosyjski-samolot-szturmowy-su-25\/"},"modified":"2024-05-04T20:25:02","modified_gmt":"2024-05-04T18:25:02","slug":"zolnierze-110-brygady-zmechanizowanej-zestrzelili-rosyjski-samolot-szturmowy-su-25","status":"publish","type":"post","link":"https:\/\/ruwar.org\/pl\/2024-05-zolnierze-110-brygady-zmechanizowanej-zestrzelili-rosyjski-samolot-szturmowy-su-25\/","title":{"rendered":"\u017bo\u0142nierze 110 Brygady Zmechanizowanej zestrzelili rosyjski samolot szturmowy Su-25"},"content":{"rendered":"<p>W sobot\u0119 4 maja ukrai\u0144scy wojskowi ze 110. brygady zmechanizowanej zestrzelili rosyjski samolot szturmowy Su-25 w obwodzie donieckim. Poinformowa\u0142 o tym w wieczornym wyst\u0105pieniu prezydent Ukrainy Wo\u0142odymyr Ze\u0142enski.<\/p>\n<p>&#8222;Chcia\u0142bym szczeg\u00f3lnie wspomnie\u0107 o \u017co\u0142nierzach ze 110. oddzielnej brygady zmechanizowanej, kt\u00f3rzy zestrzelili dzi\u015b innego rosyjskiego Su-25 w obwodzie donieckim. Dobra robota, ch\u0142opaki!&#8221; <a rel=\"nofollow noopener\" target=\"_blank\" href=\"https:\/\/www.facebook.com\/zelenskyy.official\/videos\/747711124232307\/\">Zg\u0142oszone<\/a> Wo\u0142odymyr Ze\u0142enski.<\/p>\n<p>110. oddzielna brygada zmechanizowana im. genera\u0142a korneta Marko Bezruczki zosta\u0142a utworzona na pocz\u0105tku rosyjskiej inwazji na pe\u0142n\u0105 skal\u0119 w 2022 roku. Przez dwa lata jednostka zajmowa\u0142a si\u0119 obron\u0105 kierunku awdijiwskiego. Dow\u00f3dc\u0105 brygady jest p\u0142k Myko\u0142a Czumak. Mo\u017cesz do\u0142\u0105czy\u0107 do brygady lub wesprze\u0107 j\u0105 darowizn\u0105, odwiedzaj\u0105c j\u0105 <a rel=\"nofollow noopener\" target=\"_blank\" href=\"https:\/\/110ombr.army\/\">Miejsce<\/a> z informacjami i aktualnymi op\u0142atami.<\/p>\n<p>Od pocz\u0105tku inwazji rosyjskie si\u0142y powietrzne straci\u0142y w wojnie z Ukrain\u0105 348 samolot\u00f3w i 325 \u015bmig\u0142owc\u00f3w.<\/p>\n","protected":false},"excerpt":{"rendered":"<p>W sobot\u0119 4 maja ukrai\u0144scy wojskowi ze 110. brygady zmechanizowanej zestrzelili rosyjski samolot szturmowy Su-25 w obwodzie donieckim. Poinformowa\u0142 o tym w wieczornym wyst\u0105pieniu prezydent Ukrainy Wo\u0142odymyr Ze\u0142enski. &#8222;Chcia\u0142bym szczeg\u00f3lnie wspomnie\u0107 o \u017co\u0142nierzach ze 110. oddzielnej brygady zmechanizowanej, kt\u00f3rzy zestrzelili dzi\u015b innego rosyjskiego Su-25 w obwodzie donieckim. Dobra robota, ch\u0142opaki!&#8221; Zg\u0142oszone Wo\u0142odymyr Ze\u0142enski. 110. oddzielna [&hellip;]<\/p>\n","protected":false},"author":1,"featured_media":25490,"comment_status":"closed","ping_status":"closed","sticky":false,"template":"","format":"standard","meta":{"footnotes":""},"categories":[1],"tags":[15,9],"class_list":["post-25489","post","type-post","status-publish","format-standard","has-post-thumbnail","hentry","category-wojna","tag-obwod-doniecki","tag-wojna-rosyjsko-ukrainska"],"_links":{"self":[{"href":"https:\/\/ruwar.org\/pl\/wp-json\/wp\/v2\/posts\/25489","targetHints":{"allow":["GET"]}}],"collection":[{"href":"https:\/\/ruwar.org\/pl\/wp-json\/wp\/v2\/posts"}],"about":[{"href":"https:\/\/ruwar.org\/pl\/wp-json\/wp\/v2\/types\/post"}],"author":[{"embeddable":true,"href":"https:\/\/ruwar.org\/pl\/wp-json\/wp\/v2\/users\/1"}],"replies":[{"embeddable":true,"href":"https:\/\/ruwar.org\/pl\/wp-json\/wp\/v2\/comments?post=25489"}],"version-history":[{"count":0,"href":"https:\/\/ruwar.org\/pl\/wp-json\/wp\/v2\/posts\/25489\/revisions"}],"wp:featuredmedia":[{"embeddable":true,"href":"https:\/\/ruwar.org\/pl\/wp-json\/wp\/v2\/media\/25490"}],"wp:attachment":[{"href":"https:\/\/ruwar.org\/pl\/wp-json\/wp\/v2\/media?parent=25489"}],"wp:term":[{"taxonomy":"category","embeddable":true,"href":"https:\/\/ruwar.org\/pl\/wp-json\/wp\/v2\/categories?post=25489"},{"taxonomy":"post_tag","embeddable":true,"href":"https:\/\/ruwar.org\/pl\/wp-json\/wp\/v2\/tags?post=25489"}],"curies":[{"name":"wp","href":"https:\/\/api.w.org\/{rel}","templated":true}]}}