{"id":25361,"date":"2024-04-29T18:50:01","date_gmt":"2024-04-29T16:50:01","guid":{"rendered":"https:\/\/razvedka.info\/pl\/2024-04-rosyjskie-wojsko-zaatakowalo-odesse-balistyka-sa-zabici-i-ranni\/"},"modified":"2024-04-29T18:50:01","modified_gmt":"2024-04-29T16:50:01","slug":"rosyjskie-wojsko-zaatakowalo-odesse-balistyka-sa-zabici-i-ranni","status":"publish","type":"post","link":"https:\/\/ruwar.org\/pl\/2024-04-rosyjskie-wojsko-zaatakowalo-odesse-balistyka-sa-zabici-i-ranni\/","title":{"rendered":"Rosyjskie wojsko zaatakowa\u0142o Odess\u0119 balistyk\u0105, s\u0105 zabici i ranni"},"content":{"rendered":"<p>W poniedzia\u0142ek 29 kwietnia rosyjskie wojsko zaatakowa\u0142o cywiln\u0105 infrastruktur\u0119 Odessy. W wyniku ataku zgin\u0119\u0142y dwie osoby i pies. O tym <a rel=\"nofollow noopener\" target=\"_blank\" href=\"https:\/\/t.me\/odeskaODA\/5007\">Zg\u0142oszone<\/a> Szef Odeskiej Obwodowej Administracji Wojskowej O\u0142eh Kiper.<\/p>\n<p>Oko\u0142o godziny 18:20 w rejonie rozleg\u0142a si\u0119 syrena przeciwlotnicza. Kilka minut p\u00f3\u017aniej mieszka\u0144cy us\u0142yszeli odg\u0142os eksplozji. Szef Odeskiej Obwodowej Administracji Wojskowej O\u0142eh Kiper <a rel=\"nofollow noopener\" target=\"_blank\" href=\"https:\/\/t.me\/odeskaODA\/5006\">Zg\u0142oszone<\/a>\u017ce w wyniku ataku na miasto rannych zosta\u0142o osiem os\u00f3b.<\/p>\n<p>P\u00f3\u017aniej O\u0142eh Kiper wyja\u015bni\u0142, \u017ce w wyniku rosyjskiego ataku rakietowego zgin\u0119\u0142y dwie osoby i pies. Osiem os\u00f3b zosta\u0142o rannych, w tym dziecko.<\/p>\n<p><em>&#8222;Niestety, w wyniku rosyjskiego ataku rakietowego zgin\u0119\u0142y dwie osoby i pies. Osiem kolejnych os\u00f3b zosta\u0142o rannych w r\u00f3\u017cnym stopniu ci\u0119\u017cko\u015bci, w tym 12-letni ch\u0142opiec. Lekarze udzielaj\u0105 ofiarom wszelkiej niezb\u0119dnej pomocy&#8221; \u2013 powiedzia\u0142<\/em> Oleg Kiper.<\/p>\n<p>Na <a rel=\"nofollow noopener\" target=\"_blank\" href=\"https:\/\/t.me\/truonline\/899\">Dane<\/a> burmistrza Odessy, Rosjanie zaatakowali miasto pociskiem balistycznym.<\/p>\n","protected":false},"excerpt":{"rendered":"<p>W poniedzia\u0142ek 29 kwietnia rosyjskie wojsko zaatakowa\u0142o cywiln\u0105 infrastruktur\u0119 Odessy. W wyniku ataku zgin\u0119\u0142y dwie osoby i pies. O tym Zg\u0142oszone Szef Odeskiej Obwodowej Administracji Wojskowej O\u0142eh Kiper. Oko\u0142o godziny 18:20 w rejonie rozleg\u0142a si\u0119 syrena przeciwlotnicza. Kilka minut p\u00f3\u017aniej mieszka\u0144cy us\u0142yszeli odg\u0142os eksplozji. Szef Odeskiej Obwodowej Administracji Wojskowej O\u0142eh Kiper Zg\u0142oszone\u017ce w wyniku ataku [&hellip;]<\/p>\n","protected":false},"author":1,"featured_media":25362,"comment_status":"closed","ping_status":"closed","sticky":false,"template":"","format":"standard","meta":{"footnotes":""},"categories":[1],"tags":[236,9,824],"class_list":["post-25361","post","type-post","status-publish","format-standard","has-post-thumbnail","hentry","category-wojna","tag-odessa","tag-wojna-rosyjsko-ukrainska","tag-zbrodnie-wojenne-rosji"],"_links":{"self":[{"href":"https:\/\/ruwar.org\/pl\/wp-json\/wp\/v2\/posts\/25361","targetHints":{"allow":["GET"]}}],"collection":[{"href":"https:\/\/ruwar.org\/pl\/wp-json\/wp\/v2\/posts"}],"about":[{"href":"https:\/\/ruwar.org\/pl\/wp-json\/wp\/v2\/types\/post"}],"author":[{"embeddable":true,"href":"https:\/\/ruwar.org\/pl\/wp-json\/wp\/v2\/users\/1"}],"replies":[{"embeddable":true,"href":"https:\/\/ruwar.org\/pl\/wp-json\/wp\/v2\/comments?post=25361"}],"version-history":[{"count":0,"href":"https:\/\/ruwar.org\/pl\/wp-json\/wp\/v2\/posts\/25361\/revisions"}],"wp:featuredmedia":[{"embeddable":true,"href":"https:\/\/ruwar.org\/pl\/wp-json\/wp\/v2\/media\/25362"}],"wp:attachment":[{"href":"https:\/\/ruwar.org\/pl\/wp-json\/wp\/v2\/media?parent=25361"}],"wp:term":[{"taxonomy":"category","embeddable":true,"href":"https:\/\/ruwar.org\/pl\/wp-json\/wp\/v2\/categories?post=25361"},{"taxonomy":"post_tag","embeddable":true,"href":"https:\/\/ruwar.org\/pl\/wp-json\/wp\/v2\/tags?post=25361"}],"curies":[{"name":"wp","href":"https:\/\/api.w.org\/{rel}","templated":true}]}}