{"id":25274,"date":"2024-04-26T13:30:02","date_gmt":"2024-04-26T11:30:02","guid":{"rendered":"https:\/\/razvedka.info\/pl\/2024-04-dziennikarka-i-wojskowa-alla-puszkarczuk-zginela-na-froncie\/"},"modified":"2024-04-26T13:30:02","modified_gmt":"2024-04-26T11:30:02","slug":"dziennikarka-i-wojskowa-alla-puszkarczuk-zginela-na-froncie","status":"publish","type":"post","link":"https:\/\/ruwar.org\/pl\/2024-04-dziennikarka-i-wojskowa-alla-puszkarczuk-zginela-na-froncie\/","title":{"rendered":"Dziennikarka i wojskowa A\u0142\u0142a Puszkarczuk zgin\u0119\u0142a na froncie"},"content":{"rendered":"<p>W czwartek 25 kwietnia na froncie zgin\u0119\u0142a dziennikarka, redaktorka i wojskowa A\u0142\u0142a Puszkarczuk (Ruta). O \u015bmierci 29-letniego dziennikarza <a rel=\"nofollow noopener\" target=\"_blank\" href=\"https:\/\/www.facebook.com\/100001864188863\/posts\/25192836153695177\/?rdid=4Jw4DPGPBwnRiyI9\">Zg\u0142oszone<\/a> \u017co\u0142nierz Dmytro Krapyvenko.<\/p>\n<p>W komentarzu dla Instytutu Informacji Masowej (IMI) wojskowy powiedzia\u0142, \u017ce A\u0142\u0142a Puszkarczuk s\u0142u\u017cy\u0142a w baterii mo\u017adzierzy 58. oddzielnej brygady piechoty zmotoryzowanej. Dziennikarz zgin\u0105\u0142 w obwodzie donieckim.<\/p>\n<p>Ukrai\u0144skie media &#8222;Chytomo&#8221;, w kt\u00f3rych pracowa\u0142a A\u0142\u0142a Puszkarczuk, <a rel=\"nofollow noopener\" target=\"_blank\" href=\"https:\/\/chytomo.com\/na-vijni-zahynula-zhurnalistka-redaktorka-vijskova-alla-pushkarchuk\/#\">Zg\u0142oszone<\/a>\u017ce \u017co\u0142nierka zgin\u0119\u0142a w wyniku ostrza\u0142u nieprzyjaciela.<\/p>\n<p><em>&#8222;Po inwazji na pe\u0142n\u0105 skal\u0119, wraz z ukochanym, wst\u0105pi\u0142em do Si\u0142 Zbrojnych Ukrainy. Zgin\u0119\u0142a w wyniku ostrza\u0142u rakietowego w ramiona ukochanego&#8221;<\/em>&#8211; poda\u0142y media.<\/p>\n<p>Nie wiadomo jeszcze, gdzie i kiedy odb\u0119dzie si\u0119 po\u017cegnanie A\u0142\u0142y &#8222;Ruty&#8221; Puszkarczuk. Wed\u0142ug IMI, A\u0142\u0142a Puszkarczuk <a rel=\"nofollow noopener\" target=\"_blank\" href=\"https:\/\/imi.org.ua\/news\/na-fronti-zagynula-vijskovosluzhbovytsya-kolyshnya-zhurnalistka-tyzhnya-alla-pushkarchuk-i60959\">Sta\u0142 si\u0119<\/a> 77 pracownik\u00f3w medi\u00f3w, kt\u00f3rzy zgin\u0119li w wyniku rosyjskiej agresji.<\/p>\n<p><strong>Co wiadomo o A\u0142\u0142a Puszkarczuk<\/strong><\/p>\n<p>\u017bo\u0142nierka uko\u0144czy\u0142a Instytut Dziennikarstwa Kijowskiego Narodowego Uniwersytetu Kultury i Sztuki, studiuj\u0105c dzia\u0142alno\u015b\u0107 wydawnicz\u0105 i edytorsk\u0105. Ponadto A\u0142\u0142a Puszkarczuk studiowa\u0142a na Kijowskim Narodowym Uniwersytecie Teatru, Kina i Telewizji im. I. Karpenki-Kary, kierunek teatrologia.<\/p>\n<p>Pod koniec 2013 roku dziennikarka do\u0142\u0105czy\u0142a do Rewolucji Godno\u015bci. Od 2014 roku A\u0142\u0142a Puszkarczuk uczestniczy w dzia\u0142aniach wojennych na wschodzie, pracuj\u0105c jako dziennikarka i fotografka w 5. oddzielnym batalionie Ukrai\u0144skiej Armii Ochotniczej.<\/p>\n<p>W 2018 roku dziennikarka zosta\u0142a zdemobilizowana i dosta\u0142a prac\u0119 w magazynie &#8222;Tydzie\u0144 Ukrai\u0144ski&#8221;, gdzie pracowa\u0142a do 2020 roku. W 2021 roku A\u0142\u0142a Puszkarczuk pracowa\u0142a w Chytomo.<\/p>\n","protected":false},"excerpt":{"rendered":"<p>W czwartek 25 kwietnia na froncie zgin\u0119\u0142a dziennikarka, redaktorka i wojskowa A\u0142\u0142a Puszkarczuk (Ruta). O \u015bmierci 29-letniego dziennikarza Zg\u0142oszone \u017co\u0142nierz Dmytro Krapyvenko. W komentarzu dla Instytutu Informacji Masowej (IMI) wojskowy powiedzia\u0142, \u017ce A\u0142\u0142a Puszkarczuk s\u0142u\u017cy\u0142a w baterii mo\u017adzierzy 58. oddzielnej brygady piechoty zmotoryzowanej. Dziennikarz zgin\u0105\u0142 w obwodzie donieckim. Ukrai\u0144skie media &#8222;Chytomo&#8221;, w kt\u00f3rych pracowa\u0142a A\u0142\u0142a [&hellip;]<\/p>\n","protected":false},"author":1,"featured_media":25275,"comment_status":"closed","ping_status":"closed","sticky":false,"template":"","format":"standard","meta":{"footnotes":""},"categories":[1],"tags":[2633,21,134,9],"class_list":["post-25274","post","type-post","status-publish","format-standard","has-post-thumbnail","hentry","category-wojna","tag-aktualnosci-z-ukrainy","tag-sily-zbrojne-ukrainy","tag-srodki-masowego-przekazu","tag-wojna-rosyjsko-ukrainska"],"_links":{"self":[{"href":"https:\/\/ruwar.org\/pl\/wp-json\/wp\/v2\/posts\/25274","targetHints":{"allow":["GET"]}}],"collection":[{"href":"https:\/\/ruwar.org\/pl\/wp-json\/wp\/v2\/posts"}],"about":[{"href":"https:\/\/ruwar.org\/pl\/wp-json\/wp\/v2\/types\/post"}],"author":[{"embeddable":true,"href":"https:\/\/ruwar.org\/pl\/wp-json\/wp\/v2\/users\/1"}],"replies":[{"embeddable":true,"href":"https:\/\/ruwar.org\/pl\/wp-json\/wp\/v2\/comments?post=25274"}],"version-history":[{"count":0,"href":"https:\/\/ruwar.org\/pl\/wp-json\/wp\/v2\/posts\/25274\/revisions"}],"wp:featuredmedia":[{"embeddable":true,"href":"https:\/\/ruwar.org\/pl\/wp-json\/wp\/v2\/media\/25275"}],"wp:attachment":[{"href":"https:\/\/ruwar.org\/pl\/wp-json\/wp\/v2\/media?parent=25274"}],"wp:term":[{"taxonomy":"category","embeddable":true,"href":"https:\/\/ruwar.org\/pl\/wp-json\/wp\/v2\/categories?post=25274"},{"taxonomy":"post_tag","embeddable":true,"href":"https:\/\/ruwar.org\/pl\/wp-json\/wp\/v2\/tags?post=25274"}],"curies":[{"name":"wp","href":"https:\/\/api.w.org\/{rel}","templated":true}]}}