{"id":25230,"date":"2024-04-24T19:25:02","date_gmt":"2024-04-24T17:25:02","guid":{"rendered":"https:\/\/razvedka.info\/pl\/2024-04-wolodymyr-zelenski-oglosil-rosyjski-plan-zaklocenia-szczytu-pokojowego-w-szwajcarii\/"},"modified":"2024-04-24T19:25:02","modified_gmt":"2024-04-24T17:25:02","slug":"wolodymyr-zelenski-oglosil-rosyjski-plan-zaklocenia-szczytu-pokojowego-w-szwajcarii","status":"publish","type":"post","link":"https:\/\/ruwar.org\/pl\/2024-04-wolodymyr-zelenski-oglosil-rosyjski-plan-zaklocenia-szczytu-pokojowego-w-szwajcarii\/","title":{"rendered":"Wo\u0142odymyr Ze\u0142enski og\u0142osi\u0142 rosyjski plan zak\u0142\u00f3cenia szczytu pokojowego w Szwajcarii"},"content":{"rendered":"<p>Prezydent Ukrainy Wo\u0142odymyr Ze\u0142enski powiedzia\u0142, \u017ce wed\u0142ug ukrai\u0144skiego wywiadu Rosja planuje zak\u0142\u00f3ci\u0107 szczyt pokojowy, kt\u00f3ry ma si\u0119 odby\u0107 w Szwajcarii w dniach 15-16 czerwca. O tym Wo\u0142odymyr Ze\u0142enski <a rel=\"nofollow noopener\" target=\"_blank\" href=\"https:\/\/www.president.gov.ua\/news\/rosiya-hoche-zirvati-pershij-globalnij-samit-miru-prezident-90529\">Powiedziany<\/a> podczas spotkania z szefami przedstawicielstw obcych pa\u0144stw i organizacji mi\u0119dzynarodowych akredytowanych w Ukrainie w \u015brod\u0119 24 kwietnia.<\/p>\n<p>Wo\u0142odymyr Ze\u0142enski zaznaczy\u0142, \u017ce przyw\u00f3dcy \u015bwiata wkr\u00f3tce otrzymaj\u0105 zaproszenie na pierwszy \u015awiatowy Szczyt Pokojowy, kt\u00f3ry odb\u0119dzie si\u0119 w czerwcu w Szwajcarii. Wed\u0142ug s\u0142\u00f3w prezydenta, Rosja ma plan zak\u0142\u00f3cenia tego szczytu.<\/p>\n<p><em>&#8222;Mamy dok\u0142adne informacje wywiadowcze, konkretne dane, \u017ce Rosja nie tylko chce zak\u0142\u00f3ci\u0107 Szczyt Pokoju, ale ma te\u017c konkretny plan: jak to zrobi\u0107, jak zmniejszy\u0107 udzia\u0142 kraj\u00f3w, jak dzia\u0142a\u0107, aby pok\u00f3j nie trwa\u0142 jeszcze d\u0142u\u017cej. Podzielimy si\u0119 z Wami, drodzy partnerzy, na poziomie dyplomat\u00f3w, na poziomie wywiadu o planach Rosji. I razem musimy si\u0119 temu przeciwstawi\u0107 \u2013 musimy pracowa\u0107 w jedno\u015bci na rzecz sprawiedliwego pokoju.<\/em>&#8222;B\u0119dziemy nadal wsp\u00f3\u0142pracowa\u0107 z naszymi klientami&#8221; \u2013 powiedzia\u0142 Wo\u0142odymyr Ze\u0142enski.<\/p>\n<p>Wo\u0142odymyr Ze\u0142enski zaznaczy\u0142, \u017ce ten szczyt jest wa\u017cny nie tylko dla Ukrainy, ale tak\u017ce dla ca\u0142ego \u015bwiata. Poniewa\u017c szczyt jest pierwszym prawdziwym krokiem w kierunku pokoju.<\/p>\n<p><em>&#8222;To pierwszy prawdziwy krok we wszystkich latach wojny. Pierwszy prawdziwy krok dyplomatyczny. Pr\u00f3b by\u0142o bardzo du\u017co. By\u0142o wiele propozycji, a taka prawdziwie zjednoczona propozycja, taka zjednoczona platforma b\u0119dzie pierwsz\u0105 tak\u0105 pr\u00f3b\u0105. I naprawd\u0119 chc\u0119, \u017ceby to nie by\u0142a tylko pr\u00f3ba, ale prawdziwy rezultat&#8221;.<\/em>&#8222;W zwi\u0105zku z tym b\u0119dziemy kontynuowa\u0107 wsp\u00f3\u0142prac\u0119 z naszymi klientami&#8221; \u2013 powiedzia\u0142 prezes<\/p>\n<p>Nale\u017cy zaznaczy\u0107, \u017ce \u015awiatowy Szczyt Pokojowy odb\u0119dzie si\u0119 w oparciu o ukrai\u0144sk\u0105 formu\u0142\u0119 pokojow\u0105, kt\u00f3r\u0105 zaproponowa\u0142 Wo\u0142odymyr Ze\u0142enski. Sk\u0142ada si\u0119 z dziesi\u0119ciu punkt\u00f3w, z kt\u00f3rych ka\u017cdy ma odr\u0119bn\u0105 grup\u0119 robocz\u0105.<\/p>\n","protected":false},"excerpt":{"rendered":"<p>Prezydent Ukrainy Wo\u0142odymyr Ze\u0142enski powiedzia\u0142, \u017ce wed\u0142ug ukrai\u0144skiego wywiadu Rosja planuje zak\u0142\u00f3ci\u0107 szczyt pokojowy, kt\u00f3ry ma si\u0119 odby\u0107 w Szwajcarii w dniach 15-16 czerwca. O tym Wo\u0142odymyr Ze\u0142enski Powiedziany podczas spotkania z szefami przedstawicielstw obcych pa\u0144stw i organizacji mi\u0119dzynarodowych akredytowanych w Ukrainie w \u015brod\u0119 24 kwietnia. Wo\u0142odymyr Ze\u0142enski zaznaczy\u0142, \u017ce przyw\u00f3dcy \u015bwiata wkr\u00f3tce otrzymaj\u0105 zaproszenie [&hellip;]<\/p>\n","protected":false},"author":1,"featured_media":25231,"comment_status":"closed","ping_status":"closed","sticky":false,"template":"","format":"standard","meta":{"footnotes":""},"categories":[1],"tags":[66,11,9,176],"class_list":["post-25230","post","type-post","status-publish","format-standard","has-post-thumbnail","hentry","category-wojna","tag-inteligencja","tag-rosja","tag-wojna-rosyjsko-ukrainska","tag-wolodymyr-zelenski"],"_links":{"self":[{"href":"https:\/\/ruwar.org\/pl\/wp-json\/wp\/v2\/posts\/25230","targetHints":{"allow":["GET"]}}],"collection":[{"href":"https:\/\/ruwar.org\/pl\/wp-json\/wp\/v2\/posts"}],"about":[{"href":"https:\/\/ruwar.org\/pl\/wp-json\/wp\/v2\/types\/post"}],"author":[{"embeddable":true,"href":"https:\/\/ruwar.org\/pl\/wp-json\/wp\/v2\/users\/1"}],"replies":[{"embeddable":true,"href":"https:\/\/ruwar.org\/pl\/wp-json\/wp\/v2\/comments?post=25230"}],"version-history":[{"count":0,"href":"https:\/\/ruwar.org\/pl\/wp-json\/wp\/v2\/posts\/25230\/revisions"}],"wp:featuredmedia":[{"embeddable":true,"href":"https:\/\/ruwar.org\/pl\/wp-json\/wp\/v2\/media\/25231"}],"wp:attachment":[{"href":"https:\/\/ruwar.org\/pl\/wp-json\/wp\/v2\/media?parent=25230"}],"wp:term":[{"taxonomy":"category","embeddable":true,"href":"https:\/\/ruwar.org\/pl\/wp-json\/wp\/v2\/categories?post=25230"},{"taxonomy":"post_tag","embeddable":true,"href":"https:\/\/ruwar.org\/pl\/wp-json\/wp\/v2\/tags?post=25230"}],"curies":[{"name":"wp","href":"https:\/\/api.w.org\/{rel}","templated":true}]}}