{"id":25003,"date":"2024-04-16T11:50:02","date_gmt":"2024-04-16T09:50:02","guid":{"rendered":"https:\/\/razvedka.info\/pl\/2024-04-burmistrz-lebedyna-w-obwodzie-sumskim-oleksandr-baklykow-zginal-na-wojnie\/"},"modified":"2024-04-16T11:50:02","modified_gmt":"2024-04-16T09:50:02","slug":"burmistrz-lebedyna-w-obwodzie-sumskim-oleksandr-baklykow-zginal-na-wojnie","status":"publish","type":"post","link":"https:\/\/ruwar.org\/pl\/2024-04-burmistrz-lebedyna-w-obwodzie-sumskim-oleksandr-baklykow-zginal-na-wojnie\/","title":{"rendered":"Burmistrz Lebedyna w obwodzie sumskim O\u0142eksandr Bak\u0142ykow zgin\u0105\u0142 na wojnie"},"content":{"rendered":"<p>Na froncie zgin\u0105\u0142 burmistrz Lebedyna obwodu sumskiego O\u0142eksandr Bak\u0142ykow. 59-letni spadochroniarz dobrowolnie zmobilizowa\u0142 si\u0119 do Si\u0142 Zbrojnych Ukrainy we wrze\u015bniu 2022 roku. We wtorek 16 kwietnia &#8222;Suspilne&#8221; <a rel=\"nofollow noopener\" target=\"_blank\" href=\"https:\/\/suspilne.media\/sumy\/725275-na-vijni-zaginuv-miskij-golova-lebedina-oleksandr-baklikov\/\">Powiedzia\u0142<\/a> Elena Kireeva jest by\u0142\u0105 zast\u0119pczyni\u0105 Aleksandra Bak\u0142ykowa.<\/p>\n<p>Aleksander Bak\u0142ykow w dniu 13 wrze\u015bnia 2022 r <a rel=\"nofollow noopener\" target=\"_blank\" href=\"https:\/\/www.facebook.com\/photo.php?fbid=599279821674072&amp;set=pb.100047761791614.-2207520000&amp;type=3\">Zg\u0142oszone<\/a> na swojej stronie na Facebooku, \u017ce postanowi\u0142 stan\u0105\u0107 w obronie Ukrainy.<\/p>\n<p><em>&#8222;Nie ma by\u0142ych spadochroniarzy. I to jest niesamowicie bolesne dla mnie, zdrowego, do\u015bwiadczonego spadochroniarza, chowa\u0107 nasze dzieci, kt\u00f3re umieraj\u0105 za Ukrain\u0119, za ka\u017cdego z nas.<br \/> I tak podj\u0105\u0142em decyzj\u0119&#8230; Pojecha\u0142em w podr\u00f3\u017c s\u0142u\u017cbow\u0105, aby przyspieszy\u0107 nasze zwyci\u0119stwo. Sam mog\u0119 wiele zdzia\u0142a\u0107 i b\u0119d\u0119 m\u00f3g\u0142 si\u0119 tym podzieli\u0107 z m\u0142odszymi towarzyszami broni. A oni te\u017c mnie czego\u015b naucz\u0105&#8221;.<\/em>\u2013 pisa\u0142 Aleksander Bak\u0142ykow.<\/p>\n<p>Na <a rel=\"nofollow noopener\" target=\"_blank\" href=\"https:\/\/www.ukrinform.ua\/rubric-ato\/3852940-na-fronti-zaginuv-mer-lebedina-desantnik-oleksandr-baklikov.html\">Dane<\/a> Wed\u0142ug Ukrinformu O\u0142eksandr s\u0142u\u017cy\u0142 w 47. oddzielnej brygadzie zmechanizowanej. Latem 2023 roku brygada walczy\u0142a na kierunku tokmakskim w rejonie Orichiw\u00f3w, a od ko\u0144ca pa\u017adziernika 2023 roku bra\u0142a udzia\u0142 w walkach o Awdijiwk\u0119.<\/p>\n<p><strong>Co wiadomo o Aleksandrze Bak\u0142ykowie<\/strong><\/p>\n<p>Oleksandr Baklykov urodzi\u0142 si\u0119 w Lebedynie w obwodzie sumskim. Pracowa\u0142 jako nauczyciel, tokarz, a tak\u017ce prowadzi\u0142 dzia\u0142alno\u015b\u0107 gospodarcz\u0105.<\/p>\n<p>W 2015 roku wygra\u0142 wybory na burmistrza Lebedyn. W tym samym roku stan\u0105\u0142 na czele miejskiej organizacji partii politycznej Pozycja Obywatelska. W 2020 r. po raz drugi zosta\u0142 wybrany na mera, ale we wrze\u015bniu 2021 r. deputowani zag\u0142osowali za przedterminowym zako\u0144czeniem w\u0142adzy O\u0142eksandra Bak\u0142ykowa Lebedyna. W maju 2022 r. s\u0105d przywr\u00f3ci\u0142 m\u0119\u017cczyzn\u0119 do pracy.<\/p>\n<p>4 wrze\u015bnia 2024 roku \u017co\u0142nierz sko\u0144czy\u0142by 60 lat.<\/p>\n","protected":false},"excerpt":{"rendered":"<p>Na froncie zgin\u0105\u0142 burmistrz Lebedyna obwodu sumskiego O\u0142eksandr Bak\u0142ykow. 59-letni spadochroniarz dobrowolnie zmobilizowa\u0142 si\u0119 do Si\u0142 Zbrojnych Ukrainy we wrze\u015bniu 2022 roku. We wtorek 16 kwietnia &#8222;Suspilne&#8221; Powiedzia\u0142 Elena Kireeva jest by\u0142\u0105 zast\u0119pczyni\u0105 Aleksandra Bak\u0142ykowa. Aleksander Bak\u0142ykow w dniu 13 wrze\u015bnia 2022 r Zg\u0142oszone na swojej stronie na Facebooku, \u017ce postanowi\u0142 stan\u0105\u0107 w obronie Ukrainy. [&hellip;]<\/p>\n","protected":false},"author":1,"featured_media":25004,"comment_status":"closed","ping_status":"closed","sticky":false,"template":"","format":"standard","meta":{"footnotes":""},"categories":[1],"tags":[2500,21,9],"class_list":["post-25003","post","type-post","status-publish","format-standard","has-post-thumbnail","hentry","category-wojna","tag-obwod-sumski","tag-sily-zbrojne-ukrainy","tag-wojna-rosyjsko-ukrainska"],"_links":{"self":[{"href":"https:\/\/ruwar.org\/pl\/wp-json\/wp\/v2\/posts\/25003","targetHints":{"allow":["GET"]}}],"collection":[{"href":"https:\/\/ruwar.org\/pl\/wp-json\/wp\/v2\/posts"}],"about":[{"href":"https:\/\/ruwar.org\/pl\/wp-json\/wp\/v2\/types\/post"}],"author":[{"embeddable":true,"href":"https:\/\/ruwar.org\/pl\/wp-json\/wp\/v2\/users\/1"}],"replies":[{"embeddable":true,"href":"https:\/\/ruwar.org\/pl\/wp-json\/wp\/v2\/comments?post=25003"}],"version-history":[{"count":0,"href":"https:\/\/ruwar.org\/pl\/wp-json\/wp\/v2\/posts\/25003\/revisions"}],"wp:featuredmedia":[{"embeddable":true,"href":"https:\/\/ruwar.org\/pl\/wp-json\/wp\/v2\/media\/25004"}],"wp:attachment":[{"href":"https:\/\/ruwar.org\/pl\/wp-json\/wp\/v2\/media?parent=25003"}],"wp:term":[{"taxonomy":"category","embeddable":true,"href":"https:\/\/ruwar.org\/pl\/wp-json\/wp\/v2\/categories?post=25003"},{"taxonomy":"post_tag","embeddable":true,"href":"https:\/\/ruwar.org\/pl\/wp-json\/wp\/v2\/tags?post=25003"}],"curies":[{"name":"wp","href":"https:\/\/api.w.org\/{rel}","templated":true}]}}