{"id":24525,"date":"2024-03-31T18:40:02","date_gmt":"2024-03-31T16:40:02","guid":{"rendered":"https:\/\/razvedka.info\/pl\/2024-03-papiez-wzywa-ukraine-i-rosje-do-wymiany-wszystkich-jencow-wojennych\/"},"modified":"2024-03-31T18:40:02","modified_gmt":"2024-03-31T16:40:02","slug":"papiez-wzywa-ukraine-i-rosje-do-wymiany-wszystkich-jencow-wojennych","status":"publish","type":"post","link":"https:\/\/ruwar.org\/pl\/2024-03-papiez-wzywa-ukraine-i-rosje-do-wymiany-wszystkich-jencow-wojennych\/","title":{"rendered":"Papie\u017c wzywa Ukrain\u0119 i Rosj\u0119 do wymiany wszystkich je\u0144c\u00f3w wojennych"},"content":{"rendered":"<p>W niedziel\u0119 31 marca papie\u017c Franciszek w or\u0119dziu wielkanocnym wezwa\u0142 Rosj\u0119 i Ukrain\u0119 do wymiany je\u0144c\u00f3w wojennych w formule &#8222;wszyscy za wszystkich&#8221;. Na wezwanie Papie\u017ca <a rel=\"nofollow noopener\" target=\"_blank\" href=\"https:\/\/t.me\/Koord_shtab\/5001\">Zareagowa\u0142 <\/a>w Sztabie Koordynacyjnym ds. Traktowania Je\u0144c\u00f3w Wojennych.<\/p>\n<p>Po Mszy \u015bw. wielkanocnej na placu \u015bw. Piotra w Rzymie papie\u017c Franciszek zwr\u00f3ci\u0142 si\u0119 do wiernych tradycyjnym or\u0119dziem wielkanocnym i b\u0142ogos\u0142awie\u0144stwem &#8222;Miastu i \u015bwiatu&#8221; (Urbi et Orbi). W swoim przem\u00f3wieniu zwierzchnik Ko\u015bcio\u0142a rzymskokatolickiego wezwa\u0142 Rosj\u0119 i Ukrain\u0119 do wymiany wszystkich je\u0144c\u00f3w wojennych.<\/p>\n<p><em>My\u015bl\u0119 przede wszystkim o ofiarach wielu konflikt\u00f3w tocz\u0105cych si\u0119 na \u015bwiecie, poczynaj\u0105c od wojen w Izraelu i Palestynie, a tak\u017ce w Ukrainie. Niech zmartwychwsta\u0142y Chrystus otworzy drog\u0119 pokoju cierpi\u0105cym mieszka\u0144com tych region\u00f3w. Wzywaj\u0105c do poszanowania zasad prawa mi\u0119dzynarodowego, wyra\u017cam \u017cyczenie powszechnej wymiany wszystkich wi\u0119\u017ani\u00f3w mi\u0119dzy Rosj\u0105 a Ukrain\u0105 \u2013 wszyscy za wszystkich.<\/em>&#8222;Dzi\u0119ki temu b\u0119dziemy w stanie zaspokoi\u0107 potrzeby naszych klient\u00f3w&#8221; \u2013 powiedzia\u0142 Papie\u017c.<\/p>\n<p>Apel Papie\u017ca zosta\u0142 skomentowany przez Sztab Koordynacyjny ds. Traktowania Je\u0144c\u00f3w Wojennych. Zauwa\u017cyli, \u017ce przede wszystkim to Rosja nie chce odda\u0107 swoich wojsk. Z kolei Ukraina wielokrotnie proponowa\u0142a Moskwie wymian\u0119 je\u0144c\u00f3w wojennych w formule &#8222;Wszyscy za wszystkich&#8221;.<\/p>\n<p><em>&#8222;Ukrai\u0144scy urz\u0119dnicy wielokrotnie deklarowali gotowo\u015b\u0107 do wymiany je\u0144c\u00f3w na zasadzie &#8222;wszyscy za wszystkich&#8221;, ale kraj-agresor nie chce zwr\u00f3ci\u0107 swoich obywateli&#8221;<\/em>\u2013 poda\u0142a w o\u015bwiadczeniu Kwatera Koordynacyjna.<\/p>\n<p>Ostatnia wymiana je\u0144c\u00f3w wojennych mi\u0119dzy Rosj\u0105 a Ukrain\u0105 mia\u0142a miejsce 8 lutego 2024 r. wed\u0142ug formu\u0142y &#8222;100 za 100&#8221;. Zjednoczone Emiraty Arabskie dzia\u0142a\u0142y jako po\u015brednik w wymianie. W tym czasie Ukraina odes\u0142a\u0142a 49 \u017co\u0142nierzy Gwardii Narodowej Ukrainy, 25 funkcjonariuszy stra\u017cy granicznej, 26 \u017co\u0142nierzy Si\u0142 Zbrojnych Ukrainy i 11 obro\u0144c\u00f3w terytorialnych.<\/p>\n","protected":false},"excerpt":{"rendered":"<p>W niedziel\u0119 31 marca papie\u017c Franciszek w or\u0119dziu wielkanocnym wezwa\u0142 Rosj\u0119 i Ukrain\u0119 do wymiany je\u0144c\u00f3w wojennych w formule &#8222;wszyscy za wszystkich&#8221;. Na wezwanie Papie\u017ca Zareagowa\u0142 w Sztabie Koordynacyjnym ds. Traktowania Je\u0144c\u00f3w Wojennych. Po Mszy \u015bw. wielkanocnej na placu \u015bw. Piotra w Rzymie papie\u017c Franciszek zwr\u00f3ci\u0142 si\u0119 do wiernych tradycyjnym or\u0119dziem wielkanocnym i b\u0142ogos\u0142awie\u0144stwem &#8222;Miastu [&hellip;]<\/p>\n","protected":false},"author":1,"featured_media":24526,"comment_status":"closed","ping_status":"closed","sticky":false,"template":"","format":"standard","meta":{"footnotes":""},"categories":[1],"tags":[2495,1050,9],"class_list":["post-24525","post","type-post","status-publish","format-standard","has-post-thumbnail","hentry","category-wojna","tag-jency-wojenni","tag-papiez","tag-wojna-rosyjsko-ukrainska"],"_links":{"self":[{"href":"https:\/\/ruwar.org\/pl\/wp-json\/wp\/v2\/posts\/24525","targetHints":{"allow":["GET"]}}],"collection":[{"href":"https:\/\/ruwar.org\/pl\/wp-json\/wp\/v2\/posts"}],"about":[{"href":"https:\/\/ruwar.org\/pl\/wp-json\/wp\/v2\/types\/post"}],"author":[{"embeddable":true,"href":"https:\/\/ruwar.org\/pl\/wp-json\/wp\/v2\/users\/1"}],"replies":[{"embeddable":true,"href":"https:\/\/ruwar.org\/pl\/wp-json\/wp\/v2\/comments?post=24525"}],"version-history":[{"count":0,"href":"https:\/\/ruwar.org\/pl\/wp-json\/wp\/v2\/posts\/24525\/revisions"}],"wp:featuredmedia":[{"embeddable":true,"href":"https:\/\/ruwar.org\/pl\/wp-json\/wp\/v2\/media\/24526"}],"wp:attachment":[{"href":"https:\/\/ruwar.org\/pl\/wp-json\/wp\/v2\/media?parent=24525"}],"wp:term":[{"taxonomy":"category","embeddable":true,"href":"https:\/\/ruwar.org\/pl\/wp-json\/wp\/v2\/categories?post=24525"},{"taxonomy":"post_tag","embeddable":true,"href":"https:\/\/ruwar.org\/pl\/wp-json\/wp\/v2\/tags?post=24525"}],"curies":[{"name":"wp","href":"https:\/\/api.w.org\/{rel}","templated":true}]}}