{"id":24468,"date":"2024-03-29T10:20:02","date_gmt":"2024-03-29T09:20:02","guid":{"rendered":"https:\/\/razvedka.info\/pl\/2024-03-w-przykarpaciu-obiekt-energetyczny-ponownie-znalazl-sie-pod-ostrzalem-terrorystow\/"},"modified":"2024-03-29T10:20:02","modified_gmt":"2024-03-29T09:20:02","slug":"w-przykarpaciu-obiekt-energetyczny-ponownie-znalazl-sie-pod-ostrzalem-terrorystow","status":"publish","type":"post","link":"https:\/\/ruwar.org\/pl\/2024-03-w-przykarpaciu-obiekt-energetyczny-ponownie-znalazl-sie-pod-ostrzalem-terrorystow\/","title":{"rendered":"W Przykarpaciu obiekt energetyczny ponownie znalaz\u0142 si\u0119 pod ostrza\u0142em terroryst\u00f3w"},"content":{"rendered":"<p>Podczas zakrojonego na szerok\u0105 skal\u0119 po\u0142\u0105czonego ataku Ukrainy rankiem 29 marca Rosja uderzy\u0142a w obiekt infrastruktury energetycznej w Zakarpaciu i uszkodzi\u0142a go. Oby\u0142o si\u0119 bez ofiar.<\/p>\n<p>O ataku na Przykarpacie <a rel=\"nofollow noopener\" target=\"_blank\" href=\"https:\/\/www.facebook.com\/383086810722863\/posts\/448001157564761\">Zg\u0142oszone<\/a> Szefowa Iwano-Frankiwskiej Obwodowej Administracji Pa\u0144stwowej Svitlana Onyshchuk.<\/p>\n<p><em>&#8222;Wczoraj wieczorem wr\u00f3g ponownie zaatakowa\u0142 obiekty infrastruktury krytycznej. Zagro\u017cenie nie omin\u0119\u0142o Zakarpacia. Celem wroga by\u0142 obiekt krytyczny. Na szcz\u0119\u015bcie oby\u0142o si\u0119 bez ofiar. O \u015bwicie nasi dzielni obro\u0144cy nieba neutralizowali cele powietrzne&#8221;<\/em>\u2013 napisa\u0142a na Facebooku Swit\u0142ana Onyszczuk.<\/p>\n<p>Wed\u0142ug premiera Ukrainy Denysa Szmyhala w wyniku rosyjskiego ostrza\u0142u 29 marca na Przykarpaciu <a rel=\"nofollow noopener\" target=\"_blank\" href=\"https:\/\/t.me\/Denys_Smyhal\/7284\">Do\u015bwiadczony<\/a> szk\u00f3d w infrastrukturze energetycznej.<\/p>\n<p>Nale\u017cy doda\u0107, \u017ce to ju\u017c drugi w ci\u0105gu tygodnia ostrza\u0142 obiekt\u00f3w energetycznych na Przykarpaciu. Po ataku 22 marca wszystkie oddzia\u0142y Burszty\u0144skiego TPP zosta\u0142y unieruchomione.<\/p>\n","protected":false},"excerpt":{"rendered":"<p>Podczas zakrojonego na szerok\u0105 skal\u0119 po\u0142\u0105czonego ataku Ukrainy rankiem 29 marca Rosja uderzy\u0142a w obiekt infrastruktury energetycznej w Zakarpaciu i uszkodzi\u0142a go. Oby\u0142o si\u0119 bez ofiar. O ataku na Przykarpacie Zg\u0142oszone Szefowa Iwano-Frankiwskiej Obwodowej Administracji Pa\u0144stwowej Svitlana Onyshchuk. &#8222;Wczoraj wieczorem wr\u00f3g ponownie zaatakowa\u0142 obiekty infrastruktury krytycznej. Zagro\u017cenie nie omin\u0119\u0142o Zakarpacia. Celem wroga by\u0142 obiekt krytyczny. [&hellip;]<\/p>\n","protected":false},"author":1,"featured_media":24469,"comment_status":"closed","ping_status":"closed","sticky":false,"template":"","format":"standard","meta":{"footnotes":""},"categories":[1],"tags":[640,24,9,824],"class_list":["post-24468","post","type-post","status-publish","format-standard","has-post-thumbnail","hentry","category-wojna","tag-energia","tag-wiadomosci-z-iwano-frankiwska","tag-wojna-rosyjsko-ukrainska","tag-zbrodnie-wojenne-rosji"],"_links":{"self":[{"href":"https:\/\/ruwar.org\/pl\/wp-json\/wp\/v2\/posts\/24468","targetHints":{"allow":["GET"]}}],"collection":[{"href":"https:\/\/ruwar.org\/pl\/wp-json\/wp\/v2\/posts"}],"about":[{"href":"https:\/\/ruwar.org\/pl\/wp-json\/wp\/v2\/types\/post"}],"author":[{"embeddable":true,"href":"https:\/\/ruwar.org\/pl\/wp-json\/wp\/v2\/users\/1"}],"replies":[{"embeddable":true,"href":"https:\/\/ruwar.org\/pl\/wp-json\/wp\/v2\/comments?post=24468"}],"version-history":[{"count":0,"href":"https:\/\/ruwar.org\/pl\/wp-json\/wp\/v2\/posts\/24468\/revisions"}],"wp:featuredmedia":[{"embeddable":true,"href":"https:\/\/ruwar.org\/pl\/wp-json\/wp\/v2\/media\/24469"}],"wp:attachment":[{"href":"https:\/\/ruwar.org\/pl\/wp-json\/wp\/v2\/media?parent=24468"}],"wp:term":[{"taxonomy":"category","embeddable":true,"href":"https:\/\/ruwar.org\/pl\/wp-json\/wp\/v2\/categories?post=24468"},{"taxonomy":"post_tag","embeddable":true,"href":"https:\/\/ruwar.org\/pl\/wp-json\/wp\/v2\/tags?post=24468"}],"curies":[{"name":"wp","href":"https:\/\/api.w.org\/{rel}","templated":true}]}}