{"id":23966,"date":"2024-03-14T21:40:02","date_gmt":"2024-03-14T20:40:02","guid":{"rendered":"https:\/\/razvedka.info\/pl\/2024-03-macron-potwierdzil-ze-nie-wyklucza-mozliwosci-wyslania-wojsk-w-ukraine\/"},"modified":"2024-03-14T21:40:02","modified_gmt":"2024-03-14T20:40:02","slug":"macron-potwierdzil-ze-nie-wyklucza-mozliwosci-wyslania-wojsk-w-ukraine","status":"publish","type":"post","link":"https:\/\/ruwar.org\/pl\/2024-03-macron-potwierdzil-ze-nie-wyklucza-mozliwosci-wyslania-wojsk-w-ukraine\/","title":{"rendered":"Macron potwierdzi\u0142, \u017ce nie wyklucza mo\u017cliwo\u015bci wys\u0142ania wojsk w Ukrain\u0119"},"content":{"rendered":"<p>Prezydent Francji Emmanuel Macron powiedzia\u0142, \u017ce wojna w Ukrainie jest egzystencjalna dla Europy, dlatego nie wyklucza opcji wys\u0142ania francuskich wojsk w Ukrain\u0119, je\u015bli zajdzie taka potrzeba w przysz\u0142o\u015bci. Macron powiedzia\u0142 to wieczorem 14 marca w wywiadzie dla francuskich dziennikarzy. <a rel=\"nofollow noopener\" target=\"_blank\" href=\"https:\/\/www.ukrinform.ua\/rubric-polytics\/3839939-makron-pro-vvedenna-evropejskih-vijsk-mi-ne-viklucaemo-takoi-mozlivosti.html\">Zapisuje<\/a> Ukrinform.<\/p>\n<p>Macron, t\u0142umacz\u0105c poruszenie kwestii wys\u0142ania wojsk w Ukrain\u0119, podkre\u015bli\u0142, \u017ce wojna jest &#8222;bardzo blisko&#8221; Francji.<\/p>\n<p>&#8222;Ostatnio \u017cyjemy w warunkach, w kt\u00f3rych przychodzi niemo\u017cliwe. Mi\u0119dzy Strasburgiem a Lwowem jest tylko 1500 km. \u0141\u0105cznie 1500 km. Wojna ju\u017c tu jest, jest bardzo blisko&#8221; \u2013 powiedzia\u0142 Macron.<\/p>\n<p>R\u00f3wnie\u017c odpowiadaj\u0105c na pytanie o mo\u017cliwo\u015b\u0107 wprowadzenia wojsk francuskich w Ukrain\u0119, Macron powiedzia\u0142, \u017ce nie wyklucza takiej mo\u017cliwo\u015bci.<\/p>\n<p>&#8222;W tej chwili nie jeste\u015bmy w takiej sytuacji, ale nie wykluczamy takiej mo\u017cliwo\u015bci&#8221; \u2013 powiedzia\u0142, dodaj\u0105c, \u017ce je\u015bli Putin nie zostanie zatrzymany, wojna nie zatrzyma si\u0119 w Ukrainie.<\/p>\n<p>Wed\u0142ug Macrona, je\u015bli Francja wy\u015ble wojska w Ukrain\u0119, to &#8222;jedyn\u0105 osob\u0105, kt\u00f3ra b\u0119dzie za to odpowiedzialna, b\u0119dzie re\u017cim na Kremlu&#8221;. Francuski prezydent uwa\u017ca, \u017ce je\u015bli Rosja wygra wojn\u0119, &#8222;zaufanie do Europy spadnie do zera&#8221;.<\/p>\n<p><meta charset=\"UTF-8\">26 lutego prezydent Francji Emmanuel Macron powiedzia\u0142, \u017ce podczas zorganizowanego przez niego szczytu w Pary\u017cu europejscy przyw\u00f3dcy dyskutowali o kwestii wys\u0142ania wojsk w Ukrain\u0119. Prezydent Francji powiedzia\u0142, \u017ce obecnie nie ma odpowiedniego konsensusu. Doda\u0142 jednak, \u017ce &#8222;niczego nie mo\u017cna wykluczy\u0107 w przysz\u0142o\u015bci&#8221;.<\/p>\n<p><meta charset=\"UTF-8\">Zamiast tego kanclerz Niemiec Olaf Scholz powiedzia\u0142, \u017ce na terytorium Ukrainy nie b\u0119dzie si\u0142 l\u0105dowych pa\u0144stw europejskich ani NATO. Stany Zjednoczone odm\u00f3wi\u0142y r\u00f3wnie\u017c udzia\u0142u w swoich \u017co\u0142nierzach na froncie ukrai\u0144skim. Wed\u0142ug sekretarza generalnego NATO Jensa Stoltenberga Sojusz nie wy\u015ble swoich wojsk w Ukrain\u0119, ale poszczeg\u00f3lne pa\u0144stwa bloku mog\u0105 wyst\u0105pi\u0107 z tak\u0105 inicjatyw\u0105, poniewa\u017c nie wymaga to zgody wszystkich pa\u0144stw cz\u0142onkowskich NATO.<\/p>\n","protected":false},"excerpt":{"rendered":"<p>Prezydent Francji Emmanuel Macron powiedzia\u0142, \u017ce wojna w Ukrainie jest egzystencjalna dla Europy, dlatego nie wyklucza opcji wys\u0142ania francuskich wojsk w Ukrain\u0119, je\u015bli zajdzie taka potrzeba w przysz\u0142o\u015bci. Macron powiedzia\u0142 to wieczorem 14 marca w wywiadzie dla francuskich dziennikarzy. Zapisuje Ukrinform. Macron, t\u0142umacz\u0105c poruszenie kwestii wys\u0142ania wojsk w Ukrain\u0119, podkre\u015bli\u0142, \u017ce wojna jest &#8222;bardzo blisko&#8221; [&hellip;]<\/p>\n","protected":false},"author":1,"featured_media":23967,"comment_status":"closed","ping_status":"closed","sticky":false,"template":"","format":"standard","meta":{"footnotes":""},"categories":[1],"tags":[],"class_list":["post-23966","post","type-post","status-publish","format-standard","has-post-thumbnail","hentry","category-wojna"],"_links":{"self":[{"href":"https:\/\/ruwar.org\/pl\/wp-json\/wp\/v2\/posts\/23966","targetHints":{"allow":["GET"]}}],"collection":[{"href":"https:\/\/ruwar.org\/pl\/wp-json\/wp\/v2\/posts"}],"about":[{"href":"https:\/\/ruwar.org\/pl\/wp-json\/wp\/v2\/types\/post"}],"author":[{"embeddable":true,"href":"https:\/\/ruwar.org\/pl\/wp-json\/wp\/v2\/users\/1"}],"replies":[{"embeddable":true,"href":"https:\/\/ruwar.org\/pl\/wp-json\/wp\/v2\/comments?post=23966"}],"version-history":[{"count":0,"href":"https:\/\/ruwar.org\/pl\/wp-json\/wp\/v2\/posts\/23966\/revisions"}],"wp:featuredmedia":[{"embeddable":true,"href":"https:\/\/ruwar.org\/pl\/wp-json\/wp\/v2\/media\/23967"}],"wp:attachment":[{"href":"https:\/\/ruwar.org\/pl\/wp-json\/wp\/v2\/media?parent=23966"}],"wp:term":[{"taxonomy":"category","embeddable":true,"href":"https:\/\/ruwar.org\/pl\/wp-json\/wp\/v2\/categories?post=23966"},{"taxonomy":"post_tag","embeddable":true,"href":"https:\/\/ruwar.org\/pl\/wp-json\/wp\/v2\/tags?post=23966"}],"curies":[{"name":"wp","href":"https:\/\/api.w.org\/{rel}","templated":true}]}}