{"id":23905,"date":"2024-03-12T22:05:03","date_gmt":"2024-03-12T21:05:03","guid":{"rendered":"https:\/\/razvedka.info\/pl\/2024-03-wolodymyr-zelenski-zapowiedzial-zwiekszenie-liczebnosci-wojsk-granicznych\/"},"modified":"2024-03-12T22:05:03","modified_gmt":"2024-03-12T21:05:03","slug":"wolodymyr-zelenski-zapowiedzial-zwiekszenie-liczebnosci-wojsk-granicznych","status":"publish","type":"post","link":"https:\/\/ruwar.org\/pl\/2024-03-wolodymyr-zelenski-zapowiedzial-zwiekszenie-liczebnosci-wojsk-granicznych\/","title":{"rendered":"Wo\u0142odymyr Ze\u0142enski zapowiedzia\u0142 zwi\u0119kszenie liczebno\u015bci wojsk granicznych"},"content":{"rendered":"<p>Ukraina zwi\u0119kszy liczb\u0119 wojsk granicznych, w szczeg\u00f3lno\u015bci w celu ochrony przed rosyjsk\u0105 agresj\u0105. Stwierdzi\u0142 to prezydent Ukrainy Wo\u0142odymyr Ze\u0142enski w swoim wieczornym raporcie we wtorek 12 marca.<\/p>\n<p>Szef pa\u0144stwa poinformowa\u0142, \u017ce odby\u0142 kilka wa\u017cnych spotka\u0144 z udzia\u0142em premiera Denysa Szmyhala, ministra spraw wewn\u0119trznych Ihora Klymenko i szeregu innych przedstawicieli rz\u0105du. Podczas spotka\u0144 Prezydent uzgodni\u0142 dalsze kroki na rzecz rozwoju Pa\u0144stwowej S\u0142u\u017cby Granicznej i Wojsk Stra\u017cy Granicznej.<\/p>\n<p>Wo\u0142odymyr Ze\u0142enski podkre\u015bli\u0142, \u017ce jest dumny z ka\u017cdego Ukrai\u0144ca i Ukrainki, kt\u00f3rzy s\u0142u\u017c\u0105 w wojskach granicznych.<\/p>\n<p><em>&#8222;Zwi\u0119kszymy liczebno\u015b\u0107 wojsk granicznych \u2013 zar\u00f3wno bior\u0105c pod uwag\u0119 obecne zadania ochrony przed rosyjsk\u0105 agresj\u0105, jak i licz\u0105c na d\u0142ugotrwa\u0142\u0105 ochron\u0119 granic naszego pa\u0144stwa po tej wojnie&#8221; \u2013 czytamy w komunikacie&#8221; <\/em>\u2013Powiedzia\u0142.<\/p>\n<p>Ze\u0142enski pochwali\u0142 te\u017c pogranicznik\u00f3w z oddzia\u0142u w Sumach, kt\u00f3rzy przeciwdzia\u0142aj\u0105 rosyjskim dywersantom i wzmacniaj\u0105 nasze pozycje obronne na granicy; \u017co\u0142nierze Biura Szybkiego Reagowania Komendanta Stra\u017cy Granicznej Wo\u0142y\u0144skiego Oddzia\u0142u Granicznego, brygad &#8222;Zemsta&#8221; i &#8222;Stalowa Granica&#8221;, a tak\u017ce \u017co\u0142nierze jednostki specjalnej DOZOR.<\/p>\n<p>Podczas posiedze\u0144 Prezydent wys\u0142ucha\u0142 r\u00f3wnie\u017c sprawozdania na temat g\u0142\u00f3wnych kwestii bezpiecze\u0144stwa w naszym kraju, w szczeg\u00f3lno\u015bci na temat pracy Pa\u0144stwowej S\u0142u\u017cby ds. Sytuacji Nadzwyczajnych.<\/p>\n<p>Nale\u017cy zauwa\u017cy\u0107, \u017ce wed\u0142ug otwartych danych liczba \u017co\u0142nierzy granicznych w Ukrainie wynosi 50 tysi\u0119cy. os\u00f3b, w tym 42 tys. Personel wojskowy<\/p>\n","protected":false},"excerpt":{"rendered":"<p>Ukraina zwi\u0119kszy liczb\u0119 wojsk granicznych, w szczeg\u00f3lno\u015bci w celu ochrony przed rosyjsk\u0105 agresj\u0105. Stwierdzi\u0142 to prezydent Ukrainy Wo\u0142odymyr Ze\u0142enski w swoim wieczornym raporcie we wtorek 12 marca. Szef pa\u0144stwa poinformowa\u0142, \u017ce odby\u0142 kilka wa\u017cnych spotka\u0144 z udzia\u0142em premiera Denysa Szmyhala, ministra spraw wewn\u0119trznych Ihora Klymenko i szeregu innych przedstawicieli rz\u0105du. Podczas spotka\u0144 Prezydent uzgodni\u0142 dalsze [&hellip;]<\/p>\n","protected":false},"author":1,"featured_media":23906,"comment_status":"closed","ping_status":"closed","sticky":false,"template":"","format":"standard","meta":{"footnotes":""},"categories":[1],"tags":[],"class_list":["post-23905","post","type-post","status-publish","format-standard","has-post-thumbnail","hentry","category-wojna"],"_links":{"self":[{"href":"https:\/\/ruwar.org\/pl\/wp-json\/wp\/v2\/posts\/23905","targetHints":{"allow":["GET"]}}],"collection":[{"href":"https:\/\/ruwar.org\/pl\/wp-json\/wp\/v2\/posts"}],"about":[{"href":"https:\/\/ruwar.org\/pl\/wp-json\/wp\/v2\/types\/post"}],"author":[{"embeddable":true,"href":"https:\/\/ruwar.org\/pl\/wp-json\/wp\/v2\/users\/1"}],"replies":[{"embeddable":true,"href":"https:\/\/ruwar.org\/pl\/wp-json\/wp\/v2\/comments?post=23905"}],"version-history":[{"count":0,"href":"https:\/\/ruwar.org\/pl\/wp-json\/wp\/v2\/posts\/23905\/revisions"}],"wp:featuredmedia":[{"embeddable":true,"href":"https:\/\/ruwar.org\/pl\/wp-json\/wp\/v2\/media\/23906"}],"wp:attachment":[{"href":"https:\/\/ruwar.org\/pl\/wp-json\/wp\/v2\/media?parent=23905"}],"wp:term":[{"taxonomy":"category","embeddable":true,"href":"https:\/\/ruwar.org\/pl\/wp-json\/wp\/v2\/categories?post=23905"},{"taxonomy":"post_tag","embeddable":true,"href":"https:\/\/ruwar.org\/pl\/wp-json\/wp\/v2\/tags?post=23905"}],"curies":[{"name":"wp","href":"https:\/\/api.w.org\/{rel}","templated":true}]}}