{"id":23899,"date":"2024-03-12T19:00:02","date_gmt":"2024-03-12T18:00:02","guid":{"rendered":"https:\/\/razvedka.info\/pl\/2024-03-od-generala-do-dyplomaty\/"},"modified":"2024-03-12T19:00:02","modified_gmt":"2024-03-12T18:00:02","slug":"od-generala-do-dyplomaty","status":"publish","type":"post","link":"https:\/\/ruwar.org\/pl\/2024-03-od-generala-do-dyplomaty\/","title":{"rendered":"Od genera\u0142a do dyplomaty"},"content":{"rendered":"<p align=\"left\" style=\"text-align:left\">Prawdziw\u0105 sensacj\u0105 sta\u0142a si\u0119 wiadomo\u015b\u0107 o mianowaniu Walerija Za\u0142u\u017cnego na stanowisko ambasadora w Wielkiej Brytanii. Ale sprowokowa\u0142o to r\u00f3wnie\u017c wiele rozm\u00f3w i plotek. Taka nominacja personalna jest zbyt nadzwyczajna i nie wpisuje si\u0119 w zwyk\u0142\u0105 praktyk\u0119 dyplomatyczn\u0105. Nasuwaj\u0105 si\u0119 podobie\u0144stwa z honorowym wygnaniem. A atmosfera tajemnicy, w jakiej zapad\u0142a taka decyzja prezydenta, sk\u0142ania do g\u0142\u0119bokich przemy\u015ble\u0144.<\/p>\n<p>Ukrai\u0144ska dyplomacja pod rz\u0105dami prezydenta Ze\u0142enskiego jest skrajnie niezr\u00f3wnowa\u017conym i chaotycznym systemem. Z jednej strony rola MSZ i jego szefa Dmytro Ku\u0142eby jest znacznie ograniczona. A wszystko dlatego, \u017ce funkcj\u0119 polityki zagranicznej i negocjacji z wiod\u0105cymi partnerami i sojusznikami przej\u0119\u0142a Kancelaria Prezydenta. Dlatego ukrai\u0144ski minister spraw zagranicznych jest coraz bardziej zmuszony ogranicza\u0107 si\u0119 do funkcji &#8222;genera\u0142a weselnego&#8221;. Z drugiej strony polityka personalna Ministerstwa Spraw Zagranicznych uleg\u0142a dziwnym przeobra\u017ceniom. Plac\u00f3wki dyplomatyczne sta\u0142y si\u0119 miejscem, w kt\u00f3rym od czasu do czasu powo\u0142ywany jest nie fachowiec, ale ju\u017c wypracowany materia\u0142. Przypomnijmy sobie by\u0142ego szefa Ministerstwa Obrony Andrija Tarana czy prokurator generaln\u0105 Iryn\u0119 Wenediktow\u0105. Teraz wydaje si\u0119, \u017ce pu\u0142k dyplomat\u00f3w bez do\u015bwiadczenia dyplomatycznego uzupe\u0142ni by\u0142y Naczelny Dow\u00f3dca Si\u0142 Zbrojnych Ukrainy Wa\u0142erij Za\u0142u\u017cnyj.<\/p>\n<p>Pomimo strategicznie wa\u017cnego dla Ukrainy statusu Wielkiej Brytanii, nasza ambasada w Londynie od d\u0142u\u017cszego czasu funkcjonuje bez ambasadora. Latem po szczycie NATO w Wilnie jej \u00f3wczesny szef Wadym Prystajko pozwoli\u0142 sobie na krytyk\u0119 prezydenta Wo\u0142odymyra Ze\u0142enskiego. Ambasadorowi nie spodoba\u0142o si\u0119, \u017ce g\u0142owa pa\u0144stwa uciek\u0142a si\u0119 do nieco niegrzecznych komentarzy skierowanych do brytyjskiego sekretarza obrony Bena Wallace&#8217;a na temat metod wdzi\u0119czno\u015bci za pomoc udzielon\u0105 Ukrainie. Ambasador nazwa\u0142 s\u0142owa prezydenta &#8222;niezdrowym sarkazmem&#8221;. Ze\u0142enski us\u0142ysza\u0142 wypowied\u017a ambasadora. I zdecydowano, \u017ce kariera dyplomatyczna Wadyma Prystajki dobieg\u0142a ko\u0144ca. Nie spieszyli si\u0119 jednak z jego wymian\u0105.<\/p>\n<p>Pocz\u0105tkowo by\u0142y minister obrony O\u0142eksij Reznikow by\u0142 zabiegany o stanowisko ambasadora w Wielkiej Brytanii. W lutym pojawi\u0142y si\u0119 pog\u0142oski, \u017ce do Mglistego Albionu mo\u017ce uda\u0107 si\u0119 sam minister spraw zagranicznych Dmytro Ku\u0142eba. Ale 7 marca Ze\u0142enski powiedzia\u0142 w swoim wieczornym przem\u00f3wieniu, \u017ce wysy\u0142a Walerija Za\u0142u\u017cnego do Londynu.<\/p>\n<p>&#8222;Genera\u0142 Walerij Za\u0142u\u017cny powiedzia\u0142 mi o tym kierunku dla siebie \u2013 dyplomatycznego. Ministerstwo Spraw Zagranicznych Ukrainy wys\u0142a\u0142o pro\u015bb\u0119 o agr\u00e9ment. Nasz sojusz z Wielk\u0105 Brytani\u0105 powinien by\u0107 tylko wzmacniany&#8221; \u2013 kr\u00f3tko uzasadni\u0142 swoj\u0105 decyzj\u0119 prezydent.<\/p>\n<p>Za tak\u0105 decyzj\u0105 opowiedzia\u0142 si\u0119 r\u00f3wnie\u017c minister spraw zagranicznych Dmytro Ku\u0142eba. Co jednak jest do\u015b\u0107 oczekiwane, bior\u0105c pod uwag\u0119 obecny monopion w\u0142adzy w Ukrainie. Podobno by\u0142y g\u0142\u00f3wnodowodz\u0105cy ma wykszta\u0142cenie w zakresie stosunk\u00f3w mi\u0119dzynarodowych. No, mo\u017ce poza tym, \u017ce angielski powinien by\u0107 troch\u0119 zaostrzony.<\/p>\n<p>&#8222;Prezydent od bardzo dawna szuka w Londynie najsilniejszego mo\u017cliwego kandydata na to stanowisko. Jednym z kluczowych wymog\u00f3w by\u0142o zrozumienie kontekstu wojskowego, poniewa\u017c Wielka Brytania jest nie tylko naszym specjalnym partnerem strategicznym&#8221; \u2013 powiedzia\u0142 szef MSZ.<\/p>\n<p>Wed\u0142ug Ku\u0142eby, nominacja Za\u0142u\u017cnego do Londynu jest bardzo zaszczytn\u0105 misj\u0105. I to w\u0142a\u015bnie ze stolicy Wielkiej Brytanii mo\u017cna nawi\u0105za\u0107 kontakty z krajami Globalnego Po\u0142udnia. &#8222;Jestem przekonany, \u017ce Walerij Za\u0142u\u017cny b\u0119dzie jedn\u0105 z najbardziej szanowanych postaci i przyniesie wiele korzy\u015bci nie tylko dla stosunk\u00f3w dwustronnych z Wielk\u0105 Brytani\u0105, ale tak\u017ce dla zakulisowej dyplomacji z krajami Azji, Afryki i Ameryki \u0141aci\u0144skiej&#8221; \u2013 powiedzia\u0142 Dmytro Ku\u0142eba na antenie telethonu 7 marca.<\/p>\n<p>Werbalnie wszystko wygl\u0105da zbyt idealnie, aby mog\u0142o by\u0107 absolutnie prawdziwe. Problem nie polega tylko na tym, \u017ce Za\u0142u\u017cny jest zawodowym wojskowym, kt\u00f3ry nie ma do\u015bwiadczenia w dyplomacji. Mianowanie osoby bez odpowiednich umiej\u0119tno\u015bci do kluczowego kraju na \u015bwiecie w \u015brodku wojny jest decyzj\u0105 w\u0105tpliw\u0105 z punktu widzenia racjonalno\u015bci. Cho\u0107 Ze\u0142enski powiedzia\u0142, \u017ce Za\u0142u\u017cny zgodzi\u0142 si\u0119 na tak\u0105 ofert\u0119 i sam poprosi\u0142 o s\u0142u\u017cb\u0119 dyplomatyczn\u0105, to na dzie\u0144 8 marca nie by\u0142o \u017cadnych oficjalnych o\u015bwiadcze\u0144 w tej sprawie ze strony by\u0142ego g\u0142\u00f3wnodowodz\u0105cego. Co wi\u0119cej, w samym \u015brodku sagi zwi\u0105zanej ze zdymisjonowaniem Za\u0142u\u017cnego pojawi\u0142y si\u0119 ju\u017c informacje, \u017ce genera\u0142owi zaproponowano stanowisko ambasadora. A potem odm\u00f3wi\u0142. Co si\u0119 zmieni\u0142o przez p\u00f3\u0142tora miesi\u0105ca?<\/p>\n<p>Jest jeszcze jeden aspekt decyzji dyplomatycznej Ze\u0142enskiego. I nie jest zbyt szczery. Ma raczej osobliw\u0105 zazdrosn\u0105 konotacj\u0119 polityczn\u0105. Nie jest tajemnic\u0105, \u017ce socjologowie od kilku miesi\u0119cy uwzgl\u0119dniaj\u0105 nazwisko Za\u0142u\u017cnego w swoich sonda\u017cach, aby zrozumie\u0107 preferencje polityczne Ukrai\u0144c\u00f3w. I w tych sonda\u017cach by\u0142y g\u0142\u00f3wnodowodz\u0105cy pewnie wyprzedza\u0142 obecnego prezydenta. Co wi\u0119cej, widoczna by\u0142a wyra\u017ana tendencja do obni\u017cania notowa\u0144 Ze\u0142enskiego na tle utrzymania zaufania do Za\u0142u\u017cnego. Ostatnie badania wykaza\u0142y, \u017ce Ze\u0142enski przegra\u0142by wybory na Naczelnego Dow\u00f3dc\u0119 Si\u0142 Zbrojnych Ukrainy bez opcji, gdyby zgodzi\u0142 si\u0119 wzi\u0105\u0107 w nich udzia\u0142.<\/p>\n<p>Nie jest tajemnic\u0105, \u017ce wielu widzia\u0142o Za\u0142u\u017cnego jako realn\u0105 alternatyw\u0119 dla Ze\u0142enskiego. Nie ma w tym nic dziwnegoNagromadzi\u0142o si\u0119 wiele pyta\u0144 do w\u0142adz. A spo\u0142ecze\u0144stwo nie mo\u017ce \u017cy\u0107 w sta\u0142ej rzeczywisto\u015bci bez alternatyw. Za\u0142u\u017cny by\u0142 legendarn\u0105 postaci\u0105, kt\u00f3ra jednoczy\u0142a Ukrai\u0144c\u00f3w z r\u00f3\u017cnych region\u00f3w. Gdyby zdecydowa\u0142 si\u0119 na polityk\u0119, prawdopodobnie mia\u0142by du\u017ce szanse na walk\u0119 o w\u0142adz\u0119. Problem w tym, \u017ce sam genera\u0142 w \u017caden spos\u00f3b nie wspomnia\u0142 o udziale w polityce. Teraz ten udzia\u0142 jest tym bardziej w\u0105tpliwy.<\/p>\n<p>Mo\u017cna oczywi\u015bcie argumentowa\u0107, \u017ce praca dyplomatyczna otworzy Za\u0142u\u017cnemu drog\u0119 do wielkiej polityki. Genera\u0142 zdob\u0119dzie do\u015bwiadczenie, nawi\u0105\u017ce \u015bcis\u0142\u0105 komunikacj\u0119 ze \u015bwiatowymi przyw\u00f3dcami i b\u0119dzie regularnie pojawia\u0142 si\u0119 w czo\u0142owych mediach. A ze stanowiska ambasadora w Wielkiej Brytanii po pewnym czasie wr\u00f3ci w Ukrain\u0119, by triumfalnie wzi\u0105\u0107 udzia\u0142 w kampanii wyborczej. Ot\u00f3\u017c ta wersja teoretycznie te\u017c ma prawo do \u017cycia. Ale czy nie jest to zbyt trudne zadanie dla wojskowego, aby sta\u0107 si\u0119 zar\u00f3wno m\u0105drym i skutecznym dyplomat\u0105, jak i politykiem?<\/p>\n<p>Decyzja Ze\u0142enskiego jest s\u0142uszna, je\u015bli spojrze\u0107 na ni\u0105 z punktu widzenia walki o w\u0142adz\u0119. W rzeczywisto\u015bci eliminuje potencjalnego konkurenta w wyborach i wysy\u0142a go do stolicy obcego kraju. Z ca\u0142ym szacunkiem dla zas\u0142ug Za\u0142u\u017cnego, nie jest on geniuszem, by jednocze\u015bnie anga\u017cowa\u0107 si\u0119 w skomplikowan\u0105 prac\u0119 dyplomatyczn\u0105 i budowa\u0107 w\u0142asn\u0105 w\u0142adz\u0119 polityczn\u0105 w Ukrainie. w Ukrainie nie da si\u0119 zrobi\u0107 kariery politycznej zdalnie. Dlatego Kancelaria Prezydenta mo\u017ce na chwil\u0119 odetchn\u0105\u0107 z ulg\u0105. Pozby\u0142 si\u0119 gro\u017anego przeciwnika politycznego. A na politycznym horyzoncie nie ma postaci, kt\u00f3re mog\u0142yby z nim konkurowa\u0107. Ale z punktu widzenia korzy\u015bci p\u0142yn\u0105cych z takiej decyzji dla Ukrainy pytanie pozostaje otwarte. Wydaje si\u0119, \u017ce do\u015bwiadczenie Za\u0142u\u017cnego mog\u0142oby si\u0119 przyda\u0107 gdzie indziej.<\/p>\n<p>Ale warto zastanowi\u0107 si\u0119 nad inn\u0105 kwesti\u0105. Czy wypowied\u017a Ze\u0142enskiego o mianowaniu Za\u0142u\u017cnego na ambasadora mog\u0142a pa\u015b\u0107 bez jej zgody z samym Za\u0142u\u017cnym? W\u0105tpliwe. Je\u015bli Za\u0142u\u017cny \u015bwiadomie zgodzi\u0142 si\u0119 na takie stanowisko, to jest to jego wyb\u00f3r. Ale taka nominacja powa\u017cnie niszczy mit o potencjale politycznym genera\u0142a.<\/p>\n<p>Czy Ukrai\u0144cy nie spieszyli si\u0119, by stworzy\u0107 sobie nowego idola i zaocznie posadzi\u0107 go na fotelu prezydenta? Czy\u017c nie obdarzy\u0142y go jakimi\u015b niezwyk\u0142ymi cechami? Bardzo niewielu zawodowych wojskowych mo\u017ce by\u0107 odnosz\u0105cymi sukcesy politykami. Ale rozczarowanie w\u0142adzami nie znikn\u0119\u0142o. Wr\u0119cz przeciwnie, istnieje tendencja do zwi\u0119kszania niezadowolenia ze skuteczno\u015bci jego pracy. Ze\u0142enski mo\u017ce teraz my\u015ble\u0107, \u017ce straci\u0142 gro\u017anego konkurenta. Ale los wci\u0105\u017c mo\u017ce przynie\u015b\u0107 w\u0142adzom nieoczekiwane niespodzianki.<\/p>\n","protected":false},"excerpt":{"rendered":"<p>Prawdziw\u0105 sensacj\u0105 sta\u0142a si\u0119 wiadomo\u015b\u0107 o mianowaniu Walerija Za\u0142u\u017cnego na stanowisko ambasadora w Wielkiej Brytanii. Ale sprowokowa\u0142o to r\u00f3wnie\u017c wiele rozm\u00f3w i plotek. Taka nominacja personalna jest zbyt nadzwyczajna i nie wpisuje si\u0119 w zwyk\u0142\u0105 praktyk\u0119 dyplomatyczn\u0105. Nasuwaj\u0105 si\u0119 podobie\u0144stwa z honorowym wygnaniem. A atmosfera tajemnicy, w jakiej zapad\u0142a taka decyzja prezydenta, sk\u0142ania do g\u0142\u0119bokich [&hellip;]<\/p>\n","protected":false},"author":1,"featured_media":23900,"comment_status":"closed","ping_status":"closed","sticky":false,"template":"","format":"standard","meta":{"footnotes":""},"categories":[1],"tags":[],"class_list":["post-23899","post","type-post","status-publish","format-standard","has-post-thumbnail","hentry","category-wojna"],"_links":{"self":[{"href":"https:\/\/ruwar.org\/pl\/wp-json\/wp\/v2\/posts\/23899","targetHints":{"allow":["GET"]}}],"collection":[{"href":"https:\/\/ruwar.org\/pl\/wp-json\/wp\/v2\/posts"}],"about":[{"href":"https:\/\/ruwar.org\/pl\/wp-json\/wp\/v2\/types\/post"}],"author":[{"embeddable":true,"href":"https:\/\/ruwar.org\/pl\/wp-json\/wp\/v2\/users\/1"}],"replies":[{"embeddable":true,"href":"https:\/\/ruwar.org\/pl\/wp-json\/wp\/v2\/comments?post=23899"}],"version-history":[{"count":0,"href":"https:\/\/ruwar.org\/pl\/wp-json\/wp\/v2\/posts\/23899\/revisions"}],"wp:featuredmedia":[{"embeddable":true,"href":"https:\/\/ruwar.org\/pl\/wp-json\/wp\/v2\/media\/23900"}],"wp:attachment":[{"href":"https:\/\/ruwar.org\/pl\/wp-json\/wp\/v2\/media?parent=23899"}],"wp:term":[{"taxonomy":"category","embeddable":true,"href":"https:\/\/ruwar.org\/pl\/wp-json\/wp\/v2\/categories?post=23899"},{"taxonomy":"post_tag","embeddable":true,"href":"https:\/\/ruwar.org\/pl\/wp-json\/wp\/v2\/tags?post=23899"}],"curies":[{"name":"wp","href":"https:\/\/api.w.org\/{rel}","templated":true}]}}