{"id":23808,"date":"2024-03-08T20:35:09","date_gmt":"2024-03-08T19:35:09","guid":{"rendered":"https:\/\/razvedka.info\/pl\/2024-03-erdogan-chce-szczytu-pokojowego-z-udzialem-rosji\/"},"modified":"2024-03-08T20:35:09","modified_gmt":"2024-03-08T19:35:09","slug":"erdogan-chce-szczytu-pokojowego-z-udzialem-rosji","status":"publish","type":"post","link":"https:\/\/ruwar.org\/pl\/2024-03-erdogan-chce-szczytu-pokojowego-z-udzialem-rosji\/","title":{"rendered":"Erdogan chce szczytu pokojowego z udzia\u0142em Rosji"},"content":{"rendered":"<p>Prezydent Turcji Recep Tayyip Erdogan wezwa\u0142 do zwo\u0142ania szczytu pokojowego z udzia\u0142em Rosji. M\u00f3wi\u0142 o tym podczas spotkania z prezydentem Ukrainy Wo\u0142odymyrem Ze\u0142enskim w Stambule w pi\u0105tek 8 marca.<\/p>\n<p>Turecki przyw\u00f3dca podkre\u015bli\u0142, \u017ce jego kraj popiera integralno\u015b\u0107 terytorialn\u0105, suwerenno\u015b\u0107 i niezale\u017cno\u015b\u0107 Ukrainy, kt\u00f3r\u0105 nazwa\u0142 &#8222;strategicznym partnerem&#8221;. Erdogan nie widzi jednak innego wyj\u015bcia, jak tylko dyplomatyczne rozwi\u0105zanie problemu.<\/p>\n<p>Jego zdaniem &#8222;nie podj\u0119to \u017cadnych krok\u00f3w dyplomatycznych, aby wykorzysta\u0107 st\u00f3\u0142 negocjacyjny, kt\u00f3ry ustalili\u015bmy w Stambule w marcu 2023 r., do ustanowienia pokoju&#8221;.<\/p>\n<p><em>&#8222;Od samego pocz\u0105tku przyczyniali\u015bmy si\u0119 do zako\u0144czenia wojny poprzez negocjacje. Jeste\u015bmy gotowi do zorganizowania szczytu pokojowego, w kt\u00f3rym we\u017amie udzia\u0142 r\u00f3wnie\u017c Rosja. Robimy wszystko, aby osi\u0105gn\u0105\u0107 pok\u00f3j \u015brodkami dyplomatycznymi&#8221;<\/em> \u2013Powiedzia\u0142.<\/p>\n<div class=\"responsive-embed\">\n<div class=\"jeg_video_container jeg_video_content\"><iframe loading=\"lazy\" title=\"\u0417\u0430\u044f\u0432\u0438 \u0434\u043b\u044f \u0417\u041c\u0406 \u0412\u043e\u043b\u043e\u0434\u0438\u043c\u0438\u0440\u0430 \u0417\u0435\u043b\u0435\u043d\u0441\u044c\u043a\u043e\u0433\u043e \u0442\u0430 \u0420\u0435\u0434\u0436\u0435\u043f\u0430 \u0422\u0430\u0457\u043f\u0430 \u0415\u0440\u0434\u043e\u0433\u0430\u043d\u0430\" width=\"500\" height=\"281\" src=\"https:\/\/www.youtube.com\/embed\/znl5LTEJ4P4?feature=oembed\" frameborder=\"0\" allow=\"accelerometer; autoplay; clipboard-write; encrypted-media; gyroscope; picture-in-picture; web-share\" referrerpolicy=\"strict-origin-when-cross-origin\" allowfullscreen><\/iframe><\/div>\n<\/div>\n<p style=\"text-align: center;\"><em>Wideo Kancelarii Prezydenta<\/em><\/p>\n<p>Z kolei prezydent Ukrainy Wo\u0142odymyr Ze\u0142enski sprzeciwi\u0142 si\u0119 udzia\u0142owi Rosji w szczycie pokojowym, sugeruj\u0105c jednocze\u015bnie, \u017ce b\u0119dzie ona mog\u0142a otrzyma\u0107 zaproszenie po wypracowaniu planu sprawiedliwego pokoju.<\/p>\n<p><em>&#8222;Nie widzimy przedstawicieli Rosji na takim szczycie. Nie rozumiemy, jak mo\u017cna zaprasza\u0107 ludzi, kt\u00f3rzy wszystko blokuj\u0105, niszcz\u0105 i zabijaj\u0105. Chcemy osi\u0105gn\u0105\u0107 rezultat \u2013 sprawiedliwy pok\u00f3j dla Ukrainy. Najpierw cywilizowane kraje opracuj\u0105 plan, a dopiero potem zostan\u0105 zaproszeni przedstawiciele Rosji&#8221;<\/em> \u2013Powiedzia\u0142.<\/p>\n<p>Ze\u0142enski zaprosi\u0142 te\u017c Turcj\u0119 na \u015awiatowy Szczyt Pokojowy. Ze\u0142enski zaznaczy\u0142, \u017ce na szczycie pokojowym nie mo\u017ce by\u0107 ludzi, kt\u00f3rzy wszystko blokuj\u0105, niszcz\u0105 i zabijaj\u0105.<\/p>\n<p><em>&#8222;Dzisiaj du\u017co rozmawiali\u015bmy o naszej formule pokojowej. O przygotowaniach do szczytu pokojowego informowa\u0142em na szczeblu przyw\u00f3dc\u00f3w. Szczeg\u00f3lna rola Turcji zas\u0142uguje na to, by na szczycie pokojowym pokaza\u0107 przyw\u00f3dztwo waszego kraju w celu pe\u0142nego wdro\u017cenia formu\u0142y pokojowej. Co do formatu. Na tym szczycie nie widzimy \u017cadnych przedstawicieli Rosji&#8221;.<\/em>&#8222;W zwi\u0105zku z tym b\u0119dziemy kontynuowa\u0107 wsp\u00f3\u0142prac\u0119 z naszymi klientami&#8221; \u2013 powiedzia\u0142 prezes<\/p>\n<p>Przypomnijmy, \u017ce w listopadzie 2022 roku Ukraina przedstawi\u0142a swoj\u0105 formu\u0142\u0119 pokojow\u0105, kt\u00f3ra zawiera 10 punkt\u00f3w. Jednym z g\u0142\u00f3wnych postanowie\u0144 jest wycofanie wojsk rosyjskich z ca\u0142ego terytorium Ukrainy w granicach uznanych przez spo\u0142eczno\u015b\u0107 mi\u0119dzynarodow\u0105. Nieco p\u00f3\u017aniej Ze\u0142enski wezwa\u0142 do nienarzucania Ukrainie format\u00f3w osi\u0105gni\u0119cia pokoju z Rosj\u0105.<\/p>\n","protected":false},"excerpt":{"rendered":"<p>Prezydent Turcji Recep Tayyip Erdogan wezwa\u0142 do zwo\u0142ania szczytu pokojowego z udzia\u0142em Rosji. M\u00f3wi\u0142 o tym podczas spotkania z prezydentem Ukrainy Wo\u0142odymyrem Ze\u0142enskim w Stambule w pi\u0105tek 8 marca. Turecki przyw\u00f3dca podkre\u015bli\u0142, \u017ce jego kraj popiera integralno\u015b\u0107 terytorialn\u0105, suwerenno\u015b\u0107 i niezale\u017cno\u015b\u0107 Ukrainy, kt\u00f3r\u0105 nazwa\u0142 &#8222;strategicznym partnerem&#8221;. Erdogan nie widzi jednak innego wyj\u015bcia, jak tylko dyplomatyczne [&hellip;]<\/p>\n","protected":false},"author":1,"featured_media":23809,"comment_status":"closed","ping_status":"closed","sticky":false,"template":"","format":"standard","meta":{"footnotes":""},"categories":[1],"tags":[187,11,9,176],"class_list":["post-23808","post","type-post","status-publish","format-standard","has-post-thumbnail","hentry","category-wojna","tag-dyplomacja","tag-rosja","tag-wojna-rosyjsko-ukrainska","tag-wolodymyr-zelenski"],"_links":{"self":[{"href":"https:\/\/ruwar.org\/pl\/wp-json\/wp\/v2\/posts\/23808","targetHints":{"allow":["GET"]}}],"collection":[{"href":"https:\/\/ruwar.org\/pl\/wp-json\/wp\/v2\/posts"}],"about":[{"href":"https:\/\/ruwar.org\/pl\/wp-json\/wp\/v2\/types\/post"}],"author":[{"embeddable":true,"href":"https:\/\/ruwar.org\/pl\/wp-json\/wp\/v2\/users\/1"}],"replies":[{"embeddable":true,"href":"https:\/\/ruwar.org\/pl\/wp-json\/wp\/v2\/comments?post=23808"}],"version-history":[{"count":0,"href":"https:\/\/ruwar.org\/pl\/wp-json\/wp\/v2\/posts\/23808\/revisions"}],"wp:featuredmedia":[{"embeddable":true,"href":"https:\/\/ruwar.org\/pl\/wp-json\/wp\/v2\/media\/23809"}],"wp:attachment":[{"href":"https:\/\/ruwar.org\/pl\/wp-json\/wp\/v2\/media?parent=23808"}],"wp:term":[{"taxonomy":"category","embeddable":true,"href":"https:\/\/ruwar.org\/pl\/wp-json\/wp\/v2\/categories?post=23808"},{"taxonomy":"post_tag","embeddable":true,"href":"https:\/\/ruwar.org\/pl\/wp-json\/wp\/v2\/tags?post=23808"}],"curies":[{"name":"wp","href":"https:\/\/api.w.org\/{rel}","templated":true}]}}