{"id":23665,"date":"2024-03-03T18:05:09","date_gmt":"2024-03-03T17:05:09","guid":{"rendered":"https:\/\/razvedka.info\/pl\/2024-03-ukraina-rozpoczela-produkcje-analogow-amerykanskiego-sprzetu-wojskowego\/"},"modified":"2024-03-03T18:05:09","modified_gmt":"2024-03-03T17:05:09","slug":"ukraina-rozpoczela-produkcje-analogow-amerykanskiego-sprzetu-wojskowego","status":"publish","type":"post","link":"https:\/\/ruwar.org\/pl\/2024-03-ukraina-rozpoczela-produkcje-analogow-amerykanskiego-sprzetu-wojskowego\/","title":{"rendered":"Ukraina rozpocz\u0119\u0142a produkcj\u0119 analog\u00f3w ameryka\u0144skiego sprz\u0119tu wojskowego"},"content":{"rendered":"<p>W czasie wojny Ukraina rozpocz\u0119\u0142a produkcj\u0119 analog\u00f3w ameryka\u0144skich pojazd\u00f3w opancerzonych M113, MaxxPro i Humvee, kt\u00f3re s\u0105 ju\u017c u\u017cywane w warunkach bojowych. Poinformowa\u0142 o tym 2 marca na antenie telethonu przedstawiciel G\u0142\u00f3wnego Zarz\u0105du Wywiadu Andrij Jusow.<\/p>\n<p>Mowa o transporterach opancerzonych &#8222;\u0141ys&#8221;, &#8222;Sikach&#8221; i &#8222;Charakternyk&#8221;, kt\u00f3re udowodni\u0142y ju\u017c swoj\u0105 skuteczno\u015b\u0107 na polu walki, w szczeg\u00f3lno\u015bci podczas obrony i wycofywania wojsk ukrai\u0144skich z Awdijiwki. Wed\u0142ug niego sprz\u0119t jest montowany z istniej\u0105cych materia\u0142\u00f3w, wykorzystuj\u0105c m.in. elementy radzieckie lub wykonuje si\u0119 nowe.<\/p>\n<p>&#8222;To wszystko jest u\u017cywane, to wszystko ju\u017c dzia\u0142a, to wszystko jest ju\u017c u\u017cywane w warunkach bojowych&#8221; \u2013 powiedzia\u0142 Jusow.<\/p>\n<p>Jak ju\u017c wcze\u015bniej informowali\u015bmy, UKROBORONPROM otrzyma\u0142 licencj\u0119 od sp\u00f3\u0142ki \u010cesk\u00e1 zbrojovka a.s. na produkcj\u0119 broni strzeleckiej wed\u0142ug standard\u00f3w NATO \u2013 karabin\u00f3w CZ BREN 2. Wed\u0142ug Jana Zaica, dyrektora generalnego \u010cesk\u00e1 zbrojovka, umowa jest bezpo\u015bredni\u0105 konsekwencj\u0105 udanego u\u017cycia czeskiego karabinu przez Si\u0142y Zbrojne Ukrainy na polu bitwy.<\/p>\n","protected":false},"excerpt":{"rendered":"<p>W czasie wojny Ukraina rozpocz\u0119\u0142a produkcj\u0119 analog\u00f3w ameryka\u0144skich pojazd\u00f3w opancerzonych M113, MaxxPro i Humvee, kt\u00f3re s\u0105 ju\u017c u\u017cywane w warunkach bojowych. Poinformowa\u0142 o tym 2 marca na antenie telethonu przedstawiciel G\u0142\u00f3wnego Zarz\u0105du Wywiadu Andrij Jusow. Mowa o transporterach opancerzonych &#8222;\u0141ys&#8221;, &#8222;Sikach&#8221; i &#8222;Charakternyk&#8221;, kt\u00f3re udowodni\u0142y ju\u017c swoj\u0105 skuteczno\u015b\u0107 na polu walki, w szczeg\u00f3lno\u015bci podczas obrony [&hellip;]<\/p>\n","protected":false},"author":1,"featured_media":23666,"comment_status":"closed","ping_status":"closed","sticky":false,"template":"","format":"standard","meta":{"footnotes":""},"categories":[1],"tags":[9],"class_list":["post-23665","post","type-post","status-publish","format-standard","has-post-thumbnail","hentry","category-wojna","tag-wojna-rosyjsko-ukrainska"],"_links":{"self":[{"href":"https:\/\/ruwar.org\/pl\/wp-json\/wp\/v2\/posts\/23665","targetHints":{"allow":["GET"]}}],"collection":[{"href":"https:\/\/ruwar.org\/pl\/wp-json\/wp\/v2\/posts"}],"about":[{"href":"https:\/\/ruwar.org\/pl\/wp-json\/wp\/v2\/types\/post"}],"author":[{"embeddable":true,"href":"https:\/\/ruwar.org\/pl\/wp-json\/wp\/v2\/users\/1"}],"replies":[{"embeddable":true,"href":"https:\/\/ruwar.org\/pl\/wp-json\/wp\/v2\/comments?post=23665"}],"version-history":[{"count":0,"href":"https:\/\/ruwar.org\/pl\/wp-json\/wp\/v2\/posts\/23665\/revisions"}],"wp:featuredmedia":[{"embeddable":true,"href":"https:\/\/ruwar.org\/pl\/wp-json\/wp\/v2\/media\/23666"}],"wp:attachment":[{"href":"https:\/\/ruwar.org\/pl\/wp-json\/wp\/v2\/media?parent=23665"}],"wp:term":[{"taxonomy":"category","embeddable":true,"href":"https:\/\/ruwar.org\/pl\/wp-json\/wp\/v2\/categories?post=23665"},{"taxonomy":"post_tag","embeddable":true,"href":"https:\/\/ruwar.org\/pl\/wp-json\/wp\/v2\/tags?post=23665"}],"curies":[{"name":"wp","href":"https:\/\/api.w.org\/{rel}","templated":true}]}}