{"id":23589,"date":"2024-03-01T12:40:08","date_gmt":"2024-03-01T11:40:08","guid":{"rendered":"https:\/\/razvedka.info\/pl\/2024-03-w-lucku-spotkano-czterech-zolnierzy-zwolnionych-z-niewoli\/"},"modified":"2024-03-01T12:40:08","modified_gmt":"2024-03-01T11:40:08","slug":"w-lucku-spotkano-czterech-zolnierzy-zwolnionych-z-niewoli","status":"publish","type":"post","link":"https:\/\/ruwar.org\/pl\/2024-03-w-lucku-spotkano-czterech-zolnierzy-zwolnionych-z-niewoli\/","title":{"rendered":"W \u0141ucku spotkano czterech \u017co\u0142nierzy zwolnionych z niewoli"},"content":{"rendered":"<p>W pi\u0105tek 1 marca krewni i urz\u0119dnicy pa\u0144stwowi spotkali si\u0119 w \u0141ucku z czterema \u017co\u0142nierzami z Wo\u0142ynia, zwolnionymi z rosyjskiej niewoli. M\u0119\u017cczy\u017ani zostali odes\u0142ani w Ukrain\u0119 podczas wymiany 31 stycznia 2023 roku. Po rehabilitacji przyjechali na Wo\u0142y\u0144.<\/p>\n<p><em>&#8222;To s\u0105 wojskowi Anatolij i Paw\u0142o Romanyk, Bohdan Ozimok, O\u0142eksij Kowal. Cieszymy si\u0119, \u017ce widzimy ch\u0142opak\u00f3w w domu. Oby ju\u017c nigdy nie musieli by\u0107 tak oddzieleni od rodziny i domu&#8221;.<\/em>, \u2013 <a rel=\"nofollow noopener\" target=\"_blank\" href=\"https:\/\/www.facebook.com\/ihor.polishchuk\/posts\/pfbid04BZ224QGL9acQg9g8ZWY59JrHLr3gAFc9UZFvoHwx1ejjAJfVa65CXxTJub4TAcml\">Zg\u0142oszone<\/a> Mer Rady Miejskiej \u0141ucka Ihor Poliszczuk na Facebooku.<\/p>\n<p>M\u0119\u017cczy\u017ani zg\u0142aszaj\u0105 si\u0119 na ochotnika do obrony pa\u0144stwa od 24 lutego 2022 roku. W czasie dystrybucji przydzielono je do jednostki wojskowej A7086. Zostali schwytani przez Rosjan w maju 2022 r. w mie\u015bcie \u0141yman w obwodzie donieckim. 31 stycznia 2023 r. podczas wymiany je\u0144c\u00f3w mi\u0119dzy Ukrain\u0105 a Rosj\u0105 zostali zwolnieni.<\/p>\n<p>Przypomnimy, w\u015br\u00f3d zwolnionych \u017co\u0142nierzy s\u0105 bracia 47-letni Anatolij i 44-letni Paw\u0142o Romaniki. Obaj m\u0119\u017cczy\u017ani s\u0105 mieszka\u0144cami miasta Ro\u017cyszcze w rejonie \u0142uckim. 41-letni Bohdan Ozimok pochodzi z miasta Ro\u017cyszcze w obwodzie \u0142uckim, a 50-letni O\u0142eksij Koval z gminy Dorosyniwka.<\/p>\n","protected":false},"excerpt":{"rendered":"<p>W pi\u0105tek 1 marca krewni i urz\u0119dnicy pa\u0144stwowi spotkali si\u0119 w \u0141ucku z czterema \u017co\u0142nierzami z Wo\u0142ynia, zwolnionymi z rosyjskiej niewoli. M\u0119\u017cczy\u017ani zostali odes\u0142ani w Ukrain\u0119 podczas wymiany 31 stycznia 2023 roku. Po rehabilitacji przyjechali na Wo\u0142y\u0144. &#8222;To s\u0105 wojskowi Anatolij i Paw\u0142o Romanyk, Bohdan Ozimok, O\u0142eksij Kowal. Cieszymy si\u0119, \u017ce widzimy ch\u0142opak\u00f3w w domu. [&hellip;]<\/p>\n","protected":false},"author":1,"featured_media":23590,"comment_status":"closed","ping_status":"closed","sticky":false,"template":"","format":"standard","meta":{"footnotes":""},"categories":[1],"tags":[3153,2495,1380,9],"class_list":["post-23589","post","type-post","status-publish","format-standard","has-post-thumbnail","hentry","category-wojna","tag-igor-poliszczuk","tag-jency-wojenni","tag-wiadomosci-z-wolynia","tag-wojna-rosyjsko-ukrainska"],"_links":{"self":[{"href":"https:\/\/ruwar.org\/pl\/wp-json\/wp\/v2\/posts\/23589","targetHints":{"allow":["GET"]}}],"collection":[{"href":"https:\/\/ruwar.org\/pl\/wp-json\/wp\/v2\/posts"}],"about":[{"href":"https:\/\/ruwar.org\/pl\/wp-json\/wp\/v2\/types\/post"}],"author":[{"embeddable":true,"href":"https:\/\/ruwar.org\/pl\/wp-json\/wp\/v2\/users\/1"}],"replies":[{"embeddable":true,"href":"https:\/\/ruwar.org\/pl\/wp-json\/wp\/v2\/comments?post=23589"}],"version-history":[{"count":0,"href":"https:\/\/ruwar.org\/pl\/wp-json\/wp\/v2\/posts\/23589\/revisions"}],"wp:featuredmedia":[{"embeddable":true,"href":"https:\/\/ruwar.org\/pl\/wp-json\/wp\/v2\/media\/23590"}],"wp:attachment":[{"href":"https:\/\/ruwar.org\/pl\/wp-json\/wp\/v2\/media?parent=23589"}],"wp:term":[{"taxonomy":"category","embeddable":true,"href":"https:\/\/ruwar.org\/pl\/wp-json\/wp\/v2\/categories?post=23589"},{"taxonomy":"post_tag","embeddable":true,"href":"https:\/\/ruwar.org\/pl\/wp-json\/wp\/v2\/tags?post=23589"}],"curies":[{"name":"wp","href":"https:\/\/api.w.org\/{rel}","templated":true}]}}