{"id":23540,"date":"2024-02-29T09:55:08","date_gmt":"2024-02-29T08:55:08","guid":{"rendered":"https:\/\/razvedka.info\/pl\/2024-02-na-froncie-zginal-deputowany-rady-rejonu-najwyzszego\/"},"modified":"2024-02-29T09:55:08","modified_gmt":"2024-02-29T08:55:08","slug":"na-froncie-zginal-deputowany-rady-rejonu-najwyzszego","status":"publish","type":"post","link":"https:\/\/ruwar.org\/pl\/2024-02-na-froncie-zginal-deputowany-rady-rejonu-najwyzszego\/","title":{"rendered":"Na froncie zgin\u0105\u0142 deputowany Rady Rejonu Najwy\u017cszego"},"content":{"rendered":"<p>We wtorek 27 lutego dow\u00f3dca sekcji rozpoznawczej starszy sier\u017cant Andrij Ze\u0142enczuk zgin\u0105\u0142 podczas ostrza\u0142u artyleryjskiego w kierunku Zaporo\u017ca. Zmar\u0142y by\u0142 deputowanym Rady Rejonowej Wierchowyny z ramienia partii S\u0142uga Narodu.<\/p>\n<p>Jak <a rel=\"nofollow noopener\" target=\"_blank\" href=\"https:\/\/www.facebook.com\/story.php?story_fbid=735813522019242&amp;id=100067718011821\">Zg\u0142oszone<\/a> W Radzie Rejonu Najwy\u017cszego 28 lutego 43-letni Andrij Ze\u0142enczuk pracowa\u0142 przed wojn\u0105 jako dyrektor przedsi\u0119biorstwa u\u017cyteczno\u015bci publicznej AH Bi\u0142oberizka i od pierwszych dni inwazji na pe\u0142n\u0105 skal\u0119 poszed\u0142 na front jako ochotnik. Mieszkaniec Przykarpacia by\u0142 dow\u00f3dc\u0105 sekcji rozpoznawczej.<\/p>\n<p><em>&#8222;Towarzysze broni, krewni, koledzy i przyjaciele szanowali Andrija za jego wrodzon\u0105 uczciwo\u015b\u0107, prostot\u0119, szczero\u015b\u0107 i pogod\u0119 ducha i wspominali go jako pogodnego, \u017cyczliwego i przyzwoitego cz\u0142owieka. Rada Rejonu Najwy\u017cszego sk\u0142ada najszczersze kondolencje jego matce Marii Dmytriwnie, \u017conie A\u0142le Dmytriwnie, c\u00f3rkom Andrianie i Jarynie, siostrze Nadii z siostrze\u0144cami i wszystkim, kt\u00f3rzy znali Bohatera&#8221;<\/em>, \u2013 odnotowane w radzie dzielnicy.<\/p>\n<p>Nale\u017cy doda\u0107, \u017ce Andrij Ze\u0142enczuk zosta\u0142 odznaczony nagrod\u0105 Prezydenta Ukrainy i pami\u0105tkow\u0105 odznak\u0105 &#8222;Za obron\u0119 Ukrainy&#8221;.<\/p>\n","protected":false},"excerpt":{"rendered":"<p>We wtorek 27 lutego dow\u00f3dca sekcji rozpoznawczej starszy sier\u017cant Andrij Ze\u0142enczuk zgin\u0105\u0142 podczas ostrza\u0142u artyleryjskiego w kierunku Zaporo\u017ca. Zmar\u0142y by\u0142 deputowanym Rady Rejonowej Wierchowyny z ramienia partii S\u0142uga Narodu. Jak Zg\u0142oszone W Radzie Rejonu Najwy\u017cszego 28 lutego 43-letni Andrij Ze\u0142enczuk pracowa\u0142 przed wojn\u0105 jako dyrektor przedsi\u0119biorstwa u\u017cyteczno\u015bci publicznej AH Bi\u0142oberizka i od pierwszych dni inwazji [&hellip;]<\/p>\n","protected":false},"author":1,"featured_media":23541,"comment_status":"closed","ping_status":"closed","sticky":false,"template":"","format":"standard","meta":{"footnotes":""},"categories":[1],"tags":[544,24,9],"class_list":["post-23540","post","type-post","status-publish","format-standard","has-post-thumbnail","hentry","category-wojna","tag-mps","tag-wiadomosci-z-iwano-frankiwska","tag-wojna-rosyjsko-ukrainska"],"_links":{"self":[{"href":"https:\/\/ruwar.org\/pl\/wp-json\/wp\/v2\/posts\/23540","targetHints":{"allow":["GET"]}}],"collection":[{"href":"https:\/\/ruwar.org\/pl\/wp-json\/wp\/v2\/posts"}],"about":[{"href":"https:\/\/ruwar.org\/pl\/wp-json\/wp\/v2\/types\/post"}],"author":[{"embeddable":true,"href":"https:\/\/ruwar.org\/pl\/wp-json\/wp\/v2\/users\/1"}],"replies":[{"embeddable":true,"href":"https:\/\/ruwar.org\/pl\/wp-json\/wp\/v2\/comments?post=23540"}],"version-history":[{"count":0,"href":"https:\/\/ruwar.org\/pl\/wp-json\/wp\/v2\/posts\/23540\/revisions"}],"wp:featuredmedia":[{"embeddable":true,"href":"https:\/\/ruwar.org\/pl\/wp-json\/wp\/v2\/media\/23541"}],"wp:attachment":[{"href":"https:\/\/ruwar.org\/pl\/wp-json\/wp\/v2\/media?parent=23540"}],"wp:term":[{"taxonomy":"category","embeddable":true,"href":"https:\/\/ruwar.org\/pl\/wp-json\/wp\/v2\/categories?post=23540"},{"taxonomy":"post_tag","embeddable":true,"href":"https:\/\/ruwar.org\/pl\/wp-json\/wp\/v2\/tags?post=23540"}],"curies":[{"name":"wp","href":"https:\/\/api.w.org\/{rel}","templated":true}]}}