{"id":23442,"date":"2024-02-26T08:16:12","date_gmt":"2024-02-26T07:16:12","guid":{"rendered":"https:\/\/razvedka.info\/pl\/2024-02-historia-zolnierza-ktory-identyfikuje-swoich-poleglych-towarzyszy-i-informuje-o-ich-smierci\/"},"modified":"2024-02-26T08:16:12","modified_gmt":"2024-02-26T07:16:12","slug":"historia-zolnierza-ktory-identyfikuje-swoich-poleglych-towarzyszy-i-informuje-o-ich-smierci","status":"publish","type":"post","link":"https:\/\/ruwar.org\/pl\/2024-02-historia-zolnierza-ktory-identyfikuje-swoich-poleglych-towarzyszy-i-informuje-o-ich-smierci\/","title":{"rendered":"Historia \u017co\u0142nierza, kt\u00f3ry identyfikuje swoich poleg\u0142ych towarzyszy i informuje o ich \u015bmierci"},"content":{"rendered":"<p style=\"margin-top:16px; margin-bottom:16px\">Marian Berezecki. 45 lat. Znak wywo\u0142awczy Bell \u2013 bo ma pi\u0119kny g\u0142os i uwielbia \u015bpiewa\u0107. Pochodzi ze wsi Rail\u00f3w w obwodzie lwowskim. Przed Rewolucj\u0105 Godno\u015bci by\u0142 prywatnym przedsi\u0119biorc\u0105. Kocha pi\u0142k\u0119 no\u017cn\u0105, prezes Riley FC. Z zami\u0142owaniem interesuje si\u0119 histori\u0105 walki wyzwole\u0144czej Ukrai\u0144c\u00f3w. Zajmuje si\u0119 badaniem dzia\u0142alno\u015bci UPA i oddzia\u0142u SS &#8222;Galicja&#8221;. W \u017cyciu cywilnym zajmowa\u0142 si\u0119 rekonstrukcjami \u017cycia codziennego, walkami UPA i poszukiwaniem kryj\u00f3wek. Zbiera pie\u015bni powsta\u0144cze i dane o bojownikach o niepodleg\u0142o\u015b\u0107 Ukrainy od lat 20. do 50. Od 2014 r. uczestniczy w odpieraniu rosyjskiej agresji. Jego gor\u0105ce punkty to Wuhlehirsk, Debalcewe w 2014 roku; Popasna w 2017 r.; Irpie\u0144, Virnopillia ko\u0142o Iziumu \u2013 w 2022 roku. Do czerwca 2022 r. by\u0142 na linii frontu, a potem jego obowi\u0105zkiem by\u0142o m.in. identyfikowanie towarzyszy i powiadamianie ich bliskich o ich stracie.<\/p>\n<p><em>Tekst przygotowa\u0142a specjalnie dla nas platforma pami\u0119ci Memoria\u0142, kt\u00f3ra opowiada historie cywil\u00f3w zabitych przez Rosj\u0119 i poleg\u0142ych ukrai\u0144skich \u017co\u0142nierzy. Wszystkie opowiadania z cyklu &#8222;Ludzie, kt\u00f3rzy pracuj\u0105 ze \u015bmierci\u0105&#8221; mo\u017cna przeczyta\u0107 w osobnym <a rel=\"nofollow noopener\" target=\"_blank\" href=\"https:\/\/lyudi-yaki-pracyuyut-zi-smertyu.webflow.io\/\">specjalny projekt Miejsca Pami\u0119ci<\/a>. Aby zg\u0142osi\u0107 dane o stratach Ukrainy, wype\u0142nij nast\u0119puj\u0105ce formularze: dla <a rel=\"nofollow noopener\" target=\"_blank\" href=\"https:\/\/docs.google.com\/forms\/d\/e\/1FAIpQLSco28qj1FcW0JlQ5TLfZIqmGOhHkWg-nwAaZqxAkwizNoKgVQ\/viewform\">Zabici \u017co\u0142nierze<\/a> i <a rel=\"nofollow noopener\" target=\"_blank\" href=\"https:\/\/docs.google.com\/forms\/d\/e\/1FAIpQLSc2JwRSCfX2sDPyH8Eky8ydtxKcMrchG1IT4WCAmAVKPZPK1w\/viewform\">Ofiary cywilne<\/a>.<\/em><\/p>\n<p style=\"text-align: center;\">\n<p>W telefonie Dzwina znajduje si\u0119 wiele zdj\u0119\u0107 okaleczonych cia\u0142 poleg\u0142ych. Przegl\u0105da galeri\u0119 zdj\u0119\u0107, nie okazuj\u0105c emocji. \u2013 To od od\u0142amk\u00f3w. \u2014 Ten spad\u0142 twarz\u0105 w d\u00f3\u0142 na min\u0119. &#8222;Sp\u0142on\u0105\u0142 w transporterze opancerzonym&#8221;. Od czerwca 2022 roku Marian zidentyfikowa\u0142 oko\u0142o 60 poleg\u0142ych towarzyszy. Wi\u0119kszo\u015b\u0107 z tych ludzi zna\u0142em osobi\u015bcie, bo walczyli rami\u0119 w rami\u0119.<\/p>\n<p><strong>Cz\u0119sto pierwsz\u0105 reakcj\u0105 jest krzyk<\/strong><\/p>\n<p>Po Rewolucji Godno\u015bci, kiedy Rosja zaatakowa\u0142a Ukrain\u0119, wst\u0105pi\u0142em w szeregi batalionu ochotniczego im. Bohatera Ukrainy, genera\u0142a dywizji Serhija Kulczyckiego. W latach 2017-2018 by\u0142 starszym mechanikiem kompanii czo\u0142g\u00f3w 10 Oddzielnej Brygady Szturmowo-Szturmowej. W czerwcu 2022 r. zosta\u0142 zast\u0119pc\u0105 dow\u00f3dcy ds. wsparcia moralnego i psychologicznego 49. oddzielnego batalionu strzeleckiego &#8222;Sicz Karpacka&#8221;.<\/p>\n<p style=\"text-align: center;\"><span class=\"lazyload-holder\" style=\"padding-bottom: 75.0%;\"><br \/><noscript><br \/>   <img loading=\"lazy\" decoding=\"async\" alt=\"Rozpovid biytsia iakyy opiznaie polehlykh pobratymiv i povidomliaie pro ikhniu\" original-height=\"3000\" original-width=\"4000\" src=\"https:\/\/razvedka.info\/pl\/media\/2024\/02\/Historia-zolnierza-ktory-identyfikuje-swoich-poleglych-towarzyszy-i-informuje-o.jpg\" width=\"640\" height=\"480\" title=\"Historia \u017co\u0142nierza, kt\u00f3ry identyfikuje swoich poleg\u0142ych towarzyszy i informuje o ich \u015bmierci\"><br \/>  <\/noscript><img loading=\"lazy\" data-perfmatters-preload decoding=\"async\" src=\"https:\/\/razvedka.info\/pl\/media\/2024\/02\/Historia-zolnierza-ktory-identyfikuje-swoich-poleglych-towarzyszy-i-informuje-o.jpg\" width=\"640\" height=\"480\" class=\"lazyload lazy-img-blur-up\" alt=\"Rozpovid biytsia iakyy opiznaie polehlykh pobratymiv i povidomliaie pro ikhniu\" data- title=\"Historia \u017co\u0142nierza, kt\u00f3ry identyfikuje swoich poleg\u0142ych towarzyszy i informuje o ich \u015bmierci\"><\/span><span class=\"news-page-photo-name\">Dzwon \u015bpiewa z przodu, obw\u00f3d \u0142uga\u0144ski<\/span><\/p>\n<p>Zajmuj\u0119 si\u0119 szkoleniem bojowym i psychologicznym w batalionie; Badam, oceniam i przewiduj\u0119 stan moralny i psychologiczny \u017co\u0142nierzy; Organizuj\u0119 pomoc psychologiczn\u0105 i w razie potrzeby rehabilitacj\u0119; Do moich obowi\u0105zk\u00f3w nale\u017cy r\u00f3wnie\u017c identyfikacja poleg\u0142ych towarzyszy i powiadamianie bliskich o \u015bmierci.<\/p>\n<p>Jak to dzia\u0142a? Gdy \u017co\u0142nierz umiera, nasza s\u0142u\u017cba medyczna ewakuuje go z pola walki. Jeste\u015bmy teraz w obwodzie donieckim, wi\u0119c zmar\u0142y jest zabierany do kostnicy w S\u0142owia\u0144sku. O \u015bmierci poinformowali mnie nasi lekarze, wskazuj\u0105c, kto to mo\u017ce by\u0107. Potem id\u0119 do kostnicy, \u017ceby zidentyfikowa\u0107 cia\u0142o mojego towarzysza. Zabieram ze sob\u0105 kopi\u0119 jego paszportu.<\/p>\n<p>W kostnicy otwieraj\u0105 przede mn\u0105 ch\u0142odni\u0119. Stamt\u0105d usuwana jest paczka z cia\u0142em. Otwierasz, ogl\u0105dasz, robisz zdj\u0119cie&#8230; Je\u015bli nie mo\u017cna go zidentyfikowa\u0107 z powodu powa\u017cnych okalecze\u0144, szukam specjalnych znak\u00f3w na ciele. Tutaj czasami zdajesz sobie spraw\u0119: je\u015bli nie masz \u017cadnych blizn, nie masz tatua\u017cu, to znaczy, je\u015bli wszystko by\u0142o w porz\u0105dku, to p\u00f3\u017aniej mo\u017ce by\u0107 bardzo trudno ci\u0119 zidentyfikowa\u0107.<\/p>\n<p>Zg\u0142aszaj\u0105c \u017co\u0142nierza do s\u0142u\u017cby, wskazuje zaufan\u0105 osob\u0119 \u2013 osob\u0119, kt\u00f3r\u0105 musimy o tym poinformowa\u0107 w przypadku \u015bmierci. Ale zdarza si\u0119, \u017ce numer telefonu takiej osoby nie jest wskazany. Nast\u0119pnie szukam krewnych lub znajomych za po\u015brednictwem sieci spo\u0142eczno\u015bciowych. Staramy si\u0119 jak najszybciej oficjalnie poinformowa\u0107 &#8211; z jednostki. Ponadto, zgodnie z prawem, zg\u0142aszamy zmar\u0142ego do wojskowego biura rejestracji i poboru, z kt\u00f3rego zosta\u0142 powo\u0142any.<\/p>\n<p style=\"text-align: center;\"><span class=\"lazyload-holder\" style=\"padding-bottom: 75.0%;\"><br \/><noscript><br \/>   <img loading=\"lazy\" decoding=\"async\" alt=\"1708931721 438 Rozpovid biytsia iakyy opiznaie polehlykh pobratymiv i povidomliaie pro ikhniu\" original-height=\"3000\" original-width=\"4000\" src=\"https:\/\/razvedka.info\/pl\/media\/2024\/02\/1708932006_124_Historia-zolnierza-ktory-identyfikuje-swoich-poleglych-towarzyszy-i-informuje-o.jpg\" width=\"640\" height=\"480\" title=\"Historia \u017co\u0142nierza, kt\u00f3ry identyfikuje swoich poleg\u0142ych towarzyszy i informuje o ich \u015bmierci\"><br \/>  <\/noscript><img data-perfmatters-preload loading=\"lazy\" decoding=\"async\" src=\"https:\/\/razvedka.info\/pl\/media\/2024\/02\/1708932006_124_Historia-zolnierza-ktory-identyfikuje-swoich-poleglych-towarzyszy-i-informuje-o.jpg\" width=\"640\" height=\"480\" class=\"lazyload lazy-img-blur-up\" alt=\"1708931721 438 Rozpovid biytsia iakyy opiznaie polehlykh pobratymiv i povidomliaie pro ikhniu\" data- title=\"Historia \u017co\u0142nierza, kt\u00f3ry identyfikuje swoich poleg\u0142ych towarzyszy i informuje o ich \u015bmierci\"><\/span><span class=\"news-page-photo-name\">Ewakuacja z pola bitwy<\/span><\/p>\n<p>Z psychologicznego punktu widzenia najtrudniejsze jest poinformowanie bliskich zmar\u0142ego o \u015bmierci. M\u00f3wi\u0119 na przyk\u0142ad: &#8222;Tw\u00f3j syn zgin\u0105\u0142 bohatersko&#8221;. Cz\u0119sto pierwsz\u0105 reakcj\u0105 w odpowiedzi jest po prostu krzyk. Zawsze pytam, czy obok osoby jest kto\u015b, aby m\u00f3g\u0142 pom\u00f3c, je\u015bli co\u015b si\u0119 stanie. Wybieram s\u0142owa. Chocia\u017c rozumiem, \u017ce znalezienie odpowiednich s\u0142\u00f3w jest prawie niemo\u017cliwe. Cz\u0119sto u\u017cywam zwrotu: &#8222;Dla Boga nie ma umar\u0142ych&#8221;.<\/p>\n<p>Wi\u0119kszo\u015b\u0107 moich krewnych nie chce uwierzy\u0107 w to, co m\u00f3wi\u0119. Czasami bracia, siostry i inni krewni zaczynaj\u0105 dzwoni\u0107, a ja pytam ponownieNa przyk\u0142ad w przypadku<\/p>\n<p><em>\u2013 Jeste\u015b pewna, \u017ce to on?<\/em><\/p>\n<p>Emocjonalnie trudny.<\/p>\n<p>Czasami, po rozmowie z bliskimi, \u0142zy p\u0142yn\u0105 jak rzeka&#8230;<\/p>\n<p>Chocia\u017c brodaci m\u0119\u017cczy\u017ani nie p\u0142acz\u0105, to podlewaj\u0105, powiedzmy, brody. Moja broda jest wi\u0119c w \u015bwietnej kondycji, poniewa\u017c jest zawsze podlewana \ud83d\ude42<\/p>\n<p>Powiedzia\u0142em do upad\u0142ego: &#8222;Zegnij te nogi!&#8221;<\/p>\n<p>Na wojnie nie mo\u017cna obej\u015b\u0107 si\u0119 bez humoru, mo\u017cna po prostu zwariowa\u0107. Pami\u0119tam, jak kiedy\u015b odebra\u0142em cia\u0142o towarzysza z kostnicy i nie mog\u0142em go zmie\u015bci\u0107 w samochodzie. Mam to w ten i w tamten spos\u00f3b. A potem powiedzia\u0142em do niego: &#8222;Zegnij te nogi!&#8221;. Nawet tam, gdzie wydaje si\u0119, \u017ce nie jest to \u015bmieszne.<\/p>\n<p>Wojna i praca ze \u015bmierci\u0105 w og\u00f3le mnie zahartowa\u0142a. Jako dziecko bardzo ba\u0142em si\u0119 zmar\u0142ych. Po pogrzebie przez d\u0142ugi czas widzia\u0142em przed oczami obraz zmar\u0142ego. A teraz przychodz\u0119 do kostnicy, dziewczyny wo\u0142aj\u0105: &#8222;Bell, pom\u00f3\u017c mi odda\u0107 cia\u0142o!&#8221;. R\u00f3\u017cne cia\u0142a, z r\u00f3\u017cnymi okaleczeniami, odci\u0119tymi cz\u0119\u015bciami cia\u0142a, odci\u0119tymi g\u0142owami&#8230; I nic. Istnieje zrozumienie, \u017ce nale\u017cy to zrobi\u0107. Stoisz i robisz to.<\/p>\n<p>Najtrudniejsz\u0105 rzecz\u0105 fizycznie jest smr\u00f3d w kostnicy. Je\u015bli nie jeste\u015b do tego przyzwyczajony, uruchamia si\u0119 odruch wymiotny. Chocia\u017c, moim zdaniem, prawie nie da si\u0119 do tego przyzwyczai\u0107.<\/p>\n<p>Widzia\u0142em ju\u017c wiele okaleczonych cia\u0142. Wi\u0119kszo\u015b\u0107 z nas ginie z powodu od\u0142amk\u00f3w pocisk\u00f3w. My\u015bl\u0119, \u017ce \u015bmier\u0107 nie jest taka straszna, rozumiem, \u017ce tylko nieliczni z nas prze\u017cyj\u0105. Ale szczerze m\u00f3wi\u0105c, nie chc\u0119 by\u0107 tak okaleczony, \u017ceby przywieziono mnie w zamkni\u0119tej trumnie. Z jakiego\u015b powodu ma to dla mnie znaczenie. Nie chc\u0119 te\u017c, aby moje cia\u0142o le\u017ca\u0142o d\u0142ugo w kostnicy, zw\u0142aszcza je\u015bli lod\u00f3wki nie s\u0105 pod\u0142\u0105czone do pr\u0105du. Bo widz\u0119, co dzieje si\u0119 z cia\u0142em w tym przypadku&#8230;<\/p>\n<p>W czasie wojny na og\u00f3\u0142 przestali\u015bmy ba\u0107 si\u0119 \u015bmierci jako takiej. Rozumiemy, \u017ce w ka\u017cdej chwili ka\u017cdy z nas mo\u017ce umrze\u0107. Ale nikt nie chcia\u0142by, aby tak si\u0119 sta\u0142o, na przyk\u0142ad podczas p\u00f3j\u015bcia do toalety. Tak, prawda nie zawsze jest wygodna i pi\u0119kna&#8230;<\/p>\n<p><strong>Wielu \u017co\u0142nierzy chce by\u0107 pochowanych pod &#8222;Komu Vnyz&#8221; i &#8222;KoraLLi&#8221;<\/strong><\/p>\n<p>W batalionie z wyprzedzeniem omawiamy z naszymi towarzyszami, jak powinien wygl\u0105da\u0107 pogrzeb. Jest to wa\u017cne, poniewa\u017c krewni cz\u0119sto p\u00f3\u017aniej si\u0119 o to k\u0142\u00f3c\u0105. I tak wiemy dok\u0142adnie, jak i gdzie dok\u0142adnie \u017co\u0142nierz chcia\u0142 by\u0107 pochowany, przekazujemy jego testament jego bliskim. Niekt\u00f3rzy z nas, nawiasem m\u00f3wi\u0105c, m\u00f3wili, \u017ce chc\u0105 by\u0107 pochowani zgodnie z tradycj\u0105 wiking\u00f3w \u2013 tratw\u0119 z cia\u0142em opuszcza si\u0119 na wod\u0119, nast\u0119pnie jeden z wojownik\u00f3w strzela do tratwy zapalon\u0105 strza\u0142\u0105, aby si\u0119 zapali\u0142a. \u017bo\u0142nierze wskazuj\u0105 te\u017c, jaka muzyka powinna by\u0107 na ich pogrzebie. Wielu \u017co\u0142nierzy chce by\u0107 pochowanych pod &#8222;Komu Vnyz&#8221; i &#8222;KoraLLi&#8221;.<\/p>\n<p>Zawsze zag\u0142\u0119biam si\u0119 w histori\u0119 poleg\u0142ych. Jaki by\u0142, w jakich warunkach zgin\u0105\u0142. To jest dla mnie wa\u017cne. Nazywam upad\u0142ych Niebia\u0144skimi Bohaterami. Wielu z nich zna\u0142 osobi\u015bcie, bo do czerwca 2022 r. by\u0142 na pierwszej linii frontu.<\/p>\n<p style=\"text-align: center;\"><span class=\"lazyload-holder\" style=\"padding-bottom: 75.0%;\"><br \/><noscript><br \/>   <img loading=\"lazy\" decoding=\"async\" alt=\"1708931732 192 Rozpovid biytsia iakyy opiznaie polehlykh pobratymiv i povidomliaie pro ikhniu\" original-height=\"3000\" original-width=\"4000\" src=\"https:\/\/razvedka.info\/pl\/media\/2024\/02\/1708932008_217_Historia-zolnierza-ktory-identyfikuje-swoich-poleglych-towarzyszy-i-informuje-o.jpg\" width=\"640\" height=\"480\" title=\"Historia \u017co\u0142nierza, kt\u00f3ry identyfikuje swoich poleg\u0142ych towarzyszy i informuje o ich \u015bmierci\"><br \/>  <\/noscript><img data-perfmatters-preload loading=\"lazy\" decoding=\"async\" src=\"https:\/\/razvedka.info\/pl\/media\/2024\/02\/1708932008_217_Historia-zolnierza-ktory-identyfikuje-swoich-poleglych-towarzyszy-i-informuje-o.jpg\" width=\"640\" height=\"480\" class=\"lazyload lazy-img-blur-up\" alt=\"1708931732 192 Rozpovid biytsia iakyy opiznaie polehlykh pobratymiv i povidomliaie pro ikhniu\" data- title=\"Historia \u017co\u0142nierza, kt\u00f3ry identyfikuje swoich poleg\u0142ych towarzyszy i informuje o ich \u015bmierci\"><\/span><span class=\"news-page-photo-name\">&#8222;Czasami \u0142zy p\u0142yn\u0105 jak rzeka&#8221; \u2013 m\u00f3wi Dzvin<\/span><\/p>\n<p>Cz\u0119sto my\u015bl\u0119 o tych, kt\u00f3rzy byli mi najbli\u017csi, z kt\u00f3rymi si\u0119 przyja\u017ani\u0142em. Pami\u0119tam dow\u00f3dc\u0119 naszego batalionu O\u0142eha Kucyna, bo z nim zacz\u0105\u0142em tworzy\u0107 &#8222;Sicz Karpack\u0105&#8221;. Nada\u0142em mu pseudonim Kum na cze\u015b\u0107 Mychaj\u0142a Ko\u0142odzi\u0144skiego, kt\u00f3ry te\u017c mia\u0142 taki pseudonim \u2013 by\u0142 dzia\u0142aczem Ukrai\u0144skiej Organizacji Wojskowej i Organizacji Ukrai\u0144skich Nacjonalist\u00f3w. By\u0142 szefem Sztabu Generalnego Siczy Karpackiej, naczelnym dow\u00f3dc\u0105 Si\u0142 Zbrojnych Siczy Karpackiej. Oleg Kutsyn, kiedy jeszcze \u017cy\u0142, ci\u0105gle mi powtarza\u0142: &#8222;Bell, zawsze musisz si\u0119 u\u015bmiecha\u0107&#8221;. A on i ja zawsze wybuchali\u015bmy \u015bmiechem, kiedy si\u0119 spotykali\u015bmy.<\/p>\n<p>Cz\u0119sto my\u015bl\u0119 te\u017c o zwiadowcy Odyseuszu. To Wadym Chliwczuk, pochodz\u0105cy z obwodu odeskiego. Zgin\u0105\u0142 w kierunku Iziumu. By\u0142 niezwykle odwa\u017cnym i pokornym wojownikiem. R\u00f3wnie\u017c Witalij \u0141awak, znak wywo\u0142awczy Tur, pochodzi\u0142 z Zakarpacia. Odda\u0142 \u017cycie w kierunku Lymanu. By\u0142 niesamowicie religijny, du\u017co si\u0119 modli\u0142. Szczery, dobroduszny i odwa\u017cny&#8230;<\/p>\n<p>Utrzymuj\u0119 kontakt z rodzinami wszystkich moich przyjaci\u00f3\u0142. M\u00f3wi\u0119 im, \u017ce po wojnie spotkamy si\u0119 wszyscy razem, bo teraz jeste\u015bmy jedn\u0105 wielk\u0105 rodzin\u0105.<\/p>\n<p><strong>W czasie wojny zda\u0142em sobie spraw\u0119, jak wa\u017cne jest, aby powiedzie\u0107 moim przyjacio\u0142om wszystko, co chcesz powiedzie\u0107<\/strong><\/p>\n<p>Pami\u0119tam jeden z najtrudniejszych dni tej wojny. By\u0142o to w Virnopillii w kierunku Iziumu. Wygl\u0105da na to, \u017ce to nasz pierwszy atak czo\u0142g\u00f3w. Nawet wtedy nie byli\u015bmy ostrzeliwani przez te potwory. Trzech siedzia\u0142o w dole po trafieniu pociskiem. Widzieli\u015bmy, jak czo\u0142gi wroga ostrzeliwuj\u0105 domy, a one by\u0142y porozrzucane jak karty. Jeden z moich bliskich towarzyszy mia\u0142 tego dnia wyjecha\u0107 na wakacje. Ostrza\u0142 by\u0142 bardzo intensywny, martwi\u0142em si\u0119 o niego, my\u015bla\u0142em: cholera, mia\u0142 by\u0107 st\u0105d wywieziony rano, a on, nie daj Bo\u017ce, umrze w dniu, w kt\u00f3rym Tak d\u0142ugo czeka\u0142em&#8230; Potem prze\u017cy\u0142. Ale zmar\u0142 niedawno&#8230;<\/p>\n<p>Robi\u0119 du\u017co zdj\u0119\u0107 z moimi towarzyszami i staram si\u0119 zawsze m\u00f3wi\u0107 im, jak bardzo ich szanuj\u0119 i kocham. Bo mo\u017ce to ostatni raz, kiedy si\u0119 widzimy? Boli mnie, gdy rozumiem, \u017ce jutro mo\u017ce umrze\u0107 ten, z kt\u00f3rym si\u0119 dzi\u015b przyja\u017anisz, \u017cartujesz, dzielisz si\u0119 najcenniejszymi rzeczami&#8230;<\/p>\n<p>W czasie wojny nauczy\u0142em si\u0119, jak wa\u017cne jest m\u00f3wienie przyjacio\u0142om wszystkiego, co chcesz im powiedzie\u0107. Ju\u017c dzi\u015b.<\/p>\n<p>Chwal, powiedz im, jacy s\u0105 fajni, jak bardzo ich szanujesz i doceniasz. Innej szansy mo\u017ce ju\u017c nie by\u0107. Na wojnie \u017cyjesz ka\u017cdego dnia tak, jakby by\u0142a twoim ostatnim. Tutaj jeste\u015b o wiele bli\u017cej Boga ni\u017c w \u017cyciu cywilnym.<\/p>\n<p><strong>Szacunek dla poleg\u0142ych Bohater\u00f3w ma dope\u0142ni\u0107 ich zmaga\u0144<\/strong><\/p>\n<p>Uwa\u017cam, \u017ce aby uszanowa\u0107 poleg\u0142ych, powinni\u015bmy jak najszybciej zapomnie\u0107 o takim sowieckim okre\u015bleniu jak &#8222;\u0142adunek 200&#8221;. Jest to brak szacunku dla zmar\u0142ego. W ko\u0144cu ci ludzie, kt\u00f3rzy oddaj\u0105 \u017cycie za sw\u00f3j kraj, nie s\u0105 tylko jakim\u015b \u0142adunkiem. To s\u0105 nasi Niebia\u0144scy Bohaterowie. S\u0105 na zawsze w szeregach.<\/p>\n<p style=\"text-align: center;\"><span class=\"lazyload-holder\" style=\"padding-bottom: 75.0%;\"><br \/><noscript><br \/>   <img loading=\"lazy\" decoding=\"async\" alt=\"1708931743 478 Rozpovid biytsia iakyy opiznaie polehlykh pobratymiv i povidomliaie pro ikhniu\" original-height=\"3000\" original-width=\"4000\" src=\"https:\/\/razvedka.info\/pl\/media\/2024\/02\/1708932009_434_Historia-zolnierza-ktory-identyfikuje-swoich-poleglych-towarzyszy-i-informuje-o.jpg\" width=\"640\" height=\"480\" title=\"Historia \u017co\u0142nierza, kt\u00f3ry identyfikuje swoich poleg\u0142ych towarzyszy i informuje o ich \u015bmierci\"><br \/>  <\/noscript><img data-perfmatters-preload loading=\"lazy\" decoding=\"async\" src=\"https:\/\/razvedka.info\/pl\/media\/2024\/02\/1708932009_434_Historia-zolnierza-ktory-identyfikuje-swoich-poleglych-towarzyszy-i-informuje-o.jpg\" width=\"640\" height=\"480\" class=\"lazyload lazy-img-blur-up\" alt=\"1708931743 478 Rozpovid biytsia iakyy opiznaie polehlykh pobratymiv i povidomliaie pro ikhniu\" data- title=\"Historia \u017co\u0142nierza, kt\u00f3ry identyfikuje swoich poleg\u0142ych towarzyszy i informuje o ich \u015bmierci\"><\/span><span class=\"news-page-photo-name\">Po\u017cegnanie poleg\u0142ych towarzyszy w \u0141ozowej w obwodzie charkowskim<\/span><\/p>\n<p>Nasz batalion ma tradycj\u0119 \u017cegnania zmar\u0142ych. Na przyk\u0142ad, kiedy \u017cegnali\u015bmy Niebia\u0144skich Bohater\u00f3w w \u0141ozowej w obwodzie charkowskim, miejscowi z zainteresowaniem obserwowali t\u0119 akcj\u0119. Nast\u0119pnie po\u017cegnali\u015bmy Romana Lewczenk\u0119 (znak wywo\u0142awczy Lyova) i Romana Sunaka (znak wywo\u0142awczy Za\u0142u\u017cnyj), towarzyszy, kt\u00f3rzy zgin\u0119li w \u015awi\u0119to Niepodleg\u0142o\u015bci w Wirnopillii. Zebrali\u015bmy si\u0119 na placu przed trumnami naszych towarzyszy. Pami\u0119tali o nich i sk\u0142adali ho\u0142d na kolanach. Obiecali\u015bmy, \u017ce wykonamy ich \u015bwi\u0119te dzie\u0142o. Poniewa\u017c szacunek dla poleg\u0142ych Bohater\u00f3w oznacza dla nas doko\u0144czenie ich walki i pokonanie wroga.<\/p>\n<p>Pami\u0119\u0107 o Niebia\u0144skich Bohaterach to tak\u017ce nazwy ulic na ich cze\u015b\u0107. S\u0105 to opowie\u015bci o nich dla uczni\u00f3w i student\u00f3w plac\u00f3wek o\u015bwiatowych. Szacunek jest r\u00f3wnie\u017c wtedy, gdy przygotowa\u0142e\u015b mi\u0119so na niedzielnego grilla i zosta\u0142e\u015b poinformowany, \u017ce tego dnia odb\u0119dzie si\u0119 pogrzeb Niebia\u0144skiego Bohatera z Twojej okolicy i nie wahasz si\u0119 odprowadzi\u0107 go w jego ostatni\u0105 podr\u00f3\u017c. Szacunek dla poleg\u0142ych \u017co\u0142nierzy i pami\u0119\u0107 o nich to nieustanna walka i praca w imi\u0119 Ukrainy.<\/p>\n<p><em>Ilustracje: Sashko Danylenko<\/em><\/p>\n<p><em>Tekst powsta\u0142 na podstawie rozm\u00f3w z listopada 2022 r. i czerwca 2023 r<\/em><\/p>\n","protected":false},"excerpt":{"rendered":"<p>Marian Berezecki. 45 lat. Znak wywo\u0142awczy Bell \u2013 bo ma pi\u0119kny g\u0142os i uwielbia \u015bpiewa\u0107. Pochodzi ze wsi Rail\u00f3w w obwodzie lwowskim. Przed Rewolucj\u0105 Godno\u015bci by\u0142 prywatnym przedsi\u0119biorc\u0105. Kocha pi\u0142k\u0119 no\u017cn\u0105, prezes Riley FC. Z zami\u0142owaniem interesuje si\u0119 histori\u0105 walki wyzwole\u0144czej Ukrai\u0144c\u00f3w. Zajmuje si\u0119 badaniem dzia\u0142alno\u015bci UPA i oddzia\u0142u SS &#8222;Galicja&#8221;. W \u017cyciu cywilnym zajmowa\u0142 [&hellip;]<\/p>\n","protected":false},"author":1,"featured_media":23443,"comment_status":"closed","ping_status":"closed","sticky":false,"template":"","format":"standard","meta":{"footnotes":""},"categories":[1],"tags":[3139,9],"class_list":["post-23442","post","type-post","status-publish","format-standard","has-post-thumbnail","hentry","category-wojna","tag-marian-berezedecki","tag-wojna-rosyjsko-ukrainska"],"_links":{"self":[{"href":"https:\/\/ruwar.org\/pl\/wp-json\/wp\/v2\/posts\/23442","targetHints":{"allow":["GET"]}}],"collection":[{"href":"https:\/\/ruwar.org\/pl\/wp-json\/wp\/v2\/posts"}],"about":[{"href":"https:\/\/ruwar.org\/pl\/wp-json\/wp\/v2\/types\/post"}],"author":[{"embeddable":true,"href":"https:\/\/ruwar.org\/pl\/wp-json\/wp\/v2\/users\/1"}],"replies":[{"embeddable":true,"href":"https:\/\/ruwar.org\/pl\/wp-json\/wp\/v2\/comments?post=23442"}],"version-history":[{"count":0,"href":"https:\/\/ruwar.org\/pl\/wp-json\/wp\/v2\/posts\/23442\/revisions"}],"wp:featuredmedia":[{"embeddable":true,"href":"https:\/\/ruwar.org\/pl\/wp-json\/wp\/v2\/media\/23443"}],"wp:attachment":[{"href":"https:\/\/ruwar.org\/pl\/wp-json\/wp\/v2\/media?parent=23442"}],"wp:term":[{"taxonomy":"category","embeddable":true,"href":"https:\/\/ruwar.org\/pl\/wp-json\/wp\/v2\/categories?post=23442"},{"taxonomy":"post_tag","embeddable":true,"href":"https:\/\/ruwar.org\/pl\/wp-json\/wp\/v2\/tags?post=23442"}],"curies":[{"name":"wp","href":"https:\/\/api.w.org\/{rel}","templated":true}]}}