{"id":23389,"date":"2024-02-24T12:10:10","date_gmt":"2024-02-24T11:10:10","guid":{"rendered":"https:\/\/razvedka.info\/pl\/2024-02-wolodymyr-zelenski-zwrocil-sie-do-ukraincow-z-lotniska-w-hostomlu\/"},"modified":"2024-02-24T12:10:10","modified_gmt":"2024-02-24T11:10:10","slug":"wolodymyr-zelenski-zwrocil-sie-do-ukraincow-z-lotniska-w-hostomlu","status":"publish","type":"post","link":"https:\/\/ruwar.org\/pl\/2024-02-wolodymyr-zelenski-zwrocil-sie-do-ukraincow-z-lotniska-w-hostomlu\/","title":{"rendered":"Wo\u0142odymyr Ze\u0142enski zwr\u00f3ci\u0142 si\u0119 do Ukrai\u0144c\u00f3w z lotniska w Hostomlu"},"content":{"rendered":"<p>Prezydent Ukrainy Wo\u0142odymyr Ze\u0142enski w drug\u0105 rocznic\u0119 inwazji na pe\u0142n\u0105 skal\u0119, 24 lutego, <a rel=\"nofollow noopener\" target=\"_blank\" href=\"https:\/\/www.president.gov.ua\/news\/mi-stali-na-730-dniv-blizhchi-do-peremogi-zvernennya-prezide-89217\">Owini\u0119ty w g\u00f3r\u0119<\/a> Ukrai\u0144com ze zniszczonego przez Rosjan lotniska w Hostomlu.<\/p>\n<p>Wo\u0142odymyr Ze\u0142enski wyja\u015bni\u0142, \u017ce zwr\u00f3ci\u0142 si\u0119 do Ukrai\u0144c\u00f3w z lotniska w Hostomelu, bo to stamt\u0105d Rosjanie planowali szybko zaj\u0105\u0107 Ukrain\u0119.<\/p>\n<p><em>&#8222;To st\u0105d mia\u0142o si\u0119 zacz\u0105\u0107 to samo &#8222;zdoby\u0107 Kij\u00f3w i Ukrain\u0119 w trzy dni&#8221;. Mo\u017cemy powiedzie\u0107 jednym zdaniem: dwa lata temu spotkali\u015bmy si\u0119 tu z ogniem wrogich si\u0142 desantowych; Dwa lata p\u00f3\u017aniej spotykamy si\u0119 tu z naszymi przyjaci\u00f3\u0142mi i partnerami. Premier W\u0142och Giorgia Meloni, szefowa G7. Premier Kanady Justin Trudeau. Ursula von der Leyen, przewodnicz\u0105ca Komisji Europejskiej. Alexander De Croo, premier Belgii, przewodnicz\u0105cy Rady Europejskiej. A to symbolicznie i wymownie opisuje drog\u0119, kt\u00f3r\u0105 przebyli\u015bmy w ci\u0105gu tych dw\u00f3ch lat, i r\u00f3\u017cnic\u0119 mi\u0119dzy 24 lutego wtedy a teraz.<\/em>&#8222;B\u0119dziemy nadal wsp\u00f3\u0142pracowa\u0107 z naszymi klientami&#8221; \u2013 powiedzia\u0142 Wo\u0142odymyr Ze\u0142enski.<\/p>\n<p>Wo\u0142odymyr Ze\u0142enski przypomnia\u0142 pocz\u0105tek inwazji na pe\u0142n\u0105 skal\u0119. Zaznaczy\u0142, \u017ce pierwszego dnia wojny na pe\u0142n\u0105 skal\u0119 miliony Ukrai\u0144c\u00f3w musia\u0142y dokona\u0107 trudnych wybor\u00f3w. Wiele os\u00f3b zdecydowa\u0142o si\u0119 stan\u0105\u0107 w obronie Ukrainy.<\/p>\n<p><em>&#8222;To wyb\u00f3r dokonany przez Ukrai\u0144c\u00f3w w r\u00f3\u017cnym wieku, r\u00f3\u017cnych zawod\u00f3w, z r\u00f3\u017cnych region\u00f3w. I kt\u00f3rzy jednoczyli ludzi najpierw w kolejkach do wojskowego biura poborowego, a potem w jednym okopie na linii frontu. Broni\u0107 kraju. I wszyscy ci, kt\u00f3rzy zostali, aby pracowa\u0107 w kraju. Kto odszed\u0142, kto wr\u00f3ci\u0142 p\u00f3\u017aniej&#8221;<\/em>&#8222;W zwi\u0105zku z tym b\u0119dziemy kontynuowa\u0107 wsp\u00f3\u0142prac\u0119 z prezydentem Ukrainy&#8221; \u2013 powiedzia\u0142 prezydent Ukrainy.<\/p>\n<p>Wo\u0142odymyr Ze\u0142enski zauwa\u017cy\u0142 r\u00f3wnie\u017c, \u017ce Ukraina od 730 dni dzielnie powstrzymuje rosyjsk\u0105 armi\u0119.<\/p>\n<p><em>&#8222;Ludzie, kt\u00f3rzy prze\u017cyli w ci\u0105gu pierwszych trzech dni. I nie upad\u0142 na czwartym. I wygra\u0142 pi\u0105ty dzie\u0144. A potem by\u0142 miesi\u0105c. A potem p\u00f3\u0142 roku. A teraz min\u0119\u0142y dwa lata. Bitwy o wolno\u015b\u0107. Walka o \u017cycie, kt\u00f3r\u0105 bohatersko tocz\u0105 niesamowici ludzie, do kt\u00f3rych zawsze zwracam si\u0119 w swoich przem\u00f3wieniach: &#8222;Wielcy ludzie wielkiego kraju&#8221;, <\/em>\u2013 powiedzia\u0142 Wo\u0142odymyr Ze\u0142enski.<\/p>\n<div class=\"media_embed \">\n<div class=\"responsive-embed\">\n<div class=\"jeg_video_container jeg_video_content\"><iframe loading=\"lazy\" title=\"\u0417\u0432\u0435\u0440\u043d\u0435\u043d\u043d\u044f \u041f\u0440\u0435\u0437\u0438\u0434\u0435\u043d\u0442\u0430 \u0443 \u0434\u0440\u0443\u0433\u0456 \u0440\u043e\u043a\u043e\u0432\u0438\u043d\u0438 \u043f\u043e\u0447\u0430\u0442\u043a\u0443 \u043f\u043e\u0432\u043d\u043e\u043c\u0430\u0441\u0448\u0442\u0430\u0431\u043d\u043e\u0433\u043e \u0432\u0442\u043e\u0440\u0433\u043d\u0435\u043d\u043d\u044f \u0420\u043e\u0441\u0456\u0457 \u0432 \u0423\u043a\u0440\u0430\u0457\u043d\u0443\" width=\"500\" height=\"281\" src=\"https:\/\/www.youtube.com\/embed\/INRN_ni8jus?feature=oembed\" frameborder=\"0\" allow=\"accelerometer; autoplay; clipboard-write; encrypted-media; gyroscope; picture-in-picture; web-share\" referrerpolicy=\"strict-origin-when-cross-origin\" allowfullscreen><\/iframe><\/div>\n<\/div>\n<\/div>\n<p>Prezydent podzi\u0119kowa\u0142 te\u017c wszystkim Ukrai\u0144com i wojsku za obron\u0119 Ukrainy. Wymieni\u0142 te\u017c \u015bwiatowych partner\u00f3w, kt\u00f3rzy pomagaj\u0105 odstrasza\u0107 rosyjsk\u0105 armi\u0119.<\/p>\n<p><em>&#8222;Jestem niesamowicie dumny z ka\u017cdego z nich. Podziwiam ka\u017cdego z nich. Wierz\u0119 w ka\u017cd\u0105 z nich. Ka\u017cdy normalny cz\u0142owiek chce, \u017ceby wojna si\u0119 sko\u0144czy\u0142a. Ale nikt z nas nie pozwoli, aby nasza Ukraina si\u0119 sko\u0144czy\u0142a&#8221;.<\/em>, &#8211; powiedzia\u0142 Wo\u0142odymyr Ze\u0142enski.<\/p>\n","protected":false},"excerpt":{"rendered":"<p>Prezydent Ukrainy Wo\u0142odymyr Ze\u0142enski w drug\u0105 rocznic\u0119 inwazji na pe\u0142n\u0105 skal\u0119, 24 lutego, Owini\u0119ty w g\u00f3r\u0119 Ukrai\u0144com ze zniszczonego przez Rosjan lotniska w Hostomlu. Wo\u0142odymyr Ze\u0142enski wyja\u015bni\u0142, \u017ce zwr\u00f3ci\u0142 si\u0119 do Ukrai\u0144c\u00f3w z lotniska w Hostomelu, bo to stamt\u0105d Rosjanie planowali szybko zaj\u0105\u0107 Ukrain\u0119. &#8222;To st\u0105d mia\u0142o si\u0119 zacz\u0105\u0107 to samo &#8222;zdoby\u0107 Kij\u00f3w i Ukrain\u0119 [&hellip;]<\/p>\n","protected":false},"author":1,"featured_media":23390,"comment_status":"closed","ping_status":"closed","sticky":false,"template":"","format":"standard","meta":{"footnotes":""},"categories":[1],"tags":[9,176],"class_list":["post-23389","post","type-post","status-publish","format-standard","has-post-thumbnail","hentry","category-wojna","tag-wojna-rosyjsko-ukrainska","tag-wolodymyr-zelenski"],"_links":{"self":[{"href":"https:\/\/ruwar.org\/pl\/wp-json\/wp\/v2\/posts\/23389","targetHints":{"allow":["GET"]}}],"collection":[{"href":"https:\/\/ruwar.org\/pl\/wp-json\/wp\/v2\/posts"}],"about":[{"href":"https:\/\/ruwar.org\/pl\/wp-json\/wp\/v2\/types\/post"}],"author":[{"embeddable":true,"href":"https:\/\/ruwar.org\/pl\/wp-json\/wp\/v2\/users\/1"}],"replies":[{"embeddable":true,"href":"https:\/\/ruwar.org\/pl\/wp-json\/wp\/v2\/comments?post=23389"}],"version-history":[{"count":0,"href":"https:\/\/ruwar.org\/pl\/wp-json\/wp\/v2\/posts\/23389\/revisions"}],"wp:featuredmedia":[{"embeddable":true,"href":"https:\/\/ruwar.org\/pl\/wp-json\/wp\/v2\/media\/23390"}],"wp:attachment":[{"href":"https:\/\/ruwar.org\/pl\/wp-json\/wp\/v2\/media?parent=23389"}],"wp:term":[{"taxonomy":"category","embeddable":true,"href":"https:\/\/ruwar.org\/pl\/wp-json\/wp\/v2\/categories?post=23389"},{"taxonomy":"post_tag","embeddable":true,"href":"https:\/\/ruwar.org\/pl\/wp-json\/wp\/v2\/tags?post=23389"}],"curies":[{"name":"wp","href":"https:\/\/api.w.org\/{rel}","templated":true}]}}