{"id":23140,"date":"2024-02-16T18:15:08","date_gmt":"2024-02-16T17:15:08","guid":{"rendered":"https:\/\/razvedka.info\/pl\/2024-02-minister-sprawiedliwosci-wezwal-deputowanych-do-uproszczenia-procedury-mobilizacji-skazanych\/"},"modified":"2024-02-16T18:15:08","modified_gmt":"2024-02-16T17:15:08","slug":"minister-sprawiedliwosci-wezwal-deputowanych-do-uproszczenia-procedury-mobilizacji-skazanych","status":"publish","type":"post","link":"https:\/\/ruwar.org\/pl\/2024-02-minister-sprawiedliwosci-wezwal-deputowanych-do-uproszczenia-procedury-mobilizacji-skazanych\/","title":{"rendered":"Minister sprawiedliwo\u015bci wezwa\u0142 deputowanych do uproszczenia procedury mobilizacji skazanych"},"content":{"rendered":"<p>Minister sprawiedliwo\u015bci Denys Maliuska powiedzia\u0142, \u017ce skazani mog\u0105 Ukrai\u0144cy wst\u0105pi\u0107 do s\u0142u\u017cby w Si\u0142ach Zbrojnych Ukrainy. Ale w tym celu nale\u017cy wprowadzi\u0107 zmiany w przepisach. O tym Denys Maliuska <a rel=\"nofollow noopener\" target=\"_blank\" href=\"https:\/\/www.radiosvoboda.org\/a\/news-minyust-mobilizatsia-zasudzheni\/32822320.html\">Powiedzia\u0142<\/a> na antenie Radia Swoboda.<\/p>\n<p>Zdaniem ministra mobilizacja poszczeg\u00f3lnych skazanych rzeczywi\u015bcie mo\u017ce nie\u015b\u0107 ze sob\u0105 pewne ryzyko. Denys Maliuska zaznaczy\u0142 jednak, \u017ce Ministerstwo Sprawiedliwo\u015bci jest gotowe przeanalizowa\u0107 potencjalnych zmobilizowanych skazanych i podzieli\u0107 si\u0119 wynikami z TCC i SP. Aby jednak zmobilizowa\u0107 skazanych i tych, kt\u00f3rzy ju\u017c odbyli kar\u0119, konieczna jest zmiana przepis\u00f3w.<\/p>\n<p><em>&#8222;Mamy ca\u0142y system analizy ryzyka dla naszych klient\u00f3w, zar\u00f3wno tych, kt\u00f3rzy przebywaj\u0105 w wi\u0119zieniu, jak i poza nim. A ten system analizy ryzyka, pozwala do\u015b\u0107 skutecznie przewidzie\u0107, jak niebezpieczna spo\u0142ecznie jest dana osoba. Zwracamy si\u0119 do deputowanych o poparcie inicjatywy, aby by\u0142 to bardziej z\u0142o\u017cony mechanizm, w kt\u00f3ry zaanga\u017cowany by\u0142by zar\u00f3wno s\u0105d, jak i prokurator, i ocenili\u015bmy, czy taka osoba mo\u017ce zosta\u0107 zwolniona na wniosek TCC na wojn\u0119&#8221;.<\/em>&#8222;Dzi\u0119ki temu b\u0119dziemy w stanie sprosta\u0107 potrzebom naszych klient\u00f3w<\/p>\n<p>Denys Maliuska zaznaczy\u0142, \u017ce jest ich co najmniej 50 tys. osoby nie s\u0105 zarejestrowane w TCC i SP ze wzgl\u0119du na zatarcie wpisu do rejestru karnego.<\/p>\n<p><em>&#8222;Tacy obywatele, jakkolwiek dziwne mo\u017ce si\u0119 to wydawa\u0107, z jakiego\u015b powodu nie podlegaj\u0105 rejestracji wojskowej. A m\u00f3wimy o dziesi\u0105tkach tysi\u0119cy, co najmniej 50 tysi\u0105cach obywateli, kt\u00f3rzy jakim\u015b cudem unikaj\u0105 mobilizacji, nie znajduj\u0105 si\u0119 pod radarem TCC, bo kiedy\u015b pope\u0142nili tam przest\u0119pstwo. W pierwszej fazie wojny u\u0142askawiono ponad 300 skaza\u0144c\u00f3w, kt\u00f3rzy wst\u0105pili w szeregi Si\u0142 Zbrojnych, z r\u00f3\u017cnym skutkiem.<\/em> \u2013 powiedzia\u0142 Denys Maliuska.<\/p>\n<p>Denys Maliuska jest przekonany, \u017ce osoby z kryminaln\u0105 przesz\u0142o\u015bci\u0105 mog\u0105 nie tylko walczy\u0107, ale tak\u017ce wykonywa\u0107 inne zawody w si\u0142ach zbrojnych. Wszystko zale\u017cy od tego, na podstawie jakiego artyku\u0142u dana osoba zosta\u0142a skazana.<\/p>\n<p>Przypomnimy, Rada Najwy\u017csza w pierwszym czytaniu popar\u0142a zaktualizowany rz\u0105dowy projekt ustawy <a rel=\"nofollow noopener\" target=\"_blank\" href=\"https:\/\/itd.rada.gov.ua\/billInfo\/Bills\/Card\/43604\">NR 10449<\/a> o s\u0142u\u017cbie wojskowej, mobilizacji i rejestracji wojskowej. Teraz projekt czeka na g\u0142osowanie w drugim czytaniu. Wed\u0142ug deputowanego Jaros\u0142awa \u017belezniaka poprawki przed drugim czytaniem potrwaj\u0105 do 21 lutego. Oznacza to, \u017ce najprawdopodobniej projekt ustawy w ca\u0142o\u015bci zostanie przyj\u0119ty w ostatnim tygodniu lutego, podpisany na pocz\u0105tku marca i wejdzie w \u017cycie w kwietniu.<\/p>\n","protected":false},"excerpt":{"rendered":"<p>Minister sprawiedliwo\u015bci Denys Maliuska powiedzia\u0142, \u017ce skazani mog\u0105 Ukrai\u0144cy wst\u0105pi\u0107 do s\u0142u\u017cby w Si\u0142ach Zbrojnych Ukrainy. Ale w tym celu nale\u017cy wprowadzi\u0107 zmiany w przepisach. O tym Denys Maliuska Powiedzia\u0142 na antenie Radia Swoboda. Zdaniem ministra mobilizacja poszczeg\u00f3lnych skazanych rzeczywi\u015bcie mo\u017ce nie\u015b\u0107 ze sob\u0105 pewne ryzyko. Denys Maliuska zaznaczy\u0142 jednak, \u017ce Ministerstwo Sprawiedliwo\u015bci jest gotowe [&hellip;]<\/p>\n","protected":false},"author":1,"featured_media":23141,"comment_status":"closed","ping_status":"closed","sticky":false,"template":"","format":"standard","meta":{"footnotes":""},"categories":[1],"tags":[326,327,53,9],"class_list":["post-23140","post","type-post","status-publish","format-standard","has-post-thumbnail","hentry","category-wojna","tag-denys-maliuska","tag-ministerstwo-sprawiedliwosci","tag-mobilizacja","tag-wojna-rosyjsko-ukrainska"],"_links":{"self":[{"href":"https:\/\/ruwar.org\/pl\/wp-json\/wp\/v2\/posts\/23140","targetHints":{"allow":["GET"]}}],"collection":[{"href":"https:\/\/ruwar.org\/pl\/wp-json\/wp\/v2\/posts"}],"about":[{"href":"https:\/\/ruwar.org\/pl\/wp-json\/wp\/v2\/types\/post"}],"author":[{"embeddable":true,"href":"https:\/\/ruwar.org\/pl\/wp-json\/wp\/v2\/users\/1"}],"replies":[{"embeddable":true,"href":"https:\/\/ruwar.org\/pl\/wp-json\/wp\/v2\/comments?post=23140"}],"version-history":[{"count":0,"href":"https:\/\/ruwar.org\/pl\/wp-json\/wp\/v2\/posts\/23140\/revisions"}],"wp:featuredmedia":[{"embeddable":true,"href":"https:\/\/ruwar.org\/pl\/wp-json\/wp\/v2\/media\/23141"}],"wp:attachment":[{"href":"https:\/\/ruwar.org\/pl\/wp-json\/wp\/v2\/media?parent=23140"}],"wp:term":[{"taxonomy":"category","embeddable":true,"href":"https:\/\/ruwar.org\/pl\/wp-json\/wp\/v2\/categories?post=23140"},{"taxonomy":"post_tag","embeddable":true,"href":"https:\/\/ruwar.org\/pl\/wp-json\/wp\/v2\/tags?post=23140"}],"curies":[{"name":"wp","href":"https:\/\/api.w.org\/{rel}","templated":true}]}}