{"id":22980,"date":"2024-02-11T11:00:07","date_gmt":"2024-02-11T10:00:07","guid":{"rendered":"https:\/\/razvedka.info\/pl\/2024-02-deputowany-rady-miejskiej-brodow-mykola-gaba-zginal-na-froncie\/"},"modified":"2024-02-11T11:00:07","modified_gmt":"2024-02-11T10:00:07","slug":"deputowany-rady-miejskiej-brodow-mykola-gaba-zginal-na-froncie","status":"publish","type":"post","link":"https:\/\/ruwar.org\/pl\/2024-02-deputowany-rady-miejskiej-brodow-mykola-gaba-zginal-na-froncie\/","title":{"rendered":"Deputowany Rady Miejskiej Brod\u00f3w Myko\u0142a Gaba zgin\u0105\u0142 na froncie"},"content":{"rendered":"<p>W czwartek 8 lutego w rejonie bachmutu w obwodzie donieckim zgin\u0105\u0142 39-letni Myko\u0142a Gaba, deputowany Rady Miejskiej Brod\u00f3w. O tym <a rel=\"nofollow noopener\" target=\"_blank\" href=\"https:\/\/www.facebook.com\/mrbrody.net\">Raporty<\/a> S\u0142u\u017cba prasowa Rady.<\/p>\n<p>Starszy lejtnant Myko\u0142a Gaba by\u0142 dow\u00f3dc\u0105 plutonu bezza\u0142ogowych statk\u00f3w powietrznych 80 Brygady Desantowo-Szturmowej. Od 2020 r. jest deputowanym do Rady Miejskiej Brod\u00f3w z ramienia partii Swoboda. Wcze\u015bniej bra\u0142 udzia\u0142 w ATO. Wraz z rozpocz\u0119ciem pe\u0142noskalowej inwazji Rosji w Ukrain\u0119 powr\u00f3ci\u0142 do Si\u0142 Zbrojnych Ukrainy.<\/p>\n<p>W poniedzia\u0142ek 12 lutego o godz. 15:00 spo\u0142eczno\u015b\u0107 Brod\u00f3w spotka si\u0119 z cia\u0142em poleg\u0142ego obro\u0144cy przy wje\u017adzie do wsi Ponykovytsia. Orszak \u017ca\u0142obny uda si\u0119 do ko\u015bcio\u0142a \u015awi\u0119tej Tr\u00f3jcy, gdzie odb\u0119dzie si\u0119 parastas. Uroczysto\u015bci pogrzebowe rozpoczn\u0105 si\u0119 we wtorek, 13 lutego, o godz. 12:00<\/p>\n<p><em>&#8222;Starszy porucznik Myko\u0142a Gaba by\u0142 bystrym i uczciwym cz\u0142owiekiem, niezawodnym koleg\u0105, kochaj\u0105cym ojcem. Prosimy o wsp\u00f3ln\u0105 modlitw\u0119 za dusz\u0119 poleg\u0142ego Bohatera&#8221;<\/em>\u2013 napisa\u0142 w po\u015bcie Rady Miasta Brody.<\/p>\n","protected":false},"excerpt":{"rendered":"<p>W czwartek 8 lutego w rejonie bachmutu w obwodzie donieckim zgin\u0105\u0142 39-letni Myko\u0142a Gaba, deputowany Rady Miejskiej Brod\u00f3w. O tym Raporty S\u0142u\u017cba prasowa Rady. Starszy lejtnant Myko\u0142a Gaba by\u0142 dow\u00f3dc\u0105 plutonu bezza\u0142ogowych statk\u00f3w powietrznych 80 Brygady Desantowo-Szturmowej. Od 2020 r. jest deputowanym do Rady Miejskiej Brod\u00f3w z ramienia partii Swoboda. Wcze\u015bniej bra\u0142 udzia\u0142 w ATO. [&hellip;]<\/p>\n","protected":false},"author":1,"featured_media":22981,"comment_status":"closed","ping_status":"closed","sticky":false,"template":"","format":"standard","meta":{"footnotes":""},"categories":[1],"tags":[544,3102,21,9],"class_list":["post-22980","post","type-post","status-publish","format-standard","has-post-thumbnail","hentry","category-wojna","tag-mps","tag-mykola-gaba","tag-sily-zbrojne-ukrainy","tag-wojna-rosyjsko-ukrainska"],"_links":{"self":[{"href":"https:\/\/ruwar.org\/pl\/wp-json\/wp\/v2\/posts\/22980","targetHints":{"allow":["GET"]}}],"collection":[{"href":"https:\/\/ruwar.org\/pl\/wp-json\/wp\/v2\/posts"}],"about":[{"href":"https:\/\/ruwar.org\/pl\/wp-json\/wp\/v2\/types\/post"}],"author":[{"embeddable":true,"href":"https:\/\/ruwar.org\/pl\/wp-json\/wp\/v2\/users\/1"}],"replies":[{"embeddable":true,"href":"https:\/\/ruwar.org\/pl\/wp-json\/wp\/v2\/comments?post=22980"}],"version-history":[{"count":0,"href":"https:\/\/ruwar.org\/pl\/wp-json\/wp\/v2\/posts\/22980\/revisions"}],"wp:featuredmedia":[{"embeddable":true,"href":"https:\/\/ruwar.org\/pl\/wp-json\/wp\/v2\/media\/22981"}],"wp:attachment":[{"href":"https:\/\/ruwar.org\/pl\/wp-json\/wp\/v2\/media?parent=22980"}],"wp:term":[{"taxonomy":"category","embeddable":true,"href":"https:\/\/ruwar.org\/pl\/wp-json\/wp\/v2\/categories?post=22980"},{"taxonomy":"post_tag","embeddable":true,"href":"https:\/\/ruwar.org\/pl\/wp-json\/wp\/v2\/tags?post=22980"}],"curies":[{"name":"wp","href":"https:\/\/api.w.org\/{rel}","templated":true}]}}