{"id":22967,"date":"2024-02-10T19:55:09","date_gmt":"2024-02-10T18:55:09","guid":{"rendered":"https:\/\/razvedka.info\/pl\/2024-02-zelenski-zatwierdzil-kandydatury-zastepcow-glownodowodzacego-i-szefa-sztabu-generalnego-sil-zbrojnych-ukrainy\/"},"modified":"2024-02-10T19:55:09","modified_gmt":"2024-02-10T18:55:09","slug":"zelenski-zatwierdzil-kandydatury-zastepcow-glownodowodzacego-i-szefa-sztabu-generalnego-sil-zbrojnych-ukrainy","status":"publish","type":"post","link":"https:\/\/ruwar.org\/pl\/2024-02-zelenski-zatwierdzil-kandydatury-zastepcow-glownodowodzacego-i-szefa-sztabu-generalnego-sil-zbrojnych-ukrainy\/","title":{"rendered":"Ze\u0142enski zatwierdzi\u0142 kandydatury zast\u0119pc\u00f3w g\u0142\u00f3wnodowodz\u0105cego i szefa Sztabu Generalnego Si\u0142 Zbrojnych Ukrainy"},"content":{"rendered":"<p>Prezydent Wo\u0142odymyr Ze\u0142enski zatwierdzi\u0142 kandydatury zast\u0119pcy naczelnego dow\u00f3dcy Si\u0142 Zbrojnych Ukrainy O\u0142eksandra Syrskiego i szefa Sztabu Generalnego Si\u0142 Zbrojnych Ukrainy Anatolija Barhylewycza. Sam prezydent stwierdzi\u0142 to w swoim <a rel=\"nofollow noopener\" target=\"_blank\" href=\"https:\/\/t.me\/V_Zelenskiy_official\/9438\">Cyrkulacja<\/a> 10 lutego.<\/p>\n<p>&#8222;Dzisiaj przez ca\u0142y dzie\u0144 odbywa\u0142em spotkania z dow\u00f3dztwem wojskowym i rz\u0105dem. Kontynuujemy restarty zespo\u0142u dowodzenia i kontroli w Si\u0142ach Obronnych. Teraz swoje nowe obowi\u0105zki przejmuj\u0105 ludzie, kt\u00f3rzy s\u0105 dobrze znani w wojsku i sami dobrze wiedz\u0105, czego armia potrzebuje. Dow\u00f3dcy bojowi tej wojny, kt\u00f3rych do\u015bwiadczenie przyda si\u0119 na poziomie armii&#8221; \u2013 powiedzia\u0142 prezydent Ukrainy.<\/p>\n<p>Pu\u0142kownik Wadym Sucharewski, jego kierownictwo to systemy bezza\u0142ogowe i rozw\u00f3j wykorzystania dron\u00f3w, i pu\u0142kownik Andrij Lebiedienko, jego kierownictwo to technologiczny komponent armii i systemy bojowe, zostali zast\u0119pcami Naczelnego Wodza O\u0142eksandra Syrskiego.<\/p>\n<p>&#8222;Zast\u0119pca szefa Sztabu Generalnego Si\u0142 Zbrojnych Ukrainy zatwierdzi\u0142 kandydatury genera\u0142a brygady Wo\u0142odymyra Horbaczuka &#8211; jego kierunek to praca operacyjna, praca sztabu, planowanie, zarz\u0105dzanie: ka\u017cda kwatera powinna w stu procentach rozumie\u0107 front, &#8211; genera\u0142 brygady O\u0142eksij Szewczenko &#8211; jego kierunek to logistyka, maksymalna jako\u015b\u0107 logistyki w naszej armii, &#8211; genera\u0142 brygady Mychaj\u0142o Drapaty &#8211; b\u0119dzie odpowiedzialny za szkolenie, wysokiej jako\u015bci szkolenie naszego wojska&#8221;  \u2013 powiedzia\u0142 Ze\u0142enski.<\/p>\n<p>Doda\u0142 te\u017c, \u017ce &#8222;ca\u0142e realne do\u015bwiadczenie dow\u00f3dc\u00f3w bojowych, brygad bojowych, naszych jednostek, kt\u00f3re zbudowa\u0142y wysokiej jako\u015bci system szkolenia \u017co\u0142nierzy oraz oceny i analizy dzia\u0142a\u0144 bojowych&#8230; musz\u0105 by\u0107 wdro\u017cone dla sukcesu Si\u0142 Obronnych Ukrainy&#8221;.<\/p>\n<p>Przypomnimy, 8 lutego Wo\u0142odymyr Ze\u0142enski og\u0142osi\u0142 dymisj\u0119 Naczelnego Dow\u00f3dcy Si\u0142 Zbrojnych Ukrainy Walerija Za\u0142u\u017cnego. Prezydent podzi\u0119kowa\u0142 genera\u0142owi za jego s\u0142u\u017cb\u0119 i zaznaczy\u0142, \u017ce Si\u0142y Zbrojne Ukrainy musz\u0105 si\u0119 rozwija\u0107, aby zwyci\u0119\u017cy\u0107. P\u00f3\u017aniej Ze\u0142enski mianowa\u0142 genera\u0142a pu\u0142kownika O\u0142eksandra Syrskiego nowym g\u0142\u00f3wnodowodz\u0105cym Si\u0142 Zbrojnych Ukrainy.<\/p>\n","protected":false},"excerpt":{"rendered":"<p>Prezydent Wo\u0142odymyr Ze\u0142enski zatwierdzi\u0142 kandydatury zast\u0119pcy naczelnego dow\u00f3dcy Si\u0142 Zbrojnych Ukrainy O\u0142eksandra Syrskiego i szefa Sztabu Generalnego Si\u0142 Zbrojnych Ukrainy Anatolija Barhylewycza. Sam prezydent stwierdzi\u0142 to w swoim Cyrkulacja 10 lutego. &#8222;Dzisiaj przez ca\u0142y dzie\u0144 odbywa\u0142em spotkania z dow\u00f3dztwem wojskowym i rz\u0105dem. Kontynuujemy restarty zespo\u0142u dowodzenia i kontroli w Si\u0142ach Obronnych. Teraz swoje nowe obowi\u0105zki [&hellip;]<\/p>\n","protected":false},"author":1,"featured_media":22968,"comment_status":"closed","ping_status":"closed","sticky":false,"template":"","format":"standard","meta":{"footnotes":""},"categories":[1],"tags":[1113,9,176],"class_list":["post-22967","post","type-post","status-publish","format-standard","has-post-thumbnail","hentry","category-wojna","tag-oleksandr-syrski","tag-wojna-rosyjsko-ukrainska","tag-wolodymyr-zelenski"],"_links":{"self":[{"href":"https:\/\/ruwar.org\/pl\/wp-json\/wp\/v2\/posts\/22967","targetHints":{"allow":["GET"]}}],"collection":[{"href":"https:\/\/ruwar.org\/pl\/wp-json\/wp\/v2\/posts"}],"about":[{"href":"https:\/\/ruwar.org\/pl\/wp-json\/wp\/v2\/types\/post"}],"author":[{"embeddable":true,"href":"https:\/\/ruwar.org\/pl\/wp-json\/wp\/v2\/users\/1"}],"replies":[{"embeddable":true,"href":"https:\/\/ruwar.org\/pl\/wp-json\/wp\/v2\/comments?post=22967"}],"version-history":[{"count":0,"href":"https:\/\/ruwar.org\/pl\/wp-json\/wp\/v2\/posts\/22967\/revisions"}],"wp:featuredmedia":[{"embeddable":true,"href":"https:\/\/ruwar.org\/pl\/wp-json\/wp\/v2\/media\/22968"}],"wp:attachment":[{"href":"https:\/\/ruwar.org\/pl\/wp-json\/wp\/v2\/media?parent=22967"}],"wp:term":[{"taxonomy":"category","embeddable":true,"href":"https:\/\/ruwar.org\/pl\/wp-json\/wp\/v2\/categories?post=22967"},{"taxonomy":"post_tag","embeddable":true,"href":"https:\/\/ruwar.org\/pl\/wp-json\/wp\/v2\/tags?post=22967"}],"curies":[{"name":"wp","href":"https:\/\/api.w.org\/{rel}","templated":true}]}}