{"id":22897,"date":"2024-02-08T15:05:08","date_gmt":"2024-02-08T14:05:08","guid":{"rendered":"https:\/\/razvedka.info\/pl\/2024-02-mysliwce-sof-pokazaly-zdobycie-rosyjskiej-twierdzy\/"},"modified":"2024-02-08T15:05:08","modified_gmt":"2024-02-08T14:05:08","slug":"mysliwce-sof-pokazaly-zdobycie-rosyjskiej-twierdzy","status":"publish","type":"post","link":"https:\/\/ruwar.org\/pl\/2024-02-mysliwce-sof-pokazaly-zdobycie-rosyjskiej-twierdzy\/","title":{"rendered":"My\u015bliwce SOF pokaza\u0142y zdobycie rosyjskiej twierdzy"},"content":{"rendered":"<p>\u017bo\u0142nierze Si\u0142 Operacji Specjalnych w ramach operacji &#8222;Howerla&#8221; zdobyli rosyjsk\u0105 twierdz\u0119 na dominuj\u0105cym wzniesieniu, kt\u00f3rej nie mogli zdoby\u0107 przez kilka miesi\u0119cy. W czwartek, 8 lutego, <a rel=\"nofollow noopener\" target=\"_blank\" href=\"https:\/\/www.youtube.com\/watch?v=aCWx6bSTfqw\">Zg\u0142oszone<\/a> w s\u0142u\u017cbie prasowej Si\u0142 Operacji Specjalnych.<\/p>\n<p>Jednostki Si\u0142 Obronnych grupy SOF starannie zaplanowa\u0142y i przygotowa\u0142y si\u0119 do operacji. Za pomoc\u0105 drona z optyk\u0105 termowizyjn\u0105 my\u015bliwce przeprowadzi\u0142y dodatkowe rozpoznanie pozycji i uderzy\u0142y w wykryte cele dronami szturmowymi FPV. Zaraz potem grupa SOF przyst\u0105pi\u0142a do ataku. W rezultacie uda\u0142o im si\u0119 wyprze\u0107 Rosjan z twierdzy.<\/p>\n<p><em>&#8222;Pod os\u0142on\u0105 wsparcia ogniowego, walki elektronicznej i bezza\u0142ogowych statk\u00f3w powietrznych operatorzy ruszyli do przodu do prowadzenia akcji specjalnych. Po operacji oczyszczania i ustanowieniu pe\u0142nej kontroli nad twierdz\u0105 wroga, niekt\u00f3re jednostki Si\u0142 Obronnych zosta\u0142y wyniesione na wy\u017cyny&#8221;.<\/em>\u2013 napisano w o\u015bwiadczeniu.<\/p>\n<p><em>Uwaga: film zawiera wulgaryzmy!<\/em><\/p>\n<div class=\"media_embed \">\n<div class=\"responsive-embed\">\n<div class=\"jeg_video_container jeg_video_content\"><iframe loading=\"lazy\" title=\"\u26a1\u041e\u041f\u0415\u0420\u0410\u0426\u0406\u042f \u0421\u0421\u041e \u00ab\u0413\u043e\u0432\u0435\u0440\u043b\u0430\u00bb. \u0417\u0430\u0445\u043e\u043f\u043b\u0435\u043d\u043e \u0441\u0442\u0440\u0430\u0442\u0435\u0433\u0456\u0447\u043d\u0443 \u0432\u0438\u0441\u043e\u0442\u0443 \u043d\u0430 \u043e\u0434\u043d\u043e\u043c\u0443 \u0437 \u043d\u0430\u043f\u0440\u044f\u043c\u043a\u0456\u0432\" width=\"500\" height=\"281\" src=\"https:\/\/www.youtube.com\/embed\/aCWx6bSTfqw?feature=oembed\" frameborder=\"0\" allow=\"accelerometer; autoplay; clipboard-write; encrypted-media; gyroscope; picture-in-picture; web-share\" referrerpolicy=\"strict-origin-when-cross-origin\" allowfullscreen><\/iframe><\/div>\n<\/div>\n<\/div>\n<p>Podczas operacji specjalnej bojownicy SOF wzi\u0119li do niewoli dw\u00f3ch rosyjskich spadochroniarzy. Jeden z nich powiedzia\u0142, \u017ce z wi\u0119zienia trafi\u0142 do rosyjskiej armii. Wed\u0142ug wi\u0119\u017ania mia\u0142 odsiedzie\u0107 rok i dziewi\u0119\u0107 miesi\u0119cy.<\/p>\n<p>W ramach operacji specjalnej &#8222;Cytadela&#8221; \u017co\u0142nierze Si\u0142 Operacji Specjalnych zniszczyli rosyjsk\u0105 platform\u0119 produkcyjn\u0105 w pobli\u017cu Krymu, kt\u00f3r\u0105 okupanci wykorzystali do wzmocnienia pracy ira\u0144skich bezza\u0142ogowc\u00f3w Mohajer-6.<\/p>\n","protected":false},"excerpt":{"rendered":"<p>\u017bo\u0142nierze Si\u0142 Operacji Specjalnych w ramach operacji &#8222;Howerla&#8221; zdobyli rosyjsk\u0105 twierdz\u0119 na dominuj\u0105cym wzniesieniu, kt\u00f3rej nie mogli zdoby\u0107 przez kilka miesi\u0119cy. W czwartek, 8 lutego, Zg\u0142oszone w s\u0142u\u017cbie prasowej Si\u0142 Operacji Specjalnych. Jednostki Si\u0142 Obronnych grupy SOF starannie zaplanowa\u0142y i przygotowa\u0142y si\u0119 do operacji. Za pomoc\u0105 drona z optyk\u0105 termowizyjn\u0105 my\u015bliwce przeprowadzi\u0142y dodatkowe rozpoznanie pozycji [&hellip;]<\/p>\n","protected":false},"author":1,"featured_media":22898,"comment_status":"closed","ping_status":"closed","sticky":false,"template":"","format":"standard","meta":{"footnotes":""},"categories":[1],"tags":[3088,9],"class_list":["post-22897","post","type-post","status-publish","format-standard","has-post-thumbnail","hentry","category-wojna","tag-mtr","tag-wojna-rosyjsko-ukrainska"],"_links":{"self":[{"href":"https:\/\/ruwar.org\/pl\/wp-json\/wp\/v2\/posts\/22897","targetHints":{"allow":["GET"]}}],"collection":[{"href":"https:\/\/ruwar.org\/pl\/wp-json\/wp\/v2\/posts"}],"about":[{"href":"https:\/\/ruwar.org\/pl\/wp-json\/wp\/v2\/types\/post"}],"author":[{"embeddable":true,"href":"https:\/\/ruwar.org\/pl\/wp-json\/wp\/v2\/users\/1"}],"replies":[{"embeddable":true,"href":"https:\/\/ruwar.org\/pl\/wp-json\/wp\/v2\/comments?post=22897"}],"version-history":[{"count":0,"href":"https:\/\/ruwar.org\/pl\/wp-json\/wp\/v2\/posts\/22897\/revisions"}],"wp:featuredmedia":[{"embeddable":true,"href":"https:\/\/ruwar.org\/pl\/wp-json\/wp\/v2\/media\/22898"}],"wp:attachment":[{"href":"https:\/\/ruwar.org\/pl\/wp-json\/wp\/v2\/media?parent=22897"}],"wp:term":[{"taxonomy":"category","embeddable":true,"href":"https:\/\/ruwar.org\/pl\/wp-json\/wp\/v2\/categories?post=22897"},{"taxonomy":"post_tag","embeddable":true,"href":"https:\/\/ruwar.org\/pl\/wp-json\/wp\/v2\/tags?post=22897"}],"curies":[{"name":"wp","href":"https:\/\/api.w.org\/{rel}","templated":true}]}}