{"id":22689,"date":"2024-02-01T11:20:08","date_gmt":"2024-02-01T10:20:08","guid":{"rendered":"https:\/\/razvedka.info\/pl\/2024-02-szesciu-mieszkancow-wolynia-zostalo-odeslanych-z-rosyjskiej-niewoli\/"},"modified":"2024-02-01T11:20:08","modified_gmt":"2024-02-01T10:20:08","slug":"szesciu-mieszkancow-wolynia-zostalo-odeslanych-z-rosyjskiej-niewoli","status":"publish","type":"post","link":"https:\/\/ruwar.org\/pl\/2024-02-szesciu-mieszkancow-wolynia-zostalo-odeslanych-z-rosyjskiej-niewoli\/","title":{"rendered":"Sze\u015bciu mieszka\u0144c\u00f3w Wo\u0142ynia zosta\u0142o odes\u0142anych z rosyjskiej niewoli"},"content":{"rendered":"<p>31 stycznia sze\u015bciu \u017co\u0142nierzy powr\u00f3ci\u0142o na Wo\u0142y\u0144 w ramach wymiany je\u0144c\u00f3w. Wszystkie zosta\u0142y schwytane przez Rosjan w maju 2022 roku.<\/p>\n<p>Jak <a rel=\"nofollow noopener\" target=\"_blank\" href=\"https:\/\/www.facebook.com\/YurijPoguliajko\/posts\/pfbid0R159inZPa2VzxjAgT8VfqJmY1ikD1pyDYxchJKPcfENjhHshdSxWpb1rhxdtwhXal\">Zg\u0142oszone<\/a> Szef Wo\u0142y\u0144skiej Administracji Wojskowej Jurij Pohulijko, czterech mieszka\u0144c\u00f3w gminy Ro\u017cyszcze wr\u00f3ci\u0142o do domu: 47-latek <strong>Anatolij Romanik<\/strong> i 44-latek <strong>Paw\u0142o Romaniki<\/strong> z Ro\u017cyszcze (s\u0105 bra\u0107mi), a tak\u017ce 41-latek <strong>Bogdan Ozimok<\/strong> i <strong>O\u0142eksij Kowal<\/strong> z gminy Ro\u017cyszcze.<\/p>\n<p>Ponadto z niewoli zwolniono 38-latka <strong>Witalij Herasymyk<\/strong> ze wsi Budiatychi gminy Poromivka i 50-latek <strong>Myko\u0142a Goydala<\/strong> ze wsi Nyzkynycze gminy Nowowo\u0142y\u0144sk.<\/p>\n<p>Wo\u0142yniacy zostali schwytani w maju 2022 r. w pobli\u017cu \u0141ymanu w obwodzie donieckim.<\/p>\n<p>Nale\u017cy doda\u0107, \u017ce 31 stycznia Ukraina odes\u0142a\u0142a z rosyjskiej niewoli \u0142\u0105cznie 207 \u017co\u0142nierzy. W\u015br\u00f3d nich jest 95 przedstawicieli Si\u0142 Zbrojnych Ukrainy, 56 Gwardzist\u00f3w Narodowych, 26 funkcjonariuszy stra\u017cy granicznej, 29 \u017co\u0142nierzy Wojsk Obrony Terytorialnej i jeden przedstawiciel policji.<\/p>\n<p>Przypomnimy, podczas poprzedniej wymiany 3 stycznia czterech mieszka\u0144c\u00f3w Wo\u0142ynia wr\u00f3ci\u0142o z rosyjskiej niewoli.<\/p>\n","protected":false},"excerpt":{"rendered":"<p>31 stycznia sze\u015bciu \u017co\u0142nierzy powr\u00f3ci\u0142o na Wo\u0142y\u0144 w ramach wymiany je\u0144c\u00f3w. Wszystkie zosta\u0142y schwytane przez Rosjan w maju 2022 roku. Jak Zg\u0142oszone Szef Wo\u0142y\u0144skiej Administracji Wojskowej Jurij Pohulijko, czterech mieszka\u0144c\u00f3w gminy Ro\u017cyszcze wr\u00f3ci\u0142o do domu: 47-latek Anatolij Romanik i 44-latek Paw\u0142o Romaniki z Ro\u017cyszcze (s\u0105 bra\u0107mi), a tak\u017ce 41-latek Bogdan Ozimok i O\u0142eksij Kowal z [&hellip;]<\/p>\n","protected":false},"author":1,"featured_media":22690,"comment_status":"closed","ping_status":"closed","sticky":false,"template":"","format":"standard","meta":{"footnotes":""},"categories":[1],"tags":[2495,1380,9],"class_list":["post-22689","post","type-post","status-publish","format-standard","has-post-thumbnail","hentry","category-wojna","tag-jency-wojenni","tag-wiadomosci-z-wolynia","tag-wojna-rosyjsko-ukrainska"],"_links":{"self":[{"href":"https:\/\/ruwar.org\/pl\/wp-json\/wp\/v2\/posts\/22689","targetHints":{"allow":["GET"]}}],"collection":[{"href":"https:\/\/ruwar.org\/pl\/wp-json\/wp\/v2\/posts"}],"about":[{"href":"https:\/\/ruwar.org\/pl\/wp-json\/wp\/v2\/types\/post"}],"author":[{"embeddable":true,"href":"https:\/\/ruwar.org\/pl\/wp-json\/wp\/v2\/users\/1"}],"replies":[{"embeddable":true,"href":"https:\/\/ruwar.org\/pl\/wp-json\/wp\/v2\/comments?post=22689"}],"version-history":[{"count":0,"href":"https:\/\/ruwar.org\/pl\/wp-json\/wp\/v2\/posts\/22689\/revisions"}],"wp:featuredmedia":[{"embeddable":true,"href":"https:\/\/ruwar.org\/pl\/wp-json\/wp\/v2\/media\/22690"}],"wp:attachment":[{"href":"https:\/\/ruwar.org\/pl\/wp-json\/wp\/v2\/media?parent=22689"}],"wp:term":[{"taxonomy":"category","embeddable":true,"href":"https:\/\/ruwar.org\/pl\/wp-json\/wp\/v2\/categories?post=22689"},{"taxonomy":"post_tag","embeddable":true,"href":"https:\/\/ruwar.org\/pl\/wp-json\/wp\/v2\/tags?post=22689"}],"curies":[{"name":"wp","href":"https:\/\/api.w.org\/{rel}","templated":true}]}}