{"id":22151,"date":"2024-01-13T08:25:06","date_gmt":"2024-01-13T07:25:06","guid":{"rendered":"https:\/\/razvedka.info\/pl\/2024-01-zastepca-sekretarza-generalnego-nato-przyznal-ze-optymizm-przed-kontrofensywa-sil-zbrojnych-ukrainy-jest-przesadny\/"},"modified":"2024-01-13T08:25:06","modified_gmt":"2024-01-13T07:25:06","slug":"zastepca-sekretarza-generalnego-nato-przyznal-ze-optymizm-przed-kontrofensywa-sil-zbrojnych-ukrainy-jest-przesadny","status":"publish","type":"post","link":"https:\/\/ruwar.org\/pl\/2024-01-zastepca-sekretarza-generalnego-nato-przyznal-ze-optymizm-przed-kontrofensywa-sil-zbrojnych-ukrainy-jest-przesadny\/","title":{"rendered":"Zast\u0119pca sekretarza generalnego NATO przyzna\u0142, \u017ce optymizm przed kontrofensyw\u0105 Si\u0142 Zbrojnych Ukrainy jest przesadny"},"content":{"rendered":"<p>Zast\u0119pca sekretarza generalnego NATO Mircea Geoan\u0103 przyzna\u0142, \u017ce przed kontrofensyw\u0105 Si\u0142 Zbrojnych Ukrainy panuje &#8222;nadmierny optymizm&#8221;. Teraz uwa\u017ca, \u017ce Sojusz powinien przygotowa\u0107 si\u0119 na d\u0142ug\u0105 wojn\u0119 Federacji Rosyjskiej przeciwko Ukrainie. Geoan\u0103 powiedzia\u0142a to w wywiadzie dla rumu\u0144skiego kana\u0142u telewizyjnego Digi24: <a rel=\"nofollow noopener\" target=\"_blank\" href=\"https:\/\/www.eurointegration.com.ua\/news\/2024\/01\/12\/7177371\/\">Raporty<\/a> Europejska Prawda.<\/p>\n<p>Wed\u0142ug Geoan\u0103 rosyjska gospodarka wojskowa &#8222;odpowiada dzisiejszym potrzebom&#8221;, co wi\u0119cej, &#8222;w spos\u00f3b ca\u0142kowicie wykraczaj\u0105cy poza granice prawa mi\u0119dzynarodowego&#8221;, Korea P\u00f3\u0142nocna i Iran albo obiecuj\u0105, albo ju\u017c wysy\u0142aj\u0105 bro\u0144 do Federacji Rosyjskiej na wojn\u0119 z Ukrain\u0105.<\/p>\n<p>&#8222;Tak jak niekt\u00f3rzy z nas na pocz\u0105tku wojny my\u015bleli, \u017ce za dwa tygodnie Rosjanie zajm\u0105 Kij\u00f3w, tak my m\u00f3wili\u015bmy: 'Nie, Ukraina ma zdolno\u015b\u0107 do oporu&#8217;, tak by\u0107 mo\u017ce mieli\u015bmy zbyt wiele entuzjazmu i optymizmu na pocz\u0105tku ukrai\u0144skiej ofensywy kilka miesi\u0119cy temu wiosn\u0105 ubieg\u0142ego roku&#8221; \u2013 doda\u0142 zast\u0119pca sekretarza generalnego Sojuszu.<\/p>\n<p>Jednocze\u015bnie zaapelowa\u0142, by nie ucieka\u0107 si\u0119 do przesadnego pesymizmu, bo Ukraina ma wystarczaj\u0105ce \u015brodki, by wesprze\u0107 t\u0119 wojn\u0119, by odnie\u015b\u0107 sukces.<\/p>\n<p>&#8222;Wzywam do przygotowania si\u0119 na d\u0142ug\u0105 wojn\u0119, aby trwa\u0142a. Nie stanie si\u0119 to w 2024 roku i prawdopodobnie nie w 2025 roku. Nie widzimy potencja\u0142u militarnego, kt\u00f3ry pozwoli\u0142by na odniesienie zdecydowanego zwyci\u0119stwa przez kt\u00f3r\u0105kolwiek ze stron. Spodziewamy si\u0119 przed\u0142u\u017caj\u0105cej si\u0119 wojny z ma\u0142ymi ofensywami, kontrofensywami, podbojem i utrat\u0105 terytori\u00f3w&#8221; \u2013 powiedzia\u0142a Geoan\u0103.<\/p>\n<p>Nawiasem m\u00f3wi\u0105c, sekretarz generalny NATO Jens Stoltenberg powiedzia\u0142 wcze\u015bniej, \u017ce Federacja Rosyjska nie b\u0119dzie w stanie osi\u0105gn\u0105\u0107 swoich cel\u00f3w w Ukrainie pomimo wielkich wysi\u0142k\u00f3w i \u017ce &#8222;Putin straci\u0142 Ukrain\u0119 na zawsze&#8221;.<\/p>\n","protected":false},"excerpt":{"rendered":"<p>Zast\u0119pca sekretarza generalnego NATO Mircea Geoan\u0103 przyzna\u0142, \u017ce przed kontrofensyw\u0105 Si\u0142 Zbrojnych Ukrainy panuje &#8222;nadmierny optymizm&#8221;. Teraz uwa\u017ca, \u017ce Sojusz powinien przygotowa\u0107 si\u0119 na d\u0142ug\u0105 wojn\u0119 Federacji Rosyjskiej przeciwko Ukrainie. Geoan\u0103 powiedzia\u0142a to w wywiadzie dla rumu\u0144skiego kana\u0142u telewizyjnego Digi24: Raporty Europejska Prawda. Wed\u0142ug Geoan\u0103 rosyjska gospodarka wojskowa &#8222;odpowiada dzisiejszym potrzebom&#8221;, co wi\u0119cej, &#8222;w spos\u00f3b [&hellip;]<\/p>\n","protected":false},"author":1,"featured_media":22152,"comment_status":"closed","ping_status":"closed","sticky":false,"template":"","format":"standard","meta":{"footnotes":""},"categories":[1],"tags":[258,9],"class_list":["post-22151","post","type-post","status-publish","format-standard","has-post-thumbnail","hentry","category-wojna","tag-nato","tag-wojna-rosyjsko-ukrainska"],"_links":{"self":[{"href":"https:\/\/ruwar.org\/pl\/wp-json\/wp\/v2\/posts\/22151","targetHints":{"allow":["GET"]}}],"collection":[{"href":"https:\/\/ruwar.org\/pl\/wp-json\/wp\/v2\/posts"}],"about":[{"href":"https:\/\/ruwar.org\/pl\/wp-json\/wp\/v2\/types\/post"}],"author":[{"embeddable":true,"href":"https:\/\/ruwar.org\/pl\/wp-json\/wp\/v2\/users\/1"}],"replies":[{"embeddable":true,"href":"https:\/\/ruwar.org\/pl\/wp-json\/wp\/v2\/comments?post=22151"}],"version-history":[{"count":0,"href":"https:\/\/ruwar.org\/pl\/wp-json\/wp\/v2\/posts\/22151\/revisions"}],"wp:featuredmedia":[{"embeddable":true,"href":"https:\/\/ruwar.org\/pl\/wp-json\/wp\/v2\/media\/22152"}],"wp:attachment":[{"href":"https:\/\/ruwar.org\/pl\/wp-json\/wp\/v2\/media?parent=22151"}],"wp:term":[{"taxonomy":"category","embeddable":true,"href":"https:\/\/ruwar.org\/pl\/wp-json\/wp\/v2\/categories?post=22151"},{"taxonomy":"post_tag","embeddable":true,"href":"https:\/\/ruwar.org\/pl\/wp-json\/wp\/v2\/tags?post=22151"}],"curies":[{"name":"wp","href":"https:\/\/api.w.org\/{rel}","templated":true}]}}