{"id":22099,"date":"2024-01-11T09:25:05","date_gmt":"2024-01-11T08:25:05","guid":{"rendered":"https:\/\/razvedka.info\/pl\/2024-01-niewidoma-uczennica-z-obwodu-lwowskiego-zebrala-ponad-2-miliony-hrywien-dla-sil-zbrojnych-ukrainy-spiewajac-w-kosciolach\/"},"modified":"2024-01-11T09:25:05","modified_gmt":"2024-01-11T08:25:05","slug":"niewidoma-uczennica-z-obwodu-lwowskiego-zebrala-ponad-2-miliony-hrywien-dla-sil-zbrojnych-ukrainy-spiewajac-w-kosciolach","status":"publish","type":"post","link":"https:\/\/ruwar.org\/pl\/2024-01-niewidoma-uczennica-z-obwodu-lwowskiego-zebrala-ponad-2-miliony-hrywien-dla-sil-zbrojnych-ukrainy-spiewajac-w-kosciolach\/","title":{"rendered":"Niewidoma uczennica z obwodu lwowskiego zebra\u0142a ponad 2 miliony hrywien dla Si\u0142 Zbrojnych Ukrainy, \u015bpiewaj\u0105c w ko\u015bcio\u0142ach"},"content":{"rendered":"<p>W latach 2022-2023 dziesi\u0119cioletnia niewidoma Anna-Maria Herman z obwodu lwowskiego zebra\u0142a ponad 2 mln hrywien dla ukrai\u0144skiego wojska, \u015bpiewaj\u0105c na ulicach i w ko\u015bcio\u0142ach. Zosta\u0142o to og\u0142oszone 11 stycznia przez &#8222;<a rel=\"nofollow noopener\" target=\"_blank\" href=\"https:\/\/www.ukrinform.ua\/rubric-regions\/3811843-nezraca-skolarka-zi-lvivsini-spivami-u-cerkvah-zibrala-2-miljoni-dla-zsu.html\">Ukrinform<\/a>\u00bb.<\/p>\n<p>Dziewczyna pochodzi z Komarnego w obwodzie lwowskim. Zbi\u00f3rk\u0119 pieni\u0119dzy dla Si\u0142 Zbrojnych Ukrainy rozpocz\u0119\u0142a na pocz\u0105tku inwazji na pe\u0142n\u0105 skal\u0119 za po\u015brednictwem organizacji pozarz\u0105dowej &#8222;Majdan&#8221; w Szczywcu.<\/p>\n<p><em>&#8222;Wiosn\u0105 2022 roku, wraz z pocz\u0105tkiem wojny na pe\u0142n\u0105 skal\u0119, pani Natalia Brazhnyk i jej c\u00f3rka Anna-Maria, kt\u00f3re wcze\u015bniej mieszka\u0142y w naszej wsp\u00f3lnocie terytorialnej, do\u0142\u0105czy\u0142y do naszej organizacji i zaproponowa\u0142y zbi\u00f3rk\u0119 funduszy dla wojska poprzez \u015bpiew na ulicy. Maj\u0105 czw\u00f3rk\u0119 dzieci w rodzinie, a jeden z braci poszed\u0142 na wojn\u0119, wi\u0119c dziewczyna wysz\u0142a z tak\u0105 inicjatyw\u0105.<\/em>\u2013 powiedzia\u0142a Oksana Skorody\u0144ska, szefowa grupy wolontariuszy organizacji pozarz\u0105dowej &#8222;Majdan&#8221;.<\/p>\n<p>Wed\u0142ug niej, gdy zrobi\u0142o si\u0119 zimno, organizacja zaapelowa\u0142a do ko\u015bcio\u0142\u00f3w, aby pozwoli\u0142y Annie-Marii \u015bpiewa\u0107 w ko\u015bcio\u0142ach, a od jesieni 2022 roku dziewczyna organizuje koncerty charytatywne, kt\u00f3rym towarzyszy \u015bpiewanie i granie na bandurze.<\/p>\n<p><em>&#8222;Podczas naszej wsp\u00f3\u0142pracy Anna-Maria zebra\u0142a ponad dwa miliony hrywien dla wojska i na tym nie poprzestaje, zbi\u00f3rka trwa nadal. Dzisiaj odwiedzili mnie z mam\u0105, przekazujemy noktowizor, potem do raportu zrobili\u015bmy zdj\u0119cie z dziewczyn\u0105, a ch\u0142opaki z przodu odpowiednio wy\u015bl\u0105 filmik, z czego Anna-Maria jest bardzo zadowolona. W ko\u0144cu nie widzi zdj\u0119cia, ale s\u0142yszy s\u0142owa wdzi\u0119czno\u015bci, a to jest dla niej bardzo zach\u0119caj\u0105ce i motywuj\u0105ce. Teraz wsp\u00f3lnie zbieramy fundusze na drona dla przeciwlotniczych si\u0142 rakietowych&#8221;<\/em>\u2013 doda\u0142 kierownik grupy wolontariuszy.<\/p>\n<p>Organizacja pozarz\u0105dowa &#8222;Majdan&#8221; pomaga g\u0142\u00f3wnie obro\u0144com, kt\u00f3rzy zostali zmobilizowani lub zmobilizowani ze swojej wsp\u00f3lnoty terytorialnej, czyli ponad p\u00f3\u0142 tysi\u0105ca obro\u0144c\u00f3w, kt\u00f3rzy s\u0142u\u017c\u0105 w r\u00f3\u017cnych brygadach. Anna-Maria cz\u0119sto bierze udzia\u0142 w zbi\u00f3rkach pieni\u0119dzy, gdy zg\u0142aszaj\u0105 si\u0119 do niej inne organizacje lub wolontariusze. Zasadniczo pieni\u0105dze s\u0105 kierowane, na pro\u015bb\u0119 brygad, na bezza\u0142ogowe statki powietrzne, kamery termowizyjne, kr\u00f3tkofal\u00f3wki, samochody, ubrania i leki.<\/p>\n<p>Przypomnijmy, \u017ce podczas kol\u0119d na \u015bwi\u0119ta Bo\u017cego Narodzenia parafianie r\u00f3\u017cnych ko\u015bcio\u0142\u00f3w w obwodzie lwowskim zbierali pieni\u0105dze na Si\u0142y Zbrojne Ukrainy. W szczeg\u00f3lno\u015bci parafianie lwowskiego ko\u015bcio\u0142a przekazali Serhijowi Sternence 126 tys. hrywien. UAH dla dron\u00f3w FPV.<\/p>\n","protected":false},"excerpt":{"rendered":"<p>W latach 2022-2023 dziesi\u0119cioletnia niewidoma Anna-Maria Herman z obwodu lwowskiego zebra\u0142a ponad 2 mln hrywien dla ukrai\u0144skiego wojska, \u015bpiewaj\u0105c na ulicach i w ko\u015bcio\u0142ach. Zosta\u0142o to og\u0142oszone 11 stycznia przez &#8222;Ukrinform\u00bb. Dziewczyna pochodzi z Komarnego w obwodzie lwowskim. Zbi\u00f3rk\u0119 pieni\u0119dzy dla Si\u0142 Zbrojnych Ukrainy rozpocz\u0119\u0142a na pocz\u0105tku inwazji na pe\u0142n\u0105 skal\u0119 za po\u015brednictwem organizacji pozarz\u0105dowej [&hellip;]<\/p>\n","protected":false},"author":1,"featured_media":22100,"comment_status":"closed","ping_status":"closed","sticky":false,"template":"","format":"standard","meta":{"footnotes":""},"categories":[1],"tags":[],"class_list":["post-22099","post","type-post","status-publish","format-standard","has-post-thumbnail","hentry","category-wojna"],"_links":{"self":[{"href":"https:\/\/ruwar.org\/pl\/wp-json\/wp\/v2\/posts\/22099","targetHints":{"allow":["GET"]}}],"collection":[{"href":"https:\/\/ruwar.org\/pl\/wp-json\/wp\/v2\/posts"}],"about":[{"href":"https:\/\/ruwar.org\/pl\/wp-json\/wp\/v2\/types\/post"}],"author":[{"embeddable":true,"href":"https:\/\/ruwar.org\/pl\/wp-json\/wp\/v2\/users\/1"}],"replies":[{"embeddable":true,"href":"https:\/\/ruwar.org\/pl\/wp-json\/wp\/v2\/comments?post=22099"}],"version-history":[{"count":0,"href":"https:\/\/ruwar.org\/pl\/wp-json\/wp\/v2\/posts\/22099\/revisions"}],"wp:featuredmedia":[{"embeddable":true,"href":"https:\/\/ruwar.org\/pl\/wp-json\/wp\/v2\/media\/22100"}],"wp:attachment":[{"href":"https:\/\/ruwar.org\/pl\/wp-json\/wp\/v2\/media?parent=22099"}],"wp:term":[{"taxonomy":"category","embeddable":true,"href":"https:\/\/ruwar.org\/pl\/wp-json\/wp\/v2\/categories?post=22099"},{"taxonomy":"post_tag","embeddable":true,"href":"https:\/\/ruwar.org\/pl\/wp-json\/wp\/v2\/tags?post=22099"}],"curies":[{"name":"wp","href":"https:\/\/api.w.org\/{rel}","templated":true}]}}